{"id":11203,"date":"2013-01-04T13:00:09","date_gmt":"2013-01-04T16:00:09","guid":{"rendered":"http:\/\/www.24baires.com\/?p=11203"},"modified":"2013-01-04T16:00:57","modified_gmt":"2013-01-04T19:00:57","slug":"del-14-al-17-de-marzo-sera-la-fiesta-provincial-de-la-papa-en-comandante-nicanor-otamendi","status":"publish","type":"post","link":"https:\/\/www.24baires.com\/?p=11203","title":{"rendered":"Del 14 al 17 de marzo ser\u00e1 la Fiesta Provincial de la Papa en Comandante Nicanor Otamendi"},"content":{"rendered":"<p><a href=\"http:\/\/www.24baires.com\/sociedad\/11203-del-14-al-17-de-marzo-sera-la-fiesta-provincial-de-la-papa-en-comandante-nicanor-otamendi\/attachment\/fiesta-papa-desfile\/\" rel=\"attachment wp-att-11204\"><img data-recalc-dims=\"1\" loading=\"lazy\" decoding=\"async\" class=\"aligncenter size-full wp-image-11204\" alt=\"fiesta papa desfile\" src=\"https:\/\/i0.wp.com\/www.24baires.com\/wp-content\/uploads\/2013\/01\/fiesta-papa-desfile.jpg?resize=560%2C420\" width=\"560\" height=\"420\" srcset=\"https:\/\/i0.wp.com\/www.24baires.com\/wp-content\/uploads\/2013\/01\/fiesta-papa-desfile.jpg?w=560&amp;ssl=1 560w, https:\/\/i0.wp.com\/www.24baires.com\/wp-content\/uploads\/2013\/01\/fiesta-papa-desfile.jpg?resize=300%2C225&amp;ssl=1 300w\" sizes=\"auto, (max-width: 560px) 100vw, 560px\" \/><\/a><\/p>\n<p>La 36ta. Fiesta Provincial de la Papa tendr\u00e1 lugar entre el 14 y el 17 de marzo, en Comandante Nicanor Otamendi, con la organizaci\u00f3n del club C\u00edrculo Deportivo y esta vez, a diferencia del a\u00f1o pasado, las actividades se concentrar\u00e1n en esa semana, con dos acontecimientos que despiertan mucho inter\u00e9s: la muestra din\u00e1mica del viernes 15 y el cl\u00e1sico encuentro de productores del s\u00e1bado 16 a la ma\u00f1ana, y la tradicional elecci\u00f3n de la reina, que ser\u00e1 coronada el mismo s\u00e1bado 16 de marzo a la noche.<!--more--><\/p>\n<p>Comandante Nicanor Otamendi, como ocurre todos los a\u00f1os, se prepara con gran entusiasmo para recibir la nueva edici\u00f3n de la Fiesta Provincial de la Papa. Al igual que sucede desde que la fiesta fue recuperada en la d\u00e9cada pasada, las empresas vinculadas con el sector papero ya han comprometido su participaci\u00f3n y quieren asegurarse un lugar de privilegio para exponer sus productos y servicios, porque saben que la concurrencia de sus potenciales clientes ser\u00e1 masiva. Todos procurar\u00e1n mostrar sus ofertas en el transcurso de una celebraci\u00f3n que, felizmente, no ha perdido el ambiente familiar que siempre la caracteriz\u00f3.<\/p>\n<p>Volver\u00e1n a presentarse artistas de renombre y los organizadores trabajan a pleno para concretar n\u00fameros de relevancia y para todos los gustos, para cumplir con las expectativas de los asistentes. En ese aspecto, el cierre de la celebraci\u00f3n ser\u00e1 de jerarqu\u00eda y en los pr\u00f3ximos d\u00edas se confirmar\u00e1 a cargo de qui\u00e9n estar\u00e1.<\/p>\n<p>Nuevamente habr\u00e1 charlas t\u00e9cnicas en las que intervendr\u00e1n productores, profesionales y empresas relacionadas con el cultivo de la papa. Se dar\u00e1, tambi\u00e9n, el apoyo institucional, tanto del gobierno comunal como del provincial, y tambi\u00e9n del sector privado. En consecuencia, la edici\u00f3n 2013 de la Fiesta Provincial de la Papa promete espacios similares a los de a\u00f1os anteriores, siempre con el valioso aporte de la Direcci\u00f3n de Asuntos Agrarios de la provincia de Buenos Aires, como queda dicho de la Federaci\u00f3n Nacional de Productores de Papa (FENAPP), tambi\u00e9n de la municipalidad de General Alvarado, m\u00e1s los t\u00e9cnicos e investigadores de diversas estaciones experimentales del INTA, sobre todo la de Balcarce. Una vez m\u00e1s habr\u00e1 stands exteriores en la plaza principal de Otamendi y en sus alrededores. Y tambi\u00e9n se instalar\u00e1 una carpa en la calle de acceso, sobre la avenida principal.<\/p>\n<p>&nbsp;<\/p>\n<p>&nbsp;<\/p>\n<p>&nbsp;<\/p>\n","protected":false},"excerpt":{"rendered":"<p>La 36ta. Fiesta Provincial de la Papa tendr\u00e1 lugar entre el 14 y el 17 de marzo, en Comandante Nicanor Otamendi, con la organizaci\u00f3n del club C\u00edrculo Deportivo y esta vez, a diferencia del a\u00f1o pasado, las actividades se concentrar\u00e1n en esa semana, con dos acontecimientos que despiertan mucho inter\u00e9s: la muestra din\u00e1mica del viernes 15 y el cl\u00e1sico encuentro [&#8230;]<\/p>\n","protected":false},"author":11,"featured_media":0,"comment_status":"open","ping_status":"open","sticky":false,"template":"","format":"standard","meta":{"_jetpack_newsletter_access":"","_jetpack_dont_email_post_to_subs":false,"_jetpack_newsletter_tier_id":0,"_jetpack_memberships_contains_paywalled_content":false,"_jetpack_memberships_contains_paid_content":false,"footnotes":""},"categories":[1],"tags":[],"class_list":["post-11203","post","type-post","status-publish","format-standard","hentry","category-sociedad"],"jetpack_featured_media_url":"","jetpack_shortlink":"https:\/\/wp.me\/p2JWE0-2UH","jetpack-related-posts":[{"id":42795,"url":"https:\/\/www.24baires.com\/?p=42795","url_meta":{"origin":11203,"position":0},"title":"Recomiendan lugares para los viajeros de Semana Santa","author":"Grupo Sierra","date":"26\/03\/2014","format":false,"excerpt":"Distintos destinos del pa\u00eds ya ultiman detalles para el fin de semana largo de mediados de abril. Esperan romper r\u00e9cord de visitantes. Diversos destinos de la provincia de Buenos Ares recibieron este fin de semana un importante caudal de turistas y ya vislumbran las perspectivas para Semana Santa, donde habr\u00e1\u2026","rel":"","context":"En \u00abTurismo\u00bb","block_context":{"text":"Turismo","link":"https:\/\/www.24baires.com\/?cat=69"},"img":{"alt_text":"turismo CABA","src":"https:\/\/i0.wp.com\/www.24baires.com\/wp-content\/uploads\/2013\/03\/turismo-CABA.jpg?resize=350%2C200","width":350,"height":200,"srcset":"https:\/\/i0.wp.com\/www.24baires.com\/wp-content\/uploads\/2013\/03\/turismo-CABA.jpg?resize=350%2C200 1x, https:\/\/i0.wp.com\/www.24baires.com\/wp-content\/uploads\/2013\/03\/turismo-CABA.jpg?resize=525%2C300 1.5x"},"classes":[]},{"id":63376,"url":"https:\/\/www.24baires.com\/?p=63376","url_meta":{"origin":11203,"position":1},"title":"Se registra un gran nivel de reservas para el fin de semana largo en la Costa","author":"GB","date":"19\/03\/2015","format":false,"excerpt":"Los datos de la niveles la C\u00e1mara Hotelera y Gastron\u00f3mica y de operadores tur\u00edsticos locales estimaban entre del 85% y 90% en los establecimientos de mayor categor\u00eda en Mar del Plata y del 50% en los restantes. Un alto nivel de reservas hoteleras se registraba en ciudades de la costa\u2026","rel":"","context":"En \u00abTurismo\u00bb","block_context":{"text":"Turismo","link":"https:\/\/www.24baires.com\/?cat=69"},"img":{"alt_text":"turistas mar del plata","src":"https:\/\/i0.wp.com\/www.24baires.com\/wp-content\/uploads\/2015\/01\/turistas-mar-del-plata.jpg?resize=350%2C200","width":350,"height":200,"srcset":"https:\/\/i0.wp.com\/www.24baires.com\/wp-content\/uploads\/2015\/01\/turistas-mar-del-plata.jpg?resize=350%2C200 1x, https:\/\/i0.wp.com\/www.24baires.com\/wp-content\/uploads\/2015\/01\/turistas-mar-del-plata.jpg?resize=525%2C300 1.5x"},"classes":[]},{"id":12850,"url":"https:\/\/www.24baires.com\/?p=12850","url_meta":{"origin":11203,"position":2},"title":"Se largan los carnavales en la toda la Provincia","author":"Grupo Sierra","date":"19\/01\/2013","format":false,"excerpt":"Lincoln ser\u00e1 la \"vedette\", con la actuaci\u00f3n de artista de primer nivel como el 'Puma' Rodr\u00edguez, Coti, Axel y Dyango. En tanto, 25 de Mayo bailar\u00e1 al ritmo de las mejores comparsas y ser\u00e1 sede de la Fiesta Provincial del Carnaval. Tambi\u00e9n cuentan con nutrida actividad las ciudades de Olavarr\u00eda,\u2026","rel":"","context":"En \u00abSociedad\u00bb","block_context":{"text":"Sociedad","link":"https:\/\/www.24baires.com\/?cat=1"},"img":{"alt_text":"carnavales bonaerenses","src":"https:\/\/i0.wp.com\/www.24baires.com\/wp-content\/uploads\/2013\/01\/carnavales-bonaerenses.jpg?resize=350%2C200","width":350,"height":200,"srcset":"https:\/\/i0.wp.com\/www.24baires.com\/wp-content\/uploads\/2013\/01\/carnavales-bonaerenses.jpg?resize=350%2C200 1x, https:\/\/i0.wp.com\/www.24baires.com\/wp-content\/uploads\/2013\/01\/carnavales-bonaerenses.jpg?resize=525%2C300 1.5x"},"classes":[]},{"id":45662,"url":"https:\/\/www.24baires.com\/?p=45662","url_meta":{"origin":11203,"position":3},"title":"Bonaerenses se re\u00fanen en Quequ\u00e9n por el reconocimiento de nuevos municipios","author":"GB","date":"10\/05\/2014","format":false,"excerpt":"Se trata del tercer encuentro por los Pueblos Libres que realizan representantes de Quequ\u00e9n, Santa Clara del Mar, Barker\u2013Villa Cacique, Nicanor Otamendi, Huanguel\u00e9n y Gerli, entre otros. Uno de los temas a tratar es el \u201ccajoneo\u201d de la denominada Ley Marco, que fuera aprobada por el Senado en junio del\u2026","rel":"","context":"En \u00abMunicipios\u00bb","block_context":{"text":"Municipios","link":"https:\/\/www.24baires.com\/?cat=44"},"img":{"alt_text":"quequen","src":"https:\/\/i0.wp.com\/www.24baires.com\/wp-content\/uploads\/2014\/05\/quequen.jpg?resize=350%2C200","width":350,"height":200,"srcset":"https:\/\/i0.wp.com\/www.24baires.com\/wp-content\/uploads\/2014\/05\/quequen.jpg?resize=350%2C200 1x, https:\/\/i0.wp.com\/www.24baires.com\/wp-content\/uploads\/2014\/05\/quequen.jpg?resize=525%2C300 1.5x"},"classes":[]},{"id":61414,"url":"https:\/\/www.24baires.com\/?p=61414","url_meta":{"origin":11203,"position":4},"title":"Necochea: vecinos se movilizar\u00e1n pidiendo que la ruta 88 sea autopista","author":"AF","date":"07\/02\/2015","format":false,"excerpt":"Vecinos de Necochea y alrededores se movilizar\u00e1n el s\u00e1bado 14 de febrero para que la ruta 88 se transforme en autov\u00eda. La convocatoria contar\u00e1 con la presencia de habitantes de Miramar, Mechongu\u00e9, Necochea, Quequ\u00e9n, Lober\u00eda y Bat\u00e1n, as\u00ed como tambi\u00e9n grupos pertenecientes a la Uni\u00f3n de Usuarios Viales (UDUV). El\u2026","rel":"","context":"En \u00abLocales\u00bb","block_context":{"text":"Locales","link":"https:\/\/www.24baires.com\/?cat=38"},"img":{"alt_text":"","src":"","width":0,"height":0},"classes":[]},{"id":5269,"url":"https:\/\/www.24baires.com\/?p=5269","url_meta":{"origin":11203,"position":5},"title":"Solicitan la reparaci\u00f3n y un adecuado mantenimiento de la ruta provincial 88","author":"AF","date":"14\/11\/2012","format":false,"excerpt":"El diputado provincial, Alfredo Lazzeretti (PS-FAP) present\u00f3 un proyecto que insta al Poder Ejecutivo bonaerense para que, a trav\u00e9s de la Direcci\u00f3n Provincial de Vialidad dependiente del Ministerio de Infraestructura, establezca como obra prioritaria, a ser financiada por el Fondo Provincial de Vialidad de reciente creaci\u00f3n, la reparaci\u00f3n y acondicionamiento\u2026","rel":"","context":"En \u00abSociedad\u00bb","block_context":{"text":"Sociedad","link":"https:\/\/www.24baires.com\/?cat=1"},"img":{"alt_text":"","src":"https:\/\/i0.wp.com\/www.24baires.com\/wp-content\/uploads\/2012\/11\/lazzeretti-300x198.jpg?resize=350%2C200","width":350,"height":200},"classes":[]}],"jetpack_sharing_enabled":true,"jetpack_likes_enabled":true,"_links":{"self":[{"href":"https:\/\/www.24baires.com\/index.php?rest_route=\/wp\/v2\/posts\/11203","targetHints":{"allow":["GET"]}}],"collection":[{"href":"https:\/\/www.24baires.com\/index.php?rest_route=\/wp\/v2\/posts"}],"about":[{"href":"https:\/\/www.24baires.com\/index.php?rest_route=\/wp\/v2\/types\/post"}],"author":[{"embeddable":true,"href":"https:\/\/www.24baires.com\/index.php?rest_route=\/wp\/v2\/users\/11"}],"replies":[{"embeddable":true,"href":"https:\/\/www.24baires.com\/index.php?rest_route=%2Fwp%2Fv2%2Fcomments&post=11203"}],"version-history":[{"count":4,"href":"https:\/\/www.24baires.com\/index.php?rest_route=\/wp\/v2\/posts\/11203\/revisions"}],"predecessor-version":[{"id":11208,"href":"https:\/\/www.24baires.com\/index.php?rest_route=\/wp\/v2\/posts\/11203\/revisions\/11208"}],"wp:attachment":[{"href":"https:\/\/www.24baires.com\/index.php?rest_route=%2Fwp%2Fv2%2Fmedia&parent=11203"}],"wp:term":[{"taxonomy":"category","embeddable":true,"href":"https:\/\/www.24baires.com\/index.php?rest_route=%2Fwp%2Fv2%2Fcategories&post=11203"},{"taxonomy":"post_tag","embeddable":true,"href":"https:\/\/www.24baires.com\/index.php?rest_route=%2Fwp%2Fv2%2Ftags&post=11203"}],"curies":[{"name":"wp","href":"https:\/\/api.w.org\/{rel}","templated":true}]}}