{"id":112028,"date":"2019-09-10T20:47:48","date_gmt":"2019-09-10T23:47:48","guid":{"rendered":"http:\/\/www.24baires.com\/?p=112028"},"modified":"2019-09-10T20:47:48","modified_gmt":"2019-09-10T23:47:48","slug":"la-venta-de-autos-cayo-un-25","status":"publish","type":"post","link":"https:\/\/www.24baires.com\/?p=112028","title":{"rendered":"La venta de autos cay\u00f3 un 25%"},"content":{"rendered":"<p><img data-recalc-dims=\"1\" loading=\"lazy\" decoding=\"async\" src=\"https:\/\/i0.wp.com\/www.24baires.com\/wp-content\/uploads\/2019\/04\/automotrices.jpg?resize=560%2C373\" alt=\"\" width=\"560\" height=\"373\" class=\"aligncenter size-full wp-image-107743\" srcset=\"https:\/\/i0.wp.com\/www.24baires.com\/wp-content\/uploads\/2019\/04\/automotrices.jpg?w=560&amp;ssl=1 560w, https:\/\/i0.wp.com\/www.24baires.com\/wp-content\/uploads\/2019\/04\/automotrices.jpg?resize=300%2C200&amp;ssl=1 300w\" sizes=\"auto, (max-width: 560px) 100vw, 560px\" \/>Tras la devaluaci\u00f3n, los precios subieron hasta un 23%. A fin de agosto termin\u00f3 el plan con el que hab\u00eda quitas de impuestos y veh\u00edculos bonificados con el que buscaron reactivar a uno de los sectores m\u00e1s golpeados por la crisis econ\u00f3mica.<!--more--><\/p>\n<p>Los patentamientos de 0km est\u00e1n mostrando un retroceso de 25% en los primeros d\u00edas de septiembre respecto a igual per\u00edodo del a\u00f1o pasado. La baja coincide con el cese de los planes de<\/p>\n<p>La situaci\u00f3n en las concesionarias es muy dura. \u201cLa actividad cay\u00f3 muy fuerte este mes. Con el resultado de las PASO cambi\u00f3 el clima que algo hab\u00eda mejorado con el plan de descuentos que hab\u00eda lanzado el Gobierno. Pero las restricciones cambiarias, profundizaron el freno de la actividad\u201d, explicaron a \u00e1mbito.comdesde una concesionaria.<\/p>\n<p>La suba del d\u00f3lar que se produjo despu\u00e9s de las elecciones del 11 de agosto, golpearon al sector. Las terminales dispusieron desde esa semana nuevas subas de precios -en algunos casos hasta 23%- que pusieron a los 0km en niveles inaccesibles.<\/p>\n<p>Tomando el mercado de agosto pasado, la ca\u00edda de los primeros d\u00edas de septiembre es de 23,8%. Si bien todav\u00eda queda la mayor parte del mes para registrar veh\u00edculos, la expectativa es que el mercado cierre por debajo de las 35.000 unidades.<\/p>\n","protected":false},"excerpt":{"rendered":"<p>Tras la devaluaci\u00f3n, los precios subieron hasta un 23%. A fin de agosto termin\u00f3 el plan con el que hab\u00eda quitas de impuestos y veh\u00edculos bonificados con el que buscaron reactivar a uno de los sectores m\u00e1s golpeados por la crisis econ\u00f3mica.<\/p>\n","protected":false},"author":4,"featured_media":0,"comment_status":"open","ping_status":"open","sticky":false,"template":"","format":"standard","meta":{"_jetpack_newsletter_access":"","_jetpack_dont_email_post_to_subs":false,"_jetpack_newsletter_tier_id":0,"_jetpack_memberships_contains_paywalled_content":false,"_jetpack_memberships_contains_paid_content":false,"footnotes":""},"categories":[45],"tags":[],"class_list":["post-112028","post","type-post","status-publish","format-standard","hentry","category-economia"],"jetpack_featured_media_url":"","jetpack_shortlink":"https:\/\/wp.me\/p2JWE0-t8U","jetpack-related-posts":[{"id":105116,"url":"https:\/\/www.24baires.com\/?p=105116","url_meta":{"origin":112028,"position":0},"title":"La actividad econ\u00f3mica cay\u00f3 por quinto mes consecutivo","author":"AF","date":"25\/10\/2018","format":false,"excerpt":"El a\u00f1o pasado hab\u00eda crecido un 3,7 por ciento en ese mes. La actividad econ\u00f3mica fue golpeada principalmente por el parate en el sector industrial. La producci\u00f3n de bienes y servicios cay\u00f3 1,6% en agosto \u00faltimo, y sum\u00f3 el quinto mes consecutivo de indicadores negativos en la medici\u00f3n interanual, inform\u00f3\u2026","rel":"","context":"En \u00abEconom\u00eda\u00bb","block_context":{"text":"Econom\u00eda","link":"https:\/\/www.24baires.com\/?cat=45"},"img":{"alt_text":"","src":"https:\/\/i0.wp.com\/www.24baires.com\/wp-content\/uploads\/2018\/05\/industriales.jpg?resize=350%2C200","width":350,"height":200,"srcset":"https:\/\/i0.wp.com\/www.24baires.com\/wp-content\/uploads\/2018\/05\/industriales.jpg?resize=350%2C200 1x, https:\/\/i0.wp.com\/www.24baires.com\/wp-content\/uploads\/2018\/05\/industriales.jpg?resize=525%2C300 1.5x"},"classes":[]},{"id":112149,"url":"https:\/\/www.24baires.com\/?p=112149","url_meta":{"origin":112028,"position":1},"title":"Las concesionarias piden que se declare la emergencia automotriz","author":"AF","date":"19\/09\/2019","format":false,"excerpt":"Luego de que varias asociaciones de pymes reclamaran al Gobierno la declaraci\u00f3n de emergencia de las peque\u00f1as y medianas empresas, Acara solicitar\u00e1 beneficios impositivos y financieros, por lo menos, durante un a\u00f1o. La propuesta incluye a la maquinaria agr\u00edcola y vial. La asociaci\u00f3n que nuclea a las concesionarias (Acara) le\u2026","rel":"","context":"En \u00abSociedad\u00bb","block_context":{"text":"Sociedad","link":"https:\/\/www.24baires.com\/?cat=1"},"img":{"alt_text":"","src":"https:\/\/i0.wp.com\/www.24baires.com\/wp-content\/uploads\/2019\/04\/automotrices.jpg?resize=350%2C200","width":350,"height":200,"srcset":"https:\/\/i0.wp.com\/www.24baires.com\/wp-content\/uploads\/2019\/04\/automotrices.jpg?resize=350%2C200 1x, https:\/\/i0.wp.com\/www.24baires.com\/wp-content\/uploads\/2019\/04\/automotrices.jpg?resize=525%2C300 1.5x"},"classes":[]},{"id":105013,"url":"https:\/\/www.24baires.com\/?p=105013","url_meta":{"origin":112028,"position":2},"title":"Sin 0 kil\u00f3metro: en septiembre cayeron 51% los planes de ahorro automotor","author":"GB","date":"19\/10\/2018","format":false,"excerpt":"Los datos son brindados por ACARA, que inform\u00f3 tambi\u00e9n que el patentamiento de autos cay\u00f3 en 31%. Crece la preocupaci\u00f3n en la industria automotriz que tiene ociosa cerca de la mitad de su capacidad instalada. La recesi\u00f3n econ\u00f3mica se muestra de diferentes formas. Esta semana la Asociaci\u00f3n de Concesionarios Automotores\u2026","rel":"","context":"En \u00abEconom\u00eda\u00bb","block_context":{"text":"Econom\u00eda","link":"https:\/\/www.24baires.com\/?cat=45"},"img":{"alt_text":"","src":"https:\/\/i0.wp.com\/www.24baires.com\/wp-content\/uploads\/2015\/12\/autos-0km.jpg?resize=350%2C200","width":350,"height":200,"srcset":"https:\/\/i0.wp.com\/www.24baires.com\/wp-content\/uploads\/2015\/12\/autos-0km.jpg?resize=350%2C200 1x, https:\/\/i0.wp.com\/www.24baires.com\/wp-content\/uploads\/2015\/12\/autos-0km.jpg?resize=525%2C300 1.5x"},"classes":[]},{"id":113417,"url":"https:\/\/www.24baires.com\/?p=113417","url_meta":{"origin":112028,"position":3},"title":"Industria de las motos en alerta por el \u00abefecto Zanella\u00bb","author":"AF","date":"13\/12\/2019","format":false,"excerpt":"Advierten que el cierre de Zanella repercutir\u00e1 en en el cierre de concesionarios, empresas de proveedores y prestadores de servicios. El martes habr\u00e1 un encuentro entre el sector y el Gobierno. El sector de motoveh\u00edculos mantiene una profunda preocupaci\u00f3n por lo que llaman el \u201cefecto Zanella\u201d, luego de que la\u2026","rel":"","context":"En \u00abSociedad\u00bb","block_context":{"text":"Sociedad","link":"https:\/\/www.24baires.com\/?cat=1"},"img":{"alt_text":"","src":"https:\/\/i0.wp.com\/www.24baires.com\/wp-content\/uploads\/2019\/10\/zanella.jpg?resize=350%2C200","width":350,"height":200,"srcset":"https:\/\/i0.wp.com\/www.24baires.com\/wp-content\/uploads\/2019\/10\/zanella.jpg?resize=350%2C200 1x, https:\/\/i0.wp.com\/www.24baires.com\/wp-content\/uploads\/2019\/10\/zanella.jpg?resize=525%2C300 1.5x"},"classes":[]},{"id":107413,"url":"https:\/\/www.24baires.com\/?p=107413","url_meta":{"origin":112028,"position":4},"title":"Por el precio del d\u00f3lar suspenden ventas de autos a la espera de nuevos precios","author":"GB","date":"28\/03\/2019","format":false,"excerpt":"Las concesionarias esperan nuevas listas de precios de abril, con aumentos que pueden trepar otro 6%. La suba del d\u00f3lar impacta en toda la econom\u00eda y el sector automotor es uno de los m\u00e1s afectados ya que m\u00e1s del 70% de los autos que se venden en el pa\u00eds llegan\u2026","rel":"","context":"En \u00abEconom\u00eda\u00bb","block_context":{"text":"Econom\u00eda","link":"https:\/\/www.24baires.com\/?cat=45"},"img":{"alt_text":"","src":"https:\/\/i0.wp.com\/www.24baires.com\/wp-content\/uploads\/2014\/06\/auto.jpg?resize=350%2C200","width":350,"height":200,"srcset":"https:\/\/i0.wp.com\/www.24baires.com\/wp-content\/uploads\/2014\/06\/auto.jpg?resize=350%2C200 1x, https:\/\/i0.wp.com\/www.24baires.com\/wp-content\/uploads\/2014\/06\/auto.jpg?resize=525%2C300 1.5x"},"classes":[]},{"id":108564,"url":"https:\/\/www.24baires.com\/?p=108564","url_meta":{"origin":112028,"position":5},"title":"Macri lanza un plan para intentar revivir las ventas de autos","author":"GB","date":"04\/06\/2019","format":false,"excerpt":"Apremiado por la ca\u00edda de todos los indicadores econ\u00f3micos, el Gobierno destinar\u00e1 mil millones de pesos para incentivar las ventas en el sector automotriz. Ante la fuerte ca\u00edda en los patentamientos registrada en mayo (-56%) que se sum\u00f3 a las bajas registradas durante los 11 meses previos, el gobierno de\u2026","rel":"","context":"En \u00abEconom\u00eda\u00bb","block_context":{"text":"Econom\u00eda","link":"https:\/\/www.24baires.com\/?cat=45"},"img":{"alt_text":"","src":"https:\/\/i0.wp.com\/www.24baires.com\/wp-content\/uploads\/2015\/12\/autos-0km.jpg?resize=350%2C200","width":350,"height":200,"srcset":"https:\/\/i0.wp.com\/www.24baires.com\/wp-content\/uploads\/2015\/12\/autos-0km.jpg?resize=350%2C200 1x, https:\/\/i0.wp.com\/www.24baires.com\/wp-content\/uploads\/2015\/12\/autos-0km.jpg?resize=525%2C300 1.5x"},"classes":[]}],"jetpack_sharing_enabled":true,"jetpack_likes_enabled":true,"_links":{"self":[{"href":"https:\/\/www.24baires.com\/index.php?rest_route=\/wp\/v2\/posts\/112028","targetHints":{"allow":["GET"]}}],"collection":[{"href":"https:\/\/www.24baires.com\/index.php?rest_route=\/wp\/v2\/posts"}],"about":[{"href":"https:\/\/www.24baires.com\/index.php?rest_route=\/wp\/v2\/types\/post"}],"author":[{"embeddable":true,"href":"https:\/\/www.24baires.com\/index.php?rest_route=\/wp\/v2\/users\/4"}],"replies":[{"embeddable":true,"href":"https:\/\/www.24baires.com\/index.php?rest_route=%2Fwp%2Fv2%2Fcomments&post=112028"}],"version-history":[{"count":1,"href":"https:\/\/www.24baires.com\/index.php?rest_route=\/wp\/v2\/posts\/112028\/revisions"}],"predecessor-version":[{"id":112029,"href":"https:\/\/www.24baires.com\/index.php?rest_route=\/wp\/v2\/posts\/112028\/revisions\/112029"}],"wp:attachment":[{"href":"https:\/\/www.24baires.com\/index.php?rest_route=%2Fwp%2Fv2%2Fmedia&parent=112028"}],"wp:term":[{"taxonomy":"category","embeddable":true,"href":"https:\/\/www.24baires.com\/index.php?rest_route=%2Fwp%2Fv2%2Fcategories&post=112028"},{"taxonomy":"post_tag","embeddable":true,"href":"https:\/\/www.24baires.com\/index.php?rest_route=%2Fwp%2Fv2%2Ftags&post=112028"}],"curies":[{"name":"wp","href":"https:\/\/api.w.org\/{rel}","templated":true}]}}