{"id":112026,"date":"2019-09-10T19:30:05","date_gmt":"2019-09-10T22:30:05","guid":{"rendered":"http:\/\/www.24baires.com\/?p=112026"},"modified":"2019-09-10T19:44:24","modified_gmt":"2019-09-10T22:44:24","slug":"renovaron-el-programa-precios-cuidados-hasta-enero","status":"publish","type":"post","link":"https:\/\/www.24baires.com\/?p=112026","title":{"rendered":"Renovaron el programa \u00abPrecios Cuidados\u00bb hasta enero"},"content":{"rendered":"<p><img data-recalc-dims=\"1\" loading=\"lazy\" decoding=\"async\" src=\"https:\/\/i0.wp.com\/www.24baires.com\/wp-content\/uploads\/2018\/09\/precios-cuidados.jpg?resize=560%2C373\" alt=\"\" width=\"560\" height=\"373\" class=\"aligncenter size-full wp-image-104333\" srcset=\"https:\/\/i0.wp.com\/www.24baires.com\/wp-content\/uploads\/2018\/09\/precios-cuidados.jpg?w=560&amp;ssl=1 560w, https:\/\/i0.wp.com\/www.24baires.com\/wp-content\/uploads\/2018\/09\/precios-cuidados.jpg?resize=300%2C200&amp;ssl=1 300w\" sizes=\"auto, (max-width: 560px) 100vw, 560px\" \/>El acuerdo anterior hab\u00eda vencido el s\u00e1bado y se negoci\u00f3 hasta \u00faltimo momento.<!--more--><\/p>\n<p>El gobierno nacional anunci\u00f3 este martes por la tarde la renovaci\u00f3n del programa Precios Cuidados, con incrementos que rondan en promedio el 4,66% en comparaci\u00f3n con mayo, y que regir\u00e1 hasta enero. Se trata de una lista de 533 productos, de acuerdo con lo que anunci\u00f3 el secretario de Comercio Interior, Ignacio Werner.<\/p>\n<p>De acuerdo con fuentes consultadas por \u00c1mbito, las negociaciones entre el Gobierno y los empresarios se dilataron hasta \u00faltimo momento. El s\u00e1bado hab\u00eda vencido el acuerdo firmado en mayo y que constaba de 543 productos con un alza que rondaba el 4,91% en comparaci\u00f3n con la lista de enero.<\/p>\n<p>La inflaci\u00f3n acumulada desde mayo, cuando se rubric\u00f3 el anterior acuerdo, fue de 8%, excluyendo el precio de agosto que estuvo impactado por la devaluaci\u00f3n posterior a las PASO.<\/p>\n<p>Simult\u00e1neamente seguir\u00e1 vigente hasta octubre el plan Precios Esenciales, acordado en abril y que cuenta con 64 productos que mantienen sus valores a lo largo de seis meses.<\/p>\n","protected":false},"excerpt":{"rendered":"<p>El acuerdo anterior hab\u00eda vencido el s\u00e1bado y se negoci\u00f3 hasta \u00faltimo momento.<\/p>\n","protected":false},"author":4,"featured_media":0,"comment_status":"open","ping_status":"open","sticky":false,"template":"","format":"standard","meta":{"_jetpack_newsletter_access":"","_jetpack_dont_email_post_to_subs":false,"_jetpack_newsletter_tier_id":0,"_jetpack_memberships_contains_paywalled_content":false,"_jetpack_memberships_contains_paid_content":false,"footnotes":""},"categories":[45],"tags":[],"class_list":["post-112026","post","type-post","status-publish","format-standard","hentry","category-economia"],"jetpack_featured_media_url":"","jetpack_shortlink":"https:\/\/wp.me\/p2JWE0-t8S","jetpack-related-posts":[{"id":118426,"url":"https:\/\/www.24baires.com\/?p=118426","url_meta":{"origin":112026,"position":0},"title":"Vuelve Precios Cuidados","author":"GB","date":"07\/01\/2022","format":false,"excerpt":"Este viernes termina el congelamiento de precios y el Gobierno negocia con 100 empresas el relanzamiento del programa Precios Cuidados. El congelamiento de precios de consumo masivo termina este viernes, por lo que el Gobierno continuar\u00e1 con pol\u00edticas de regulaci\u00f3n, en l\u00ednea con el acuerdo de precios y salarios que\u2026","rel":"","context":"En \u00abEconom\u00eda\u00bb","block_context":{"text":"Econom\u00eda","link":"https:\/\/www.24baires.com\/?cat=45"},"img":{"alt_text":"","src":"https:\/\/i0.wp.com\/www.24baires.com\/wp-content\/uploads\/2018\/09\/precios-cuidados.jpg?resize=350%2C200","width":350,"height":200,"srcset":"https:\/\/i0.wp.com\/www.24baires.com\/wp-content\/uploads\/2018\/09\/precios-cuidados.jpg?resize=350%2C200 1x, https:\/\/i0.wp.com\/www.24baires.com\/wp-content\/uploads\/2018\/09\/precios-cuidados.jpg?resize=525%2C300 1.5x"},"classes":[]},{"id":112769,"url":"https:\/\/www.24baires.com\/?p=112769","url_meta":{"origin":112026,"position":1},"title":"Macri se va aumentando hasta el precio de Productos Esenciales","author":"AF","date":"29\/10\/2019","format":false,"excerpt":"Desde la administraci\u00f3n saliente aseguraron que se est\u00e1n negociando los nuevos t\u00e9rminos para que \"est\u00e9n disponibles hasta enero\". El programa de Productos esenciales, que congel\u00f3 los precios de 64 \u00edtems de la canasta b\u00e1sica, seguir\u00e1 al menos hasta enero de 2020 si llegan a buen puerto las negociaciones del Gobierno\u2026","rel":"","context":"En \u00abEconom\u00eda\u00bb","block_context":{"text":"Econom\u00eda","link":"https:\/\/www.24baires.com\/?cat=45"},"img":{"alt_text":"","src":"https:\/\/i0.wp.com\/www.24baires.com\/wp-content\/uploads\/2016\/12\/supermercado.jpg?resize=350%2C200","width":350,"height":200,"srcset":"https:\/\/i0.wp.com\/www.24baires.com\/wp-content\/uploads\/2016\/12\/supermercado.jpg?resize=350%2C200 1x, https:\/\/i0.wp.com\/www.24baires.com\/wp-content\/uploads\/2016\/12\/supermercado.jpg?resize=525%2C300 1.5x"},"classes":[]},{"id":91277,"url":"https:\/\/www.24baires.com\/?p=91277","url_meta":{"origin":112026,"position":2},"title":"El programa Precios Cuidados termina el 6 de enero","author":"GB","date":"02\/01\/2017","format":false,"excerpt":"La \u00faltima pr\u00f3rroga anunciada termina el viernes pr\u00f3ximo y, hasta el momento, el Gobierno no hizo anuncios al respecto. La lista incluye 530 productos de consumo b\u00e1sico y garantiza un precio accesible. La ca\u00edda del consumo no fue motivo suficiente para sostener el acuerdo que pretende garantizar el acceso a\u2026","rel":"","context":"En \u00abConsumidores\u00bb","block_context":{"text":"Consumidores","link":"https:\/\/www.24baires.com\/?cat=78"},"img":{"alt_text":"","src":"https:\/\/i0.wp.com\/www.24baires.com\/wp-content\/uploads\/2015\/02\/precios-cuidados.jpg?resize=350%2C200","width":350,"height":200,"srcset":"https:\/\/i0.wp.com\/www.24baires.com\/wp-content\/uploads\/2015\/02\/precios-cuidados.jpg?resize=350%2C200 1x, https:\/\/i0.wp.com\/www.24baires.com\/wp-content\/uploads\/2015\/02\/precios-cuidados.jpg?resize=525%2C300 1.5x"},"classes":[]},{"id":91364,"url":"https:\/\/www.24baires.com\/?p=91364","url_meta":{"origin":112026,"position":3},"title":"Extienden por cuatro meses m\u00e1s los Precios Cuidado, con subas del 3%","author":"AF","date":"05\/01\/2017","format":false,"excerpt":"El Gobierno negocia la ampliaci\u00f3n del plan, que vence este viernes en un contexto donde el Banco Central pronostica una inflaci\u00f3n de entre el 12 y el 17 por ciento. El plan Precios Cuidados vence este viernes y el Gobierno negocia una pr\u00f3rroga por otros cuatro meses, pero con un\u2026","rel":"","context":"En \u00abSociedad\u00bb","block_context":{"text":"Sociedad","link":"https:\/\/www.24baires.com\/?cat=1"},"img":{"alt_text":"","src":"https:\/\/i0.wp.com\/www.24baires.com\/wp-content\/uploads\/2015\/01\/precios-cuidados.jpg?resize=350%2C200","width":350,"height":200,"srcset":"https:\/\/i0.wp.com\/www.24baires.com\/wp-content\/uploads\/2015\/01\/precios-cuidados.jpg?resize=350%2C200 1x, https:\/\/i0.wp.com\/www.24baires.com\/wp-content\/uploads\/2015\/01\/precios-cuidados.jpg?resize=525%2C300 1.5x"},"classes":[]},{"id":113405,"url":"https:\/\/www.24baires.com\/?p=113405","url_meta":{"origin":112026,"position":4},"title":"El gobierno acord\u00f3 con supermercados una \u201clista navide\u00f1a\u201d y la pr\u00f3rroga de Precios Cuidados","author":"GB","date":"13\/12\/2019","format":false,"excerpt":"Tras encuentro entre las partes, adelantaron que conformar\u00e1n una \u201cmesa t\u00e9cnica\u201d que analice la conformaci\u00f3n de los precios El ministro de Desarrollo Productivo, Mat\u00edas Kulfas, acord\u00f3 con las principales cadenas de supermercados la elaboraci\u00f3n de una \u201clista navide\u00f1a\u201d con hasta seis productos a bajos precios y la extensi\u00f3n del programa\u2026","rel":"","context":"En \u00abEconom\u00eda\u00bb","block_context":{"text":"Econom\u00eda","link":"https:\/\/www.24baires.com\/?cat=45"},"img":{"alt_text":"","src":"https:\/\/i0.wp.com\/www.24baires.com\/wp-content\/uploads\/2018\/08\/supermercado.jpg?resize=350%2C200","width":350,"height":200,"srcset":"https:\/\/i0.wp.com\/www.24baires.com\/wp-content\/uploads\/2018\/08\/supermercado.jpg?resize=350%2C200 1x, https:\/\/i0.wp.com\/www.24baires.com\/wp-content\/uploads\/2018\/08\/supermercado.jpg?resize=525%2C300 1.5x"},"classes":[]},{"id":117642,"url":"https:\/\/www.24baires.com\/?p=117642","url_meta":{"origin":112026,"position":5},"title":"Lanzan una canasta de 120 productos a precios congelados para parar la inflaci\u00f3n","author":"GB","date":"30\/05\/2021","format":false,"excerpt":"El gobierno buscar\u00e1 ampliar la producci\u00f3n y la oferta de Pymes y Cooperativas del interior. El precio estar\u00eda \"impreso\" en el envase para garantizar el cumplimiento del programa. El gobierno nacional, a trav\u00e9s de la Secretaria de Comercio Interior, trabaja en nuevos acuerdos con empresarios nacionales del sectores de alimento\u2026","rel":"","context":"En \u00abLocales\u00bb","block_context":{"text":"Locales","link":"https:\/\/www.24baires.com\/?cat=38"},"img":{"alt_text":"","src":"https:\/\/i0.wp.com\/www.24baires.com\/wp-content\/uploads\/2020\/04\/supermercado.jpg?resize=350%2C200","width":350,"height":200,"srcset":"https:\/\/i0.wp.com\/www.24baires.com\/wp-content\/uploads\/2020\/04\/supermercado.jpg?resize=350%2C200 1x, https:\/\/i0.wp.com\/www.24baires.com\/wp-content\/uploads\/2020\/04\/supermercado.jpg?resize=525%2C300 1.5x"},"classes":[]}],"jetpack_sharing_enabled":true,"jetpack_likes_enabled":true,"_links":{"self":[{"href":"https:\/\/www.24baires.com\/index.php?rest_route=\/wp\/v2\/posts\/112026","targetHints":{"allow":["GET"]}}],"collection":[{"href":"https:\/\/www.24baires.com\/index.php?rest_route=\/wp\/v2\/posts"}],"about":[{"href":"https:\/\/www.24baires.com\/index.php?rest_route=\/wp\/v2\/types\/post"}],"author":[{"embeddable":true,"href":"https:\/\/www.24baires.com\/index.php?rest_route=\/wp\/v2\/users\/4"}],"replies":[{"embeddable":true,"href":"https:\/\/www.24baires.com\/index.php?rest_route=%2Fwp%2Fv2%2Fcomments&post=112026"}],"version-history":[{"count":1,"href":"https:\/\/www.24baires.com\/index.php?rest_route=\/wp\/v2\/posts\/112026\/revisions"}],"predecessor-version":[{"id":112027,"href":"https:\/\/www.24baires.com\/index.php?rest_route=\/wp\/v2\/posts\/112026\/revisions\/112027"}],"wp:attachment":[{"href":"https:\/\/www.24baires.com\/index.php?rest_route=%2Fwp%2Fv2%2Fmedia&parent=112026"}],"wp:term":[{"taxonomy":"category","embeddable":true,"href":"https:\/\/www.24baires.com\/index.php?rest_route=%2Fwp%2Fv2%2Fcategories&post=112026"},{"taxonomy":"post_tag","embeddable":true,"href":"https:\/\/www.24baires.com\/index.php?rest_route=%2Fwp%2Fv2%2Ftags&post=112026"}],"curies":[{"name":"wp","href":"https:\/\/api.w.org\/{rel}","templated":true}]}}