{"id":112000,"date":"2019-09-09T19:30:57","date_gmt":"2019-09-09T22:30:57","guid":{"rendered":"http:\/\/www.24baires.com\/?p=112000"},"modified":"2019-09-09T20:59:45","modified_gmt":"2019-09-09T23:59:45","slug":"estiman-una-inflacion-cercana-al-6","status":"publish","type":"post","link":"https:\/\/www.24baires.com\/?p=112000","title":{"rendered":"Estiman una inflaci\u00f3n cercana al 6%"},"content":{"rendered":"<p><img data-recalc-dims=\"1\" loading=\"lazy\" decoding=\"async\" src=\"https:\/\/i0.wp.com\/www.24baires.com\/wp-content\/uploads\/2018\/08\/supermercado.jpg?resize=560%2C313\" alt=\"\" width=\"560\" height=\"313\" class=\"aligncenter size-full wp-image-103910\" srcset=\"https:\/\/i0.wp.com\/www.24baires.com\/wp-content\/uploads\/2018\/08\/supermercado.jpg?w=560&amp;ssl=1 560w, https:\/\/i0.wp.com\/www.24baires.com\/wp-content\/uploads\/2018\/08\/supermercado.jpg?resize=300%2C168&amp;ssl=1 300w\" sizes=\"auto, (max-width: 560px) 100vw, 560px\" \/>Se trata de un relevamiento privado en base a 20 mil productos online de supermercados.<!--more--><\/p>\n<p>Mientras se espera el indice de inflaci\u00f3n de agosto del INDEC, desde el Centro de Estudios Econ\u00f3micos y Sociales Scalabrini Ortiz (CESO) publicaron su propio relevamiento en base al seguimiento de m\u00e1s de 20 mil precios de productos online, con una suba de precios del 5.9%.<\/p>\n<p>Seg\u00fan el \u00edndice de precios de supermercados del CESO, a principios de la primera semana de septiembre la inflaci\u00f3n fue del 2,3% en comparaci\u00f3n con la semana anterior, y del 5,9% en contraposici\u00f3n con el promedio de la primera semana de agosto, fruto de la devaluaci\u00f3n del 30%.<\/p>\n<p>En detalle, los encarecimientos mensuales m\u00e1s notables se registraron en los siguientes rubros:<\/p>\n<p>Video juegos (114%)<br \/>\nCalefones y termotanques (20%)<br \/>\nAlimentos Secos Az\u00facar y Edulcorantes (17%)<br \/>\nAlimentos Secos- Aceites (13%)<br \/>\nA su vez, estas son las bajas m\u00e1s sensibles:<\/p>\n<p>Alimentos secos-infusiones (-3,6%)<br \/>\nAlimentos Frescos-L\u00e1cteos (-1,9%)<\/p>\n","protected":false},"excerpt":{"rendered":"<p>Se trata de un relevamiento privado en base a 20 mil productos online de supermercados.<\/p>\n","protected":false},"author":4,"featured_media":0,"comment_status":"open","ping_status":"open","sticky":false,"template":"","format":"standard","meta":{"_jetpack_newsletter_access":"","_jetpack_dont_email_post_to_subs":false,"_jetpack_newsletter_tier_id":0,"_jetpack_memberships_contains_paywalled_content":false,"_jetpack_memberships_contains_paid_content":false,"footnotes":""},"categories":[45],"tags":[],"class_list":["post-112000","post","type-post","status-publish","format-standard","hentry","category-economia"],"jetpack_featured_media_url":"","jetpack_shortlink":"https:\/\/wp.me\/p2JWE0-t8s","jetpack-related-posts":[{"id":112902,"url":"https:\/\/www.24baires.com\/?p=112902","url_meta":{"origin":112000,"position":0},"title":"Los nuevos aumentos autorizados por Macri llevar\u00e1n el piso de la inflaci\u00f3n para 2019 al 54%","author":"AF","date":"07\/11\/2019","format":false,"excerpt":"As\u00ed lo adelant\u00f3 el Centro de Estudios Econ\u00f3micos y Sociales Scalabrini Ortiz (CESO) que anticip\u00f3 adem\u00e1s que en noviembre el aumento de precios se ubicar\u00eda en torno al 5%. El informe \"Ocho puntos sobre la econom\u00eda\" elaborado por el jefe de Gabinete, Marcos Pe\u00f1a y el ministro de Hacienda, Hern\u00e1n\u2026","rel":"","context":"En \u00abEconom\u00eda\u00bb","block_context":{"text":"Econom\u00eda","link":"https:\/\/www.24baires.com\/?cat=45"},"img":{"alt_text":"","src":"https:\/\/i0.wp.com\/www.24baires.com\/wp-content\/uploads\/2018\/08\/supermercado.jpg?resize=350%2C200","width":350,"height":200,"srcset":"https:\/\/i0.wp.com\/www.24baires.com\/wp-content\/uploads\/2018\/08\/supermercado.jpg?resize=350%2C200 1x, https:\/\/i0.wp.com\/www.24baires.com\/wp-content\/uploads\/2018\/08\/supermercado.jpg?resize=525%2C300 1.5x"},"classes":[]},{"id":112103,"url":"https:\/\/www.24baires.com\/?p=112103","url_meta":{"origin":112000,"position":1},"title":"Durante la primera semana de septiembre los precios subieron un 6,5%","author":"AF","date":"16\/09\/2019","format":false,"excerpt":"El Centro de Estudios Scalabrini Ortiz midi\u00f3 una aceleraci\u00f3n de las remarcaciones en lo que va del mes. La consultura Elypsis advriti\u00f3 que los alimentos aumentaron 10,5 por ciento desde las PASO. El descalabro cambiario registrado tras las elecciones primarias comienza a reflejarse con mayor intensidad en las g\u00f3ndolas. Durante\u2026","rel":"","context":"En \u00abSociedad\u00bb","block_context":{"text":"Sociedad","link":"https:\/\/www.24baires.com\/?cat=1"},"img":{"alt_text":"","src":"https:\/\/i0.wp.com\/www.24baires.com\/wp-content\/uploads\/2013\/03\/supermercado2.jpg?resize=350%2C200","width":350,"height":200,"srcset":"https:\/\/i0.wp.com\/www.24baires.com\/wp-content\/uploads\/2013\/03\/supermercado2.jpg?resize=350%2C200 1x, https:\/\/i0.wp.com\/www.24baires.com\/wp-content\/uploads\/2013\/03\/supermercado2.jpg?resize=525%2C300 1.5x"},"classes":[]},{"id":18561,"url":"https:\/\/www.24baires.com\/?p=18561","url_meta":{"origin":112000,"position":2},"title":"Extender\u00e1n por dos meses m\u00e1s el acuerdo de precios","author":"AF","date":"16\/03\/2013","format":false,"excerpt":"Durante la reuni\u00f3n del viernes del secretario de Comercio Interior, Guillermo Moreno, con los sectores del consumo, el funcionario adelant\u00f3 que el acuerdo de precios se extender\u00e1 entre 8 y 10 semanas m\u00e1s luego de su vencimiento el 31 de marzo. El acuerdo de precios suscripto entre el Gobierno y\u2026","rel":"","context":"En \u00abEconom\u00eda\u00bb","block_context":{"text":"Econom\u00eda","link":"https:\/\/www.24baires.com\/?cat=45"},"img":{"alt_text":"supermercado","src":"https:\/\/i0.wp.com\/www.24baires.com\/wp-content\/uploads\/2013\/02\/supermercado.jpg?resize=350%2C200","width":350,"height":200},"classes":[]},{"id":114279,"url":"https:\/\/www.24baires.com\/?p=114279","url_meta":{"origin":112000,"position":3},"title":"Privados estiman que la inflaci\u00f3n de febrero seguir\u00e1 siendo alta","author":"GB","date":"03\/03\/2020","format":false,"excerpt":"La consultora Orlando Ferreres & Asociadosdel estima que la inflaci\u00f3n en los productos de la Canasta B\u00e1sica subieron a mayor ritmo. De cara a la presentaci\u00f3n del nuevo informe del Instituto Nacional de Estad\u00edsticas y Censos (INDEC) donde se conocer\u00e1 la inflaci\u00f3n de febrero, la consultora Orlando Ferreres & Asociados,\u2026","rel":"","context":"En \u00abEconom\u00eda\u00bb","block_context":{"text":"Econom\u00eda","link":"https:\/\/www.24baires.com\/?cat=45"},"img":{"alt_text":"","src":"https:\/\/i0.wp.com\/www.24baires.com\/wp-content\/uploads\/2018\/08\/supermercado.jpg?resize=350%2C200","width":350,"height":200,"srcset":"https:\/\/i0.wp.com\/www.24baires.com\/wp-content\/uploads\/2018\/08\/supermercado.jpg?resize=350%2C200 1x, https:\/\/i0.wp.com\/www.24baires.com\/wp-content\/uploads\/2018\/08\/supermercado.jpg?resize=525%2C300 1.5x"},"classes":[]},{"id":108265,"url":"https:\/\/www.24baires.com\/?p=108265","url_meta":{"origin":112000,"position":4},"title":"Ni viajes ni electrodom\u00e9sticos: el az\u00facar fue el producto m\u00e1s vendido durante el hot sale","author":"GB","date":"20\/05\/2019","format":false,"excerpt":"Seg\u00fan un relevamiento realizado por Mercado Libre y D\u00eda% sobre las ventas durante los d\u00edas de descuentos online, el rubro de alimentos y bebidas encabez\u00f3 la demanda de los consumidores. El producto que tuvo m\u00e1s nivel de venta por unidad fue el az\u00facar Ledesma seguido de yerba y arroz. La\u2026","rel":"","context":"En \u00abConsumidores\u00bb","block_context":{"text":"Consumidores","link":"https:\/\/www.24baires.com\/?cat=78"},"img":{"alt_text":"","src":"https:\/\/i0.wp.com\/www.24baires.com\/wp-content\/uploads\/2019\/05\/alimentos.jpg?resize=350%2C200","width":350,"height":200,"srcset":"https:\/\/i0.wp.com\/www.24baires.com\/wp-content\/uploads\/2019\/05\/alimentos.jpg?resize=350%2C200 1x, https:\/\/i0.wp.com\/www.24baires.com\/wp-content\/uploads\/2019\/05\/alimentos.jpg?resize=525%2C300 1.5x"},"classes":[]},{"id":101964,"url":"https:\/\/www.24baires.com\/?p=101964","url_meta":{"origin":112000,"position":5},"title":"La corrida del d\u00f3lar ya impact\u00f3 en los alimentos y aumentaron un 6%","author":"GB","date":"04\/05\/2018","format":false,"excerpt":"Los supermercados y la industria alimenticia fueron los primeros en acelerar la remarcaci\u00f3n de precios la cual alcanza hasta un 6% en el cierre de la semana. Unilever, Arcor, Swift y Menoyo fueron los encargados de salir a aplicar los primeros aumentos en los precios de sus productos. La escalada\u2026","rel":"","context":"En \u00abConsumidores\u00bb","block_context":{"text":"Consumidores","link":"https:\/\/www.24baires.com\/?cat=78"},"img":{"alt_text":"","src":"https:\/\/i0.wp.com\/www.24baires.com\/wp-content\/uploads\/2017\/07\/fila-supermercado.jpg?resize=350%2C200","width":350,"height":200,"srcset":"https:\/\/i0.wp.com\/www.24baires.com\/wp-content\/uploads\/2017\/07\/fila-supermercado.jpg?resize=350%2C200 1x, https:\/\/i0.wp.com\/www.24baires.com\/wp-content\/uploads\/2017\/07\/fila-supermercado.jpg?resize=525%2C300 1.5x"},"classes":[]}],"jetpack_sharing_enabled":true,"jetpack_likes_enabled":true,"_links":{"self":[{"href":"https:\/\/www.24baires.com\/index.php?rest_route=\/wp\/v2\/posts\/112000","targetHints":{"allow":["GET"]}}],"collection":[{"href":"https:\/\/www.24baires.com\/index.php?rest_route=\/wp\/v2\/posts"}],"about":[{"href":"https:\/\/www.24baires.com\/index.php?rest_route=\/wp\/v2\/types\/post"}],"author":[{"embeddable":true,"href":"https:\/\/www.24baires.com\/index.php?rest_route=\/wp\/v2\/users\/4"}],"replies":[{"embeddable":true,"href":"https:\/\/www.24baires.com\/index.php?rest_route=%2Fwp%2Fv2%2Fcomments&post=112000"}],"version-history":[{"count":1,"href":"https:\/\/www.24baires.com\/index.php?rest_route=\/wp\/v2\/posts\/112000\/revisions"}],"predecessor-version":[{"id":112002,"href":"https:\/\/www.24baires.com\/index.php?rest_route=\/wp\/v2\/posts\/112000\/revisions\/112002"}],"wp:attachment":[{"href":"https:\/\/www.24baires.com\/index.php?rest_route=%2Fwp%2Fv2%2Fmedia&parent=112000"}],"wp:term":[{"taxonomy":"category","embeddable":true,"href":"https:\/\/www.24baires.com\/index.php?rest_route=%2Fwp%2Fv2%2Fcategories&post=112000"},{"taxonomy":"post_tag","embeddable":true,"href":"https:\/\/www.24baires.com\/index.php?rest_route=%2Fwp%2Fv2%2Ftags&post=112000"}],"curies":[{"name":"wp","href":"https:\/\/api.w.org\/{rel}","templated":true}]}}