{"id":111946,"date":"2019-09-05T12:05:39","date_gmt":"2019-09-05T15:05:39","guid":{"rendered":"http:\/\/www.24baires.com\/?p=111946"},"modified":"2019-09-05T12:05:39","modified_gmt":"2019-09-05T15:05:39","slug":"la-produccion-y-las-exportaciones-se-contrajeron-mas-del-30-en-agosto","status":"publish","type":"post","link":"https:\/\/www.24baires.com\/?p=111946","title":{"rendered":"La producci\u00f3n y las exportaciones se contrajeron m\u00e1s del 30% en agosto"},"content":{"rendered":"<p><img data-recalc-dims=\"1\" loading=\"lazy\" decoding=\"async\" src=\"https:\/\/i0.wp.com\/www.24baires.com\/wp-content\/uploads\/2014\/06\/prod-autos.jpg?resize=300%2C199\" alt=\"\" width=\"300\" height=\"199\" class=\"alignleft size-medium wp-image-48854\" srcset=\"https:\/\/i0.wp.com\/www.24baires.com\/wp-content\/uploads\/2014\/06\/prod-autos.jpg?resize=300%2C199&amp;ssl=1 300w, https:\/\/i0.wp.com\/www.24baires.com\/wp-content\/uploads\/2014\/06\/prod-autos.jpg?w=510&amp;ssl=1 510w\" sizes=\"auto, (max-width: 300px) 100vw, 300px\" \/>Son datos de la Asociaci\u00f3n de Fabricantes de Automotores (ADEFA) que grafican la crisis de la industria que parece no tener techo. Se fabricaron poco m\u00e1s de 30.800 unidades, frente a las m\u00e1s de 49.000 de agosto de 2018.<!--more--><\/p>\n<p>Una vez m\u00e1s, n\u00fameros rojos para la industria automotriz. Es que la Asociaci\u00f3n de Fabricantes de Automotores (ADEFA) volvi\u00f3 a desplomarse en el mes de agosto y ni las exportaciones logran levantarla.<\/p>\n<p>M\u00e1s precisamente, la producci\u00f3n de veh\u00edculos registr\u00f3 una ca\u00edda del 37% interanual, mientras que las exportaciones se contrajeron cerca de un 33%.<\/p>\n<p>Seg\u00fan datos de ADEFA, el mes pasado se fabricaron poco m\u00e1s de 30.800 unidades, frente a las m\u00e1s de 49.000 de agosto de 2018. En detalle: se dejaron de producir varios modelos, porque el principal cliente, Brasil, est\u00e1 dejando de demandar veh\u00edculos sedanes.<\/p>\n<p>Por su parte, el acumulado de los primeros ocho meses del a\u00f1o registra cerca de 213.600 unidades, con una baja del 36 por ciento. Y se trata de doce meses con tasas negativas.<\/p>\n<p>Cabe destacar que en agosto se despacharon al exterior 18.856 veh\u00edculos, lo que implic\u00f3 un derrumbe interanual de casi 33%. Y en lo que va del a\u00f1o, el pa\u00eds vecino import\u00f3 96.200 veh\u00edculos desde la Argentina, unos 28.700 menos que en igual per\u00edodo del a\u00f1o pasado<\/p>\n<p>Por otro lado, hay que recordar que seg\u00fan datos oficiales del Instituto Nacional de Estad\u00edsticas y Censos (INDEC), la utilizaci\u00f3n de la capacidad instalada en la industria se ubic\u00f3 en el 59,1% en el sexto mes del a\u00f1o, nivel inferior al registrado en el mismo mes de 2018 cuando se registr\u00f3 un 61,8%.  Un cuadro recesivo que se profundiza.<\/p>\n","protected":false},"excerpt":{"rendered":"<p>Son datos de la Asociaci\u00f3n de Fabricantes de Automotores (ADEFA) que grafican la crisis de la industria que parece no tener techo. Se fabricaron poco m\u00e1s de 30.800 unidades, frente a las m\u00e1s de 49.000 de agosto de 2018.<\/p>\n","protected":false},"author":8,"featured_media":0,"comment_status":"open","ping_status":"open","sticky":false,"template":"","format":"standard","meta":{"_jetpack_newsletter_access":"","_jetpack_dont_email_post_to_subs":false,"_jetpack_newsletter_tier_id":0,"_jetpack_memberships_contains_paywalled_content":false,"_jetpack_memberships_contains_paid_content":false,"footnotes":""},"categories":[45],"tags":[],"class_list":["post-111946","post","type-post","status-publish","format-standard","hentry","category-economia"],"jetpack_featured_media_url":"","jetpack_shortlink":"https:\/\/wp.me\/p2JWE0-t7A","jetpack-related-posts":[{"id":32946,"url":"https:\/\/www.24baires.com\/?p=32946","url_meta":{"origin":111946,"position":0},"title":"La producci\u00f3n de autos aument\u00f3 casi un 5%","author":"GB","date":"03\/10\/2013","format":false,"excerpt":"La producci\u00f3n nacional de autom\u00f3viles sum\u00f3 en septiembre 71.928 unidades, con un crecimiento del 4,7% respecto al mismo per\u00edodo de 2012 y un avance acumulado de 11,4% en los primeros nueve meses del a\u00f1o, seg\u00fan la Asociaci\u00f3n de Fabricantes de Automotores (Adefa). Los datos fueron suministrados hoy por la Asociaci\u00f3n\u2026","rel":"","context":"En \u00abEconom\u00eda\u00bb","block_context":{"text":"Econom\u00eda","link":"https:\/\/www.24baires.com\/?cat=45"},"img":{"alt_text":"autos","src":"https:\/\/i0.wp.com\/www.24baires.com\/wp-content\/uploads\/2013\/10\/autos-300x199.jpg?resize=350%2C200","width":350,"height":200},"classes":[]},{"id":11226,"url":"https:\/\/www.24baires.com\/?p=11226","url_meta":{"origin":111946,"position":1},"title":"La producci\u00f3n de autos creci\u00f3 un 16 por ciento en diciembre","author":"Grupo Sierra","date":"04\/01\/2013","format":false,"excerpt":"Lo inform\u00f3 la Asociaci\u00f3n de F\u00e1bricas de Automotores, que precis\u00f3 que en el \u00faltimo mes de 2012 la producci\u00f3n alcanz\u00f3 las 61.023 unidades. En tanto, las ventas a concesionarios se ubicaron en las 88.323 unidades en el \u00faltimo mes del 2012, lo que arroja un 6,6 por ciento m\u00e1s respecto\u2026","rel":"","context":"En \u00abEconom\u00eda\u00bb","block_context":{"text":"Econom\u00eda","link":"https:\/\/www.24baires.com\/?cat=45"},"img":{"alt_text":"","src":"","width":0,"height":0},"classes":[]},{"id":104761,"url":"https:\/\/www.24baires.com\/?p=104761","url_meta":{"origin":111946,"position":2},"title":"La producci\u00f3n de autos se desplom\u00f3 un 20,6%","author":"AF","date":"03\/10\/2018","format":false,"excerpt":"La recesi\u00f3n se profundiza y se siente con especial fuerza en la industria, el sector en el que se destruy\u00f3 la mayor cantidad de empleos en los casi tres a\u00f1os de gesti\u00f3n de Mauricio Macri. La producci\u00f3n de autos cay\u00f3 un 20,6% interanual en septiembre, pero las exportaciones crecieron 13,5%\u2026","rel":"","context":"En \u00abEconom\u00eda\u00bb","block_context":{"text":"Econom\u00eda","link":"https:\/\/www.24baires.com\/?cat=45"},"img":{"alt_text":"","src":"https:\/\/i0.wp.com\/www.24baires.com\/wp-content\/uploads\/2014\/06\/auto.jpg?resize=350%2C200","width":350,"height":200,"srcset":"https:\/\/i0.wp.com\/www.24baires.com\/wp-content\/uploads\/2014\/06\/auto.jpg?resize=350%2C200 1x, https:\/\/i0.wp.com\/www.24baires.com\/wp-content\/uploads\/2014\/06\/auto.jpg?resize=525%2C300 1.5x"},"classes":[]},{"id":14750,"url":"https:\/\/www.24baires.com\/?p=14750","url_meta":{"origin":111946,"position":3},"title":"En enero creci\u00f3 un 5% la producci\u00f3n de autos","author":"AF","date":"05\/02\/2013","format":false,"excerpt":"La producci\u00f3n nacional de veh\u00edculos alcanz\u00f3 en enero las 44.061 unidades, seg\u00fan el primer informe del a\u00f1o de la Asociaci\u00f3n de F\u00e1bricas de Automotores (Adefa). Represent\u00f3 un incremento del 4,9 por ciento respecto del mismo mes de 2012, seg\u00fan el primer informe del a\u00f1o de la Asociaci\u00f3n de F\u00e1bricas de\u2026","rel":"","context":"En \u00abEconom\u00eda\u00bb","block_context":{"text":"Econom\u00eda","link":"https:\/\/www.24baires.com\/?cat=45"},"img":{"alt_text":"f\u00e1brica autos","src":"https:\/\/i0.wp.com\/www.24baires.com\/wp-content\/uploads\/2013\/02\/f%C3%A1brica-autos-300x200.jpg?resize=350%2C200","width":350,"height":200},"classes":[]},{"id":108588,"url":"https:\/\/www.24baires.com\/?p=108588","url_meta":{"origin":111946,"position":4},"title":"En mayo, se produjeron casi 800 autos menos por d\u00eda respecto a 2018","author":"AF","date":"05\/06\/2019","format":false,"excerpt":"En lo que va del a\u00f1o, se produjeron 65.969 unidades menos. La merma es del 35,3%. La producci\u00f3n automotriz registr\u00f3 en mayo una nueva ca\u00edda de 0,05% respecto a abril y alcanz\u00f3 una baja de 35,3% en el volumen respecto al mismo mes de 2018. As\u00ed lo inform\u00f3 este mi\u00e9rcoles\u2026","rel":"","context":"En \u00abEconom\u00eda\u00bb","block_context":{"text":"Econom\u00eda","link":"https:\/\/www.24baires.com\/?cat=45"},"img":{"alt_text":"","src":"https:\/\/i0.wp.com\/www.24baires.com\/wp-content\/uploads\/2019\/03\/automotriz.jpg?resize=350%2C200","width":350,"height":200,"srcset":"https:\/\/i0.wp.com\/www.24baires.com\/wp-content\/uploads\/2019\/03\/automotriz.jpg?resize=350%2C200 1x, https:\/\/i0.wp.com\/www.24baires.com\/wp-content\/uploads\/2019\/03\/automotriz.jpg?resize=525%2C300 1.5x"},"classes":[]},{"id":29583,"url":"https:\/\/www.24baires.com\/?p=29583","url_meta":{"origin":111946,"position":5},"title":"Creci\u00f3 9,1% la fabricaci\u00f3n y 37,9% la exportaci\u00f3n de autos nacionales","author":"Grupo Sierra","date":"05\/08\/2013","format":false,"excerpt":"La producci\u00f3n nacional de veh\u00edculos alcanz\u00f3 en julio las 71.895 unidades, con lo cual registr\u00f3 un crecimiento interanual del 9,1%. Las exportaciones, en tanto, tuvieron un aumento de 37,9%. inform\u00f3 Adefa. Adem\u00e1s, la producci\u00f3n aument\u00f3 un 13,3 por ciento frente a junio pasado, inform\u00f3 hoy la Asociaci\u00f3n de F\u00e1bricas de\u2026","rel":"","context":"En \u00abEconom\u00eda\u00bb","block_context":{"text":"Econom\u00eda","link":"https:\/\/www.24baires.com\/?cat=45"},"img":{"alt_text":"","src":"","width":0,"height":0},"classes":[]}],"jetpack_sharing_enabled":true,"jetpack_likes_enabled":true,"_links":{"self":[{"href":"https:\/\/www.24baires.com\/index.php?rest_route=\/wp\/v2\/posts\/111946","targetHints":{"allow":["GET"]}}],"collection":[{"href":"https:\/\/www.24baires.com\/index.php?rest_route=\/wp\/v2\/posts"}],"about":[{"href":"https:\/\/www.24baires.com\/index.php?rest_route=\/wp\/v2\/types\/post"}],"author":[{"embeddable":true,"href":"https:\/\/www.24baires.com\/index.php?rest_route=\/wp\/v2\/users\/8"}],"replies":[{"embeddable":true,"href":"https:\/\/www.24baires.com\/index.php?rest_route=%2Fwp%2Fv2%2Fcomments&post=111946"}],"version-history":[{"count":1,"href":"https:\/\/www.24baires.com\/index.php?rest_route=\/wp\/v2\/posts\/111946\/revisions"}],"predecessor-version":[{"id":111947,"href":"https:\/\/www.24baires.com\/index.php?rest_route=\/wp\/v2\/posts\/111946\/revisions\/111947"}],"wp:attachment":[{"href":"https:\/\/www.24baires.com\/index.php?rest_route=%2Fwp%2Fv2%2Fmedia&parent=111946"}],"wp:term":[{"taxonomy":"category","embeddable":true,"href":"https:\/\/www.24baires.com\/index.php?rest_route=%2Fwp%2Fv2%2Fcategories&post=111946"},{"taxonomy":"post_tag","embeddable":true,"href":"https:\/\/www.24baires.com\/index.php?rest_route=%2Fwp%2Fv2%2Ftags&post=111946"}],"curies":[{"name":"wp","href":"https:\/\/api.w.org\/{rel}","templated":true}]}}