{"id":111942,"date":"2019-09-05T11:00:22","date_gmt":"2019-09-05T14:00:22","guid":{"rendered":"http:\/\/www.24baires.com\/?p=111942"},"modified":"2019-09-05T08:40:57","modified_gmt":"2019-09-05T11:40:57","slug":"el-gobierno-permitira-que-empresas-energeticas-no-inviertan","status":"publish","type":"post","link":"https:\/\/www.24baires.com\/?p=111942","title":{"rendered":"El Gobierno permitir\u00e1 que empresas energ\u00e9ticas no inviertan"},"content":{"rendered":"<p><img data-recalc-dims=\"1\" loading=\"lazy\" decoding=\"async\" src=\"https:\/\/i0.wp.com\/www.24baires.com\/wp-content\/uploads\/2016\/05\/electricidad.jpg?resize=560%2C307\" alt=\"\" width=\"560\" height=\"307\" class=\"aligncenter size-full wp-image-83339\" srcset=\"https:\/\/i0.wp.com\/www.24baires.com\/wp-content\/uploads\/2016\/05\/electricidad.jpg?w=560&amp;ssl=1 560w, https:\/\/i0.wp.com\/www.24baires.com\/wp-content\/uploads\/2016\/05\/electricidad.jpg?resize=300%2C164&amp;ssl=1 300w\" sizes=\"auto, (max-width: 560px) 100vw, 560px\" \/>Lo confirmaron en un decreto publicado en el Bolet\u00edn Oficial con el argumento de lograr \u00abel mantenimiento de la ecuaci\u00f3n econ\u00f3mico financiera de los contratos de licencia\u00bb, a ra\u00edz de la imposibilidad de subsidiar a las distribuidoras de gas y electricidad sin comprometer las metas fiscales. <!--more--><\/p>\n<p>El gobierno nacional public\u00f3 este martes un decreto en el Bolet\u00edn Oficial en el que autoriza a empresas energ\u00e9ticas a recortar inversiones en el pa\u00eds por el congelamiento de tarifas. Aseguran que es una medida para lograr \u00abel mantenimiento de la ecuaci\u00f3n econ\u00f3mico financiera de los contratos de licencia\u00bb.<\/p>\n<p>\u00abEl Estado Nacional se encuentra llevando adelante un programa de convergencia al equilibrio fiscal que le impide, en esta oportunidad, hacer frente a la compensaci\u00f3n que implicar\u00e1 el diferimiento de tal ajuste\u00bb, admite el Gobierno en la publicaci\u00f3n. <\/p>\n<p>De esta manera, la Casa Rosada admite que permite que las empresas de luz y gas no inviertan porque no quieren incumplir a un m\u00e1s las metas fiscales comprometidas con el FMI. <\/p>\n<p>Cabe destacar que las mismas ya fracasaron y por eso est\u00e1 en duda que el Fondo Monetario Internacional realice el \u00faltimo desembolso de m\u00e1s de 5 mil millones de d\u00f3lares, previsto para este mes. <\/p>\n<p>\u00abLa v\u00eda m\u00e1s apta consiste en la readecuaci\u00f3n de las obligaciones de las licenciatarias de transporte y distribuci\u00f3n de gas, esencialmente aquellas que impliquen inversiones obligatorias a su cargo, sin que ello afecte en modo alguno sus obligaciones frente a los usuarios abastecidos\u00bb, insiste el decreto.<\/p>\n","protected":false},"excerpt":{"rendered":"<p>Lo confirmaron en un decreto publicado en el Bolet\u00edn Oficial con el argumento de lograr \u00abel mantenimiento de la ecuaci\u00f3n econ\u00f3mico financiera de los contratos de licencia\u00bb, a ra\u00edz de la imposibilidad de subsidiar a las distribuidoras de gas y electricidad sin comprometer las metas fiscales.<\/p>\n","protected":false},"author":8,"featured_media":0,"comment_status":"open","ping_status":"open","sticky":false,"template":"","format":"standard","meta":{"_jetpack_newsletter_access":"","_jetpack_dont_email_post_to_subs":false,"_jetpack_newsletter_tier_id":0,"_jetpack_memberships_contains_paywalled_content":false,"_jetpack_memberships_contains_paid_content":false,"footnotes":""},"categories":[45],"tags":[],"class_list":["post-111942","post","type-post","status-publish","format-standard","hentry","category-economia"],"jetpack_featured_media_url":"","jetpack_shortlink":"https:\/\/wp.me\/p2JWE0-t7w","jetpack-related-posts":[{"id":120776,"url":"https:\/\/www.24baires.com\/?p=120776","url_meta":{"origin":111942,"position":0},"title":"Se public\u00f3 en el bolet\u00edn oficial el mega decreto de Milei que desregula la econom\u00eda","author":"GB","date":"21\/12\/2023","format":false,"excerpt":"\"Decl\u00e1rase la emergencia p\u00fablica en materia econ\u00f3mica, financiera, fiscal, administrativa, previsional, tarifaria, sanitaria y social hasta el 31 de diciembre de 2025\", dice el art\u00edculo 1 de la norma que fue publicada en el Bolet\u00edn Oficial. El gobierno del presidente Javier Milei decret\u00f3 la \"emergencia p\u00fablica\" en materia econ\u00f3mica, financiera,\u2026","rel":"","context":"En \u00abEconom\u00eda\u00bb","block_context":{"text":"Econom\u00eda","link":"https:\/\/www.24baires.com\/?cat=45"},"img":{"alt_text":"","src":"https:\/\/i0.wp.com\/www.24baires.com\/wp-content\/uploads\/2023\/12\/javier_mieleijpg.webp?resize=350%2C200","width":350,"height":200,"srcset":"https:\/\/i0.wp.com\/www.24baires.com\/wp-content\/uploads\/2023\/12\/javier_mieleijpg.webp?resize=350%2C200 1x, https:\/\/i0.wp.com\/www.24baires.com\/wp-content\/uploads\/2023\/12\/javier_mieleijpg.webp?resize=525%2C300 1.5x, https:\/\/i0.wp.com\/www.24baires.com\/wp-content\/uploads\/2023\/12\/javier_mieleijpg.webp?resize=700%2C400 2x"},"classes":[]},{"id":120821,"url":"https:\/\/www.24baires.com\/?p=120821","url_meta":{"origin":111942,"position":1},"title":"El Gobierno suspendi\u00f3 los cr\u00e9ditos a jubilados","author":"GB","date":"02\/01\/2024","format":false,"excerpt":"El Gobierno Nacional tom\u00f3 la decisi\u00f3n de suspender los cr\u00e9ditos destinados a jubilados y trabajadores que otorgaba la ANSES. A trav\u00e9s de una resoluci\u00f3n publicada en el bolet\u00edn oficial, el Gobierno nacional decidi\u00f3 suspender los cr\u00e9ditos que otorgaba la Administraci\u00f3n Nacional de la Seguridad Social (ANSES) a trabajadores y jubilados\u2026","rel":"","context":"En \u00abPol\u00edtica\u00bb","block_context":{"text":"Pol\u00edtica","link":"https:\/\/www.24baires.com\/?cat=51"},"img":{"alt_text":"","src":"https:\/\/i0.wp.com\/www.24baires.com\/wp-content\/uploads\/2018\/12\/anses.jpg?resize=350%2C200","width":350,"height":200,"srcset":"https:\/\/i0.wp.com\/www.24baires.com\/wp-content\/uploads\/2018\/12\/anses.jpg?resize=350%2C200 1x, https:\/\/i0.wp.com\/www.24baires.com\/wp-content\/uploads\/2018\/12\/anses.jpg?resize=525%2C300 1.5x, https:\/\/i0.wp.com\/www.24baires.com\/wp-content\/uploads\/2018\/12\/anses.jpg?resize=700%2C400 2x"},"classes":[]},{"id":104957,"url":"https:\/\/www.24baires.com\/?p=104957","url_meta":{"origin":111942,"position":2},"title":"Macri impide por decreto investigar la deuda del Correo Argentino","author":"AF","date":"16\/10\/2018","format":false,"excerpt":"El decreto publicado hoy en el Bolet\u00edn Oficial dispuso el rechazo del \u201crecurso jer\u00e1rquico interpuesto por el Fiscal Nacional de Investigaciones Administrativas\u201d contra una resoluci\u00f3n emitida en mayo por la Procuraci\u00f3n del Tesoro. El Gobierno nacional rechaz\u00f3, a trav\u00e9s un decreto, un recurso jer\u00e1rquico interpuesto por la Fiscal\u00eda Nacional de\u2026","rel":"","context":"En \u00abLocales\u00bb","block_context":{"text":"Locales","link":"https:\/\/www.24baires.com\/?cat=38"},"img":{"alt_text":"","src":"https:\/\/i0.wp.com\/www.24baires.com\/wp-content\/uploads\/2017\/02\/macri-franco-mauricio.jpg?resize=350%2C200","width":350,"height":200,"srcset":"https:\/\/i0.wp.com\/www.24baires.com\/wp-content\/uploads\/2017\/02\/macri-franco-mauricio.jpg?resize=350%2C200 1x, https:\/\/i0.wp.com\/www.24baires.com\/wp-content\/uploads\/2017\/02\/macri-franco-mauricio.jpg?resize=525%2C300 1.5x"},"classes":[]},{"id":107292,"url":"https:\/\/www.24baires.com\/?p=107292","url_meta":{"origin":111942,"position":3},"title":"Crean r\u00e9gimen de ayuda financiera para acelerar finalizaci\u00f3n de obras en municipios","author":"GB","date":"20\/03\/2019","format":false,"excerpt":"El Gobierno bonaerense oficializ\u00f3 hoy la creaci\u00f3n de un r\u00e9gimen especial de ayuda financiera a los municipios, con el objetivo de acelerar, en el a\u00f1o electoral, la realizaci\u00f3n de obras y de finalizar otras que se encuentran paralizadas. La medida fue dispuesta a trav\u00e9s de un decreto publicado hoy en\u2026","rel":"","context":"En \u00abProvincia\u00bb","block_context":{"text":"Provincia","link":"https:\/\/www.24baires.com\/?cat=40"},"img":{"alt_text":"","src":"https:\/\/i0.wp.com\/www.24baires.com\/wp-content\/uploads\/2019\/01\/construcci%C3%B3n.png?resize=350%2C200","width":350,"height":200,"srcset":"https:\/\/i0.wp.com\/www.24baires.com\/wp-content\/uploads\/2019\/01\/construcci%C3%B3n.png?resize=350%2C200 1x, https:\/\/i0.wp.com\/www.24baires.com\/wp-content\/uploads\/2019\/01\/construcci%C3%B3n.png?resize=525%2C300 1.5x"},"classes":[]},{"id":112821,"url":"https:\/\/www.24baires.com\/?p=112821","url_meta":{"origin":111942,"position":4},"title":"El Gobierno financiar\u00e1 reducci\u00f3n del IVA a canasta alimentaria con recursos propios","author":"GB","date":"01\/11\/2019","format":false,"excerpt":"El Gobierno nacional resolvi\u00f3 financiar con recursos propios y cargo a Rentas Generales, respecto de todas las provincias y la ciudad de Buenos Aires, los efectos fiscales de lo dispuesto en el decreto 567\/19, que redujo al 0% la al\u00edcuota del Impuesto al Valor Agregado (IVA) sobre la venta de\u2026","rel":"","context":"En \u00abEconom\u00eda\u00bb","block_context":{"text":"Econom\u00eda","link":"https:\/\/www.24baires.com\/?cat=45"},"img":{"alt_text":"","src":"","width":0,"height":0},"classes":[]},{"id":121931,"url":"https:\/\/www.24baires.com\/?p=121931","url_meta":{"origin":111942,"position":5},"title":"El Gobierno bonaerense prorrog\u00f3 el Presupuesto 2023","author":"GB","date":"03\/01\/2025","format":false,"excerpt":"Las medidas buscan garantizar la continuidad de los servicios esenciales y la estabilidad fiscal en el nuevo ejercicio, luego del rechazo legislativo. El Gobierno de la Provincia de Buenos Aires oficializ\u00f3 la pr\u00f3rroga del Presupuesto General de la Administraci\u00f3n Provincial para el Ejercicio 2023, dispuesto a trav\u00e9s de la Ley\u2026","rel":"","context":"En \u00abEconom\u00eda\u00bb","block_context":{"text":"Econom\u00eda","link":"https:\/\/www.24baires.com\/?cat=45"},"img":{"alt_text":"","src":"https:\/\/i0.wp.com\/www.24baires.com\/wp-content\/uploads\/2025\/01\/axel.webp?resize=350%2C200","width":350,"height":200,"srcset":"https:\/\/i0.wp.com\/www.24baires.com\/wp-content\/uploads\/2025\/01\/axel.webp?resize=350%2C200 1x, https:\/\/i0.wp.com\/www.24baires.com\/wp-content\/uploads\/2025\/01\/axel.webp?resize=525%2C300 1.5x, https:\/\/i0.wp.com\/www.24baires.com\/wp-content\/uploads\/2025\/01\/axel.webp?resize=700%2C400 2x"},"classes":[]}],"jetpack_sharing_enabled":true,"jetpack_likes_enabled":true,"_links":{"self":[{"href":"https:\/\/www.24baires.com\/index.php?rest_route=\/wp\/v2\/posts\/111942","targetHints":{"allow":["GET"]}}],"collection":[{"href":"https:\/\/www.24baires.com\/index.php?rest_route=\/wp\/v2\/posts"}],"about":[{"href":"https:\/\/www.24baires.com\/index.php?rest_route=\/wp\/v2\/types\/post"}],"author":[{"embeddable":true,"href":"https:\/\/www.24baires.com\/index.php?rest_route=\/wp\/v2\/users\/8"}],"replies":[{"embeddable":true,"href":"https:\/\/www.24baires.com\/index.php?rest_route=%2Fwp%2Fv2%2Fcomments&post=111942"}],"version-history":[{"count":1,"href":"https:\/\/www.24baires.com\/index.php?rest_route=\/wp\/v2\/posts\/111942\/revisions"}],"predecessor-version":[{"id":111943,"href":"https:\/\/www.24baires.com\/index.php?rest_route=\/wp\/v2\/posts\/111942\/revisions\/111943"}],"wp:attachment":[{"href":"https:\/\/www.24baires.com\/index.php?rest_route=%2Fwp%2Fv2%2Fmedia&parent=111942"}],"wp:term":[{"taxonomy":"category","embeddable":true,"href":"https:\/\/www.24baires.com\/index.php?rest_route=%2Fwp%2Fv2%2Fcategories&post=111942"},{"taxonomy":"post_tag","embeddable":true,"href":"https:\/\/www.24baires.com\/index.php?rest_route=%2Fwp%2Fv2%2Ftags&post=111942"}],"curies":[{"name":"wp","href":"https:\/\/api.w.org\/{rel}","templated":true}]}}