{"id":11194,"date":"2013-01-04T15:36:56","date_gmt":"2013-01-04T18:36:56","guid":{"rendered":"http:\/\/www.24baires.com\/?p=11194"},"modified":"2013-01-04T15:37:02","modified_gmt":"2013-01-04T18:37:02","slug":"cierran-la-catedral-de-la-plata-por-invasion-de-polillas","status":"publish","type":"post","link":"https:\/\/www.24baires.com\/?p=11194","title":{"rendered":"Cierran la Catedral de La Plata por \u00abinvasi\u00f3n de polillas\u00bb"},"content":{"rendered":"<p><a href=\"http:\/\/www.24baires.com\/sociedad\/11194-cierran-la-catedral-de-la-plata-por-invasion-de-polillas\/attachment\/catedral-de-la-plata\/\" rel=\"attachment wp-att-11195\"><img data-recalc-dims=\"1\" loading=\"lazy\" decoding=\"async\" class=\"aligncenter size-full wp-image-11195\" alt=\"catedral-de-la-plata\" src=\"https:\/\/i0.wp.com\/www.24baires.com\/wp-content\/uploads\/2013\/01\/catedral-de-la-plata.jpg?resize=560%2C387\" width=\"560\" height=\"387\" srcset=\"https:\/\/i0.wp.com\/www.24baires.com\/wp-content\/uploads\/2013\/01\/catedral-de-la-plata.jpg?w=560&amp;ssl=1 560w, https:\/\/i0.wp.com\/www.24baires.com\/wp-content\/uploads\/2013\/01\/catedral-de-la-plata.jpg?resize=300%2C207&amp;ssl=1 300w\" sizes=\"auto, (max-width: 560px) 100vw, 560px\" \/><\/a><\/p>\n<p>Ser\u00e1 la semana pr\u00f3xima para realizar tareas de erradicaci\u00f3n de las polillas que invaden la madera del templo. Por el cierre del templo, las misas se celebrar\u00e1n en la capilla de las Hermanas Canonesas de la Cruz, ubicada en las calles 53 entre 15 y 16 de La Plata, de lunes a mi\u00e9rcoles a las 12 y a las 19.30.<!--more--><\/p>\n<p>La Catedral de La Plata estar\u00e1 cerrada durante la semana pr\u00f3xima para realizar tareas de erradicaci\u00f3n de las polillas que invaden la madera del templo, inform\u00f3 la Fundaci\u00f3n Catedral.<\/p>\n<p>Seg\u00fan detallaron, se instalar\u00e1 una carpa gigante que cubrir\u00e1 el sector del trono arzobispal, la siller\u00eda del coro de can\u00f3nigos y los muebles de la sacrist\u00eda, todos elementos confeccionados en roble de Eslavonia, y all\u00ed se proceder\u00e1 a la fumigaci\u00f3n.<\/p>\n<p>La detecci\u00f3n de peque\u00f1os orificios en la madera alert\u00f3 sobre la presencia de polillas y de inmediato convocaron a especialistas para establecer un plan de erradicaci\u00f3n y luego de restauraci\u00f3n.<\/p>\n<p>Una fuente de la Fundaci\u00f3n Catedral detall\u00f3 que se har\u00e1 un encarpado y oclusi\u00f3n de los elementos afectados aplicando productos insecticidas.<\/p>\n<p>Ante el cierre durante la semana pr\u00f3xima del templo mayor de la capital bonaerense, se inform\u00f3 que las misas se celebrar\u00e1n en la capilla de las Hermanas Canonesas de la Cruz, ubicada en las calles 53 entre 15 y 16 de La Plata, de lunes a mi\u00e9rcoles a las 12 y a las 19.30.<\/p>\n<p>&nbsp;<\/p>\n<p>&nbsp;<\/p>\n<p>&nbsp;<\/p>\n","protected":false},"excerpt":{"rendered":"<p>Ser\u00e1 la semana pr\u00f3xima para realizar tareas de erradicaci\u00f3n de las polillas que invaden la madera del templo. Por el cierre del templo, las misas se celebrar\u00e1n en la capilla de las Hermanas Canonesas de la Cruz, ubicada en las calles 53 entre 15 y 16 de La Plata, de lunes a mi\u00e9rcoles a las 12 y a las 19.30.<\/p>\n","protected":false},"author":11,"featured_media":0,"comment_status":"open","ping_status":"open","sticky":false,"template":"","format":"standard","meta":{"_jetpack_newsletter_access":"","_jetpack_dont_email_post_to_subs":false,"_jetpack_newsletter_tier_id":0,"_jetpack_memberships_contains_paywalled_content":false,"_jetpack_memberships_contains_paid_content":false,"footnotes":""},"categories":[1],"tags":[],"class_list":["post-11194","post","type-post","status-publish","format-standard","hentry","category-sociedad"],"jetpack_featured_media_url":"","jetpack_shortlink":"https:\/\/wp.me\/p2JWE0-2Uy","jetpack-related-posts":[{"id":49050,"url":"https:\/\/www.24baires.com\/?p=49050","url_meta":{"origin":11194,"position":0},"title":"Ins\u00f3lito: profanaron una imagen en la Catedral de Mor\u00f3n y se llevaron reliquias hist\u00f3ricas","author":"GB","date":"01\/07\/2014","format":false,"excerpt":"Un grupo de ladrones ingres\u00f3 al templo profanaron la imagen de la Virgen de los Dolores y se robaron algunas reliquias que datan de fines del siglo XVII. Ladrones profanaron la imagen de la Virgen de los Dolores, que est\u00e1 dentro de una hornacina en uno de los altares de\u2026","rel":"","context":"En \u00abPoliciales\u00bb","block_context":{"text":"Policiales","link":"https:\/\/www.24baires.com\/?cat=49"},"img":{"alt_text":"catedral mor\u00f3n","src":"https:\/\/i0.wp.com\/www.24baires.com\/wp-content\/uploads\/2014\/07\/catedral-mor%C3%B3n.jpg?resize=350%2C200","width":350,"height":200,"srcset":"https:\/\/i0.wp.com\/www.24baires.com\/wp-content\/uploads\/2014\/07\/catedral-mor%C3%B3n.jpg?resize=350%2C200 1x, https:\/\/i0.wp.com\/www.24baires.com\/wp-content\/uploads\/2014\/07\/catedral-mor%C3%B3n.jpg?resize=525%2C300 1.5x"},"classes":[]},{"id":58968,"url":"https:\/\/www.24baires.com\/?p=58968","url_meta":{"origin":11194,"position":1},"title":"Importante inversi\u00f3n para preservar la Catedral de La Plata","author":"AF","date":"21\/12\/2014","format":false,"excerpt":"\"Ante los reiterados hechos vand\u00e1licos que vinieron atentando contra esta hermos\u00edsima catedral, es voluntad del gobernador Scioli poner punto final a esta situaci\u00f3n. Por eso hoy estamos inaugurando esta obra de puesta en valor de un edificio de gran impronta cultural y religiosa, a trav\u00e9s de un cerco perimetral y\u2026","rel":"","context":"En \u00abLocales\u00bb","block_context":{"text":"Locales","link":"https:\/\/www.24baires.com\/?cat=38"},"img":{"alt_text":"catedral-de-la-plata","src":"https:\/\/i0.wp.com\/www.24baires.com\/wp-content\/uploads\/2013\/01\/catedral-de-la-plata.jpg?resize=350%2C200","width":350,"height":200,"srcset":"https:\/\/i0.wp.com\/www.24baires.com\/wp-content\/uploads\/2013\/01\/catedral-de-la-plata.jpg?resize=350%2C200 1x, https:\/\/i0.wp.com\/www.24baires.com\/wp-content\/uploads\/2013\/01\/catedral-de-la-plata.jpg?resize=525%2C300 1.5x"},"classes":[]},{"id":41809,"url":"https:\/\/www.24baires.com\/?p=41809","url_meta":{"origin":11194,"position":2},"title":"La Provincia regulariz\u00f3 las escrituras de m\u00e1s de 250 iglesias cat\u00f3licas","author":"Grupo Sierra","date":"09\/03\/2014","format":false,"excerpt":"El gobierno bonaerense entreg\u00f3 m\u00e1s de 250 escrituras a templos de la Iglesia cat\u00f3lica, en el marco del Programa de Regularizaci\u00f3n Dominial que contempla la inscripci\u00f3n de otras 150 iglesias que est\u00e1n en estudio. \"Se trata de una reparaci\u00f3n hist\u00f3rica que nos provoca una enorme satisfacci\u00f3n porque los templos tienen\u2026","rel":"","context":"En \u00abProvincia\u00bb","block_context":{"text":"Provincia","link":"https:\/\/www.24baires.com\/?cat=40"},"img":{"alt_text":"iglesia chascomus","src":"https:\/\/i0.wp.com\/www.24baires.com\/wp-content\/uploads\/2014\/03\/iglesia-chascomus.jpg?resize=350%2C200","width":350,"height":200,"srcset":"https:\/\/i0.wp.com\/www.24baires.com\/wp-content\/uploads\/2014\/03\/iglesia-chascomus.jpg?resize=350%2C200 1x, https:\/\/i0.wp.com\/www.24baires.com\/wp-content\/uploads\/2014\/03\/iglesia-chascomus.jpg?resize=525%2C300 1.5x"},"classes":[]},{"id":15403,"url":"https:\/\/www.24baires.com\/?p=15403","url_meta":{"origin":11194,"position":3},"title":"Militantes feministas se desnudan en Notre Dame al grito de \u00abNo m\u00e1s Papa\u00bb","author":"Grupo Sierra","date":"12\/02\/2013","format":false,"excerpt":"Ocho mujeres exhibieron sus senos en la catedral parisina para festejar el fin del papado. Antes de ser desalojadas, hicieron sonar las campanas cantando \"No m\u00e1s Papa\". Ocho mujeres activistas feministas llegaron esta ma\u00f1ana con los senos a la vista a la iglesia de Notre Dame, en Par\u00eds, para \"festejar\u2026","rel":"","context":"En \u00abSociedad\u00bb","block_context":{"text":"Sociedad","link":"https:\/\/www.24baires.com\/?cat=1"},"img":{"alt_text":"feministas por el papa","src":"https:\/\/i0.wp.com\/www.24baires.com\/wp-content\/uploads\/2013\/02\/feministas-por-el-papa.jpg?resize=350%2C200","width":350,"height":200,"srcset":"https:\/\/i0.wp.com\/www.24baires.com\/wp-content\/uploads\/2013\/02\/feministas-por-el-papa.jpg?resize=350%2C200 1x, https:\/\/i0.wp.com\/www.24baires.com\/wp-content\/uploads\/2013\/02\/feministas-por-el-papa.jpg?resize=525%2C300 1.5x"},"classes":[]},{"id":80542,"url":"https:\/\/www.24baires.com\/?p=80542","url_meta":{"origin":11194,"position":4},"title":"Barack Obama homenaje\u00f3 a las v\u00edctimas de la AMIA","author":"GB","date":"23\/03\/2016","format":false,"excerpt":"El mandatario norteamericano estuvo acompa\u00f1ado por la canciller Susana Malcorra y lo esperaban el arzobispo, el rector y un reducido grupo de invitados, entre ellos, el secretario de Culto, Santiago de Estrada y los obispos auxiliares, Joaqu\u00edn Sucunza y Enrique Egu\u00eda Segu\u00ed. El presidente de Estados Unidos, Barack Obama fue\u2026","rel":"","context":"En \u00abPol\u00edtica\u00bb","block_context":{"text":"Pol\u00edtica","link":"https:\/\/www.24baires.com\/?cat=51"},"img":{"alt_text":"macri amia","src":"https:\/\/i0.wp.com\/www.24baires.com\/wp-content\/uploads\/2016\/03\/macri-amia.jpg?resize=350%2C200","width":350,"height":200,"srcset":"https:\/\/i0.wp.com\/www.24baires.com\/wp-content\/uploads\/2016\/03\/macri-amia.jpg?resize=350%2C200 1x, https:\/\/i0.wp.com\/www.24baires.com\/wp-content\/uploads\/2016\/03\/macri-amia.jpg?resize=525%2C300 1.5x"},"classes":[]},{"id":32433,"url":"https:\/\/www.24baires.com\/?p=32433","url_meta":{"origin":11194,"position":5},"title":"Miles de fieles se re\u00fanen en San Nicol\u00e1s","author":"AF","date":"25\/09\/2013","format":false,"excerpt":"Miles de peregrinos procedentes de distintas provincias y pa\u00edses lim\u00edtrofes comenzaron a llegar ayer a la ciudad bonaerense de San Nicol\u00e1s, para participar este mi\u00e9rcoles de la fiesta religiosa por los 30 a\u00f1os de la primera \"aparici\u00f3n\" de la Virgen Mar\u00eda a una vecina de la zona. Desde la medianoche\u2026","rel":"","context":"En \u00abLocales\u00bb","block_context":{"text":"Locales","link":"https:\/\/www.24baires.com\/?cat=38"},"img":{"alt_text":"","src":"","width":0,"height":0},"classes":[]}],"jetpack_sharing_enabled":true,"jetpack_likes_enabled":true,"_links":{"self":[{"href":"https:\/\/www.24baires.com\/index.php?rest_route=\/wp\/v2\/posts\/11194","targetHints":{"allow":["GET"]}}],"collection":[{"href":"https:\/\/www.24baires.com\/index.php?rest_route=\/wp\/v2\/posts"}],"about":[{"href":"https:\/\/www.24baires.com\/index.php?rest_route=\/wp\/v2\/types\/post"}],"author":[{"embeddable":true,"href":"https:\/\/www.24baires.com\/index.php?rest_route=\/wp\/v2\/users\/11"}],"replies":[{"embeddable":true,"href":"https:\/\/www.24baires.com\/index.php?rest_route=%2Fwp%2Fv2%2Fcomments&post=11194"}],"version-history":[{"count":4,"href":"https:\/\/www.24baires.com\/index.php?rest_route=\/wp\/v2\/posts\/11194\/revisions"}],"predecessor-version":[{"id":11199,"href":"https:\/\/www.24baires.com\/index.php?rest_route=\/wp\/v2\/posts\/11194\/revisions\/11199"}],"wp:attachment":[{"href":"https:\/\/www.24baires.com\/index.php?rest_route=%2Fwp%2Fv2%2Fmedia&parent=11194"}],"wp:term":[{"taxonomy":"category","embeddable":true,"href":"https:\/\/www.24baires.com\/index.php?rest_route=%2Fwp%2Fv2%2Fcategories&post=11194"},{"taxonomy":"post_tag","embeddable":true,"href":"https:\/\/www.24baires.com\/index.php?rest_route=%2Fwp%2Fv2%2Ftags&post=11194"}],"curies":[{"name":"wp","href":"https:\/\/api.w.org\/{rel}","templated":true}]}}