{"id":111928,"date":"2019-09-04T11:00:15","date_gmt":"2019-09-04T14:00:15","guid":{"rendered":"http:\/\/www.24baires.com\/?p=111928"},"modified":"2019-09-04T09:17:40","modified_gmt":"2019-09-04T12:17:40","slug":"operadores-de-viajes-aseguran-que-no-hay-venta","status":"publish","type":"post","link":"https:\/\/www.24baires.com\/?p=111928","title":{"rendered":"Operadores de viajes aseguran que \u00abno hay venta\u00bb"},"content":{"rendered":"<p><img data-recalc-dims=\"1\" loading=\"lazy\" decoding=\"async\" src=\"https:\/\/i0.wp.com\/www.24baires.com\/wp-content\/uploads\/2014\/08\/aeropuerto.png?resize=560%2C314\" alt=\"\" width=\"560\" height=\"314\" class=\"aligncenter size-full wp-image-52466\" srcset=\"https:\/\/i0.wp.com\/www.24baires.com\/wp-content\/uploads\/2014\/08\/aeropuerto.png?w=560&amp;ssl=1 560w, https:\/\/i0.wp.com\/www.24baires.com\/wp-content\/uploads\/2014\/08\/aeropuerto.png?resize=300%2C168&amp;ssl=1 300w\" sizes=\"auto, (max-width: 560px) 100vw, 560px\" \/>Referentes de agencias locales se\u00f1alaron que la restricci\u00f3n para la compra de d\u00f3lares no les genera dificultades. No obstante, reconocieron que \u00abel sector est\u00e1 parado\u00bb<!--more--><\/p>\n<p>Operadores de viajes admiten que no los afecta el control de cambios pero aseguran que no hay venta<br \/>\nEl control de cambios dispuesto por el Gobierno nacional no afecta a las agencias de viaje de Mar del Plata. Seg\u00fan detallaron referentes del sector a Ahora Mar del Plata, las agencias locales les pagan a operadores de Buenos Aires y no giran dinero al exterior. \u201cA los mayoristas quiz\u00e1s los afecte, pero a nosotros no\u201d, coincidieron.<\/p>\n<p>Si bien en un comunicado difundido por fuentes del Banco Central, uno de los puntos destacados deja en claro que \u00abno hay restricciones sobre viajes\u00bb, la medida gener\u00f3 incertidumbre en distintos sectores. \u201cA ninguna agencia de viajes de Mar del Plata la va a afectar la restricci\u00f3n cambiaria. Las agencias no giran plata al exterior. Lo que hacen es pagarles a los operadores de Buenos Aires. Despu\u00e9s ellos giran ese dinero\u201d, explicaron.<\/p>\n<p>Pese a que la medida no afecta al sector, las agencias de viajes de Mar del Plata atraviesan un mal momento. \u201cNuestro sector est\u00e1 totalmente parado\u201d, indic\u00f3 Cristian, uno de los due\u00f1os de Viajes Celta, con m\u00e1s de 20 a\u00f1os en el rubro. \u201cLa realidad es que hay poca venta\u201d, reconoci\u00f3.<\/p>\n<p>\u201cHace 22 a\u00f1os que tengo la empresa junto a mi socio. La realidad es que ya llevamos un a\u00f1o y medio de parate importante. Adem\u00e1s del giro econ\u00f3mico del pa\u00eds, nos afecta la competencia por Internet. Cada vez hay m\u00e1s gente que contrata los viajes por esa v\u00eda\u201d, agreg\u00f3.<\/p>\n<p>El aumento de los costos y la merma del poder adquisitivo se ve reflejado en la actividad tur\u00edstica. Inclusive, disminuyeron ostensiblemente los viajes hacia distintos puntos tur\u00edsticos del pa\u00eds. \u201cLa clase media est\u00e1 muy castigada. Los viajes internos, como por ejemplo un micro a Carlos Paz, desaparecieron del mapa. Es que viajar en Argentina tampoco es barato. Alojarse en un hotel o salir a comer resulta demasiado costoso para la gente. Por ejemplo, una noche en un hotel en Tandil puede costar 2500 pesos\u201d, concluy\u00f3 el operador.<\/p>\n","protected":false},"excerpt":{"rendered":"<p>Referentes de agencias locales se\u00f1alaron que la restricci\u00f3n para la compra de d\u00f3lares no les genera dificultades. No obstante, reconocieron que \u00abel sector est\u00e1 parado\u00bb<\/p>\n","protected":false},"author":8,"featured_media":0,"comment_status":"open","ping_status":"open","sticky":false,"template":"","format":"standard","meta":{"_jetpack_newsletter_access":"","_jetpack_dont_email_post_to_subs":false,"_jetpack_newsletter_tier_id":0,"_jetpack_memberships_contains_paywalled_content":false,"_jetpack_memberships_contains_paid_content":false,"footnotes":""},"categories":[45],"tags":[],"class_list":["post-111928","post","type-post","status-publish","format-standard","hentry","category-economia"],"jetpack_featured_media_url":"","jetpack_shortlink":"https:\/\/wp.me\/p2JWE0-t7i","jetpack-related-posts":[{"id":120021,"url":"https:\/\/www.24baires.com\/?p=120021","url_meta":{"origin":111928,"position":0},"title":"PreViaje 4: se pone en marcha la venta de servicios tur\u00edsticos","author":"GB","date":"19\/04\/2023","format":false,"excerpt":"El programa oficial cuenta con 241 operadores inscriptos. Se podr\u00e1n comprar con beneficio hasta el pr\u00f3ximo 25. Alcanzar\u00e1 a los viajes que se realicen entre el 24 de mayo y 30 de junio. Celebran su impacto positivo para el sector en temporada baja. El programa oficial PreViaje 4 se pone\u2026","rel":"","context":"En \u00abPol\u00edtica\u00bb","block_context":{"text":"Pol\u00edtica","link":"https:\/\/www.24baires.com\/?cat=51"},"img":{"alt_text":"","src":"https:\/\/i0.wp.com\/www.24baires.com\/wp-content\/uploads\/2015\/01\/turistas-mar-del-plata.jpg?resize=350%2C200","width":350,"height":200,"srcset":"https:\/\/i0.wp.com\/www.24baires.com\/wp-content\/uploads\/2015\/01\/turistas-mar-del-plata.jpg?resize=350%2C200 1x, https:\/\/i0.wp.com\/www.24baires.com\/wp-content\/uploads\/2015\/01\/turistas-mar-del-plata.jpg?resize=525%2C300 1.5x, https:\/\/i0.wp.com\/www.24baires.com\/wp-content\/uploads\/2015\/01\/turistas-mar-del-plata.jpg?resize=700%2C400 2x"},"classes":[]},{"id":1747,"url":"https:\/\/www.24baires.com\/?p=1747","url_meta":{"origin":111928,"position":1},"title":"Detectan gran evasi\u00f3n fiscal en carnicer\u00edas de la provincia","author":"AF","date":"12\/10\/2012","format":false,"excerpt":"La Agencia de Recaudaci\u00f3n de la provincia de Buenos Aires realiz\u00f3 la primera etapa de un operativo de fiscalizaci\u00f3n en carnicer\u00edas bonaerenses y detect\u00f3 que declaraban menos de la mitad de lo que vend\u00edan en los mostradores. A trav\u00e9s de las acciones de control realizadas en 39 locales que comercializan\u2026","rel":"","context":"En \u00abEconom\u00eda\u00bb","block_context":{"text":"Econom\u00eda","link":"https:\/\/www.24baires.com\/?cat=45"},"img":{"alt_text":"","src":"https:\/\/i0.wp.com\/www.24baires.com\/wp-content\/uploads\/2012\/10\/arbacarnicerias-300x195.jpg?resize=350%2C200","width":350,"height":200},"classes":[]},{"id":116992,"url":"https:\/\/www.24baires.com\/?p=116992","url_meta":{"origin":111928,"position":2},"title":"Hoteleros y gastron\u00f3micos contra el toque de queda sanitario","author":"GB","date":"08\/01\/2021","format":false,"excerpt":"La medida fue fuertemente rechazada por el sector, en un comunicado pidieron que se excluya a Mar del Plata y aseguraron que la actividad \"no contribuye al contagio\". La Asociaci\u00f3n Empresaria Hotelera Gastron\u00f3mica rechaz\u00f3 fuertemente la decisi\u00f3n del Gobierno nacional de implementar un toque de queda sanitario nocturno para restringir\u2026","rel":"","context":"En \u00abPol\u00edtica\u00bb","block_context":{"text":"Pol\u00edtica","link":"https:\/\/www.24baires.com\/?cat=51"},"img":{"alt_text":"","src":"https:\/\/i0.wp.com\/www.24baires.com\/wp-content\/uploads\/2020\/08\/resto.jpg?resize=350%2C200","width":350,"height":200,"srcset":"https:\/\/i0.wp.com\/www.24baires.com\/wp-content\/uploads\/2020\/08\/resto.jpg?resize=350%2C200 1x, https:\/\/i0.wp.com\/www.24baires.com\/wp-content\/uploads\/2020\/08\/resto.jpg?resize=525%2C300 1.5x"},"classes":[]},{"id":102482,"url":"https:\/\/www.24baires.com\/?p=102482","url_meta":{"origin":111928,"position":3},"title":"Mar del Plata: eval\u00faan medidas para reactivar la actividad pesquera","author":"GB","date":"01\/06\/2018","format":false,"excerpt":"Funcionarios provinciales y nacionales se reunieron en Mar del Plata con empresarios y sindicalistas del sector. Funcionarios provinciales y nacionales de la Pesca se reunieron este jueves en Mar del Plata con empresarios y sindicalistas del sector. Los gremios pidieron cambiar algunas pol\u00edticas que perjudican al empleo local y los\u2026","rel":"","context":"En \u00abMunicipios\u00bb","block_context":{"text":"Municipios","link":"https:\/\/www.24baires.com\/?cat=44"},"img":{"alt_text":"","src":"https:\/\/i0.wp.com\/www.24baires.com\/wp-content\/uploads\/2017\/07\/barco-mdp.jpg?resize=350%2C200","width":350,"height":200,"srcset":"https:\/\/i0.wp.com\/www.24baires.com\/wp-content\/uploads\/2017\/07\/barco-mdp.jpg?resize=350%2C200 1x, https:\/\/i0.wp.com\/www.24baires.com\/wp-content\/uploads\/2017\/07\/barco-mdp.jpg?resize=525%2C300 1.5x"},"classes":[]},{"id":70726,"url":"https:\/\/www.24baires.com\/?p=70726","url_meta":{"origin":111928,"position":4},"title":"M\u00e1s de 600 mil personas viajaron durante el fin de semana largo por el pa\u00eds","author":"AF","date":"17\/08\/2015","format":false,"excerpt":"Seg\u00fan la CAME en 40 ciudades del pa\u00eds, los comercios y prestadores de servicios de turismo tuvieron para este fin de semana largo mejores resultados de lo esperado, con ventas superiores al a\u00f1o anterior. El movimiento tur\u00edstico durante el sexto fin de semana largo del a\u00f1o fue de 611.000 personas,\u2026","rel":"","context":"En \u00abSociedad\u00bb","block_context":{"text":"Sociedad","link":"https:\/\/www.24baires.com\/?cat=1"},"img":{"alt_text":"mar del plata invierno","src":"https:\/\/i0.wp.com\/www.24baires.com\/wp-content\/uploads\/2014\/07\/mar-del-plata-invierno.jpg?resize=350%2C200","width":350,"height":200,"srcset":"https:\/\/i0.wp.com\/www.24baires.com\/wp-content\/uploads\/2014\/07\/mar-del-plata-invierno.jpg?resize=350%2C200 1x, https:\/\/i0.wp.com\/www.24baires.com\/wp-content\/uploads\/2014\/07\/mar-del-plata-invierno.jpg?resize=525%2C300 1.5x"},"classes":[]},{"id":79902,"url":"https:\/\/www.24baires.com\/?p=79902","url_meta":{"origin":111928,"position":5},"title":"Mar del Plata lidera las reservas hoteleras para Semana Santa","author":"GB","date":"09\/03\/2016","format":false,"excerpt":"Operadores tur\u00edsticos afirman que a 15 d\u00edas del fin de semana largo las consultas \u201csuperan cualquier fecha de enero y febrero\u201d. Para Semana Santa, Mar del Plata lidera el ranking de destinos en cuanto a reservas hoteleras. Seg\u00fan estimaciones de operadoras privadas, ya hubo \u201chasta un 100% m\u00e1s de consultas\u2026","rel":"","context":"En \u00abTurismo\u00bb","block_context":{"text":"Turismo","link":"https:\/\/www.24baires.com\/?cat=69"},"img":{"alt_text":"turistas mar del plata","src":"https:\/\/i0.wp.com\/www.24baires.com\/wp-content\/uploads\/2015\/01\/turistas-mar-del-plata.jpg?resize=350%2C200","width":350,"height":200,"srcset":"https:\/\/i0.wp.com\/www.24baires.com\/wp-content\/uploads\/2015\/01\/turistas-mar-del-plata.jpg?resize=350%2C200 1x, https:\/\/i0.wp.com\/www.24baires.com\/wp-content\/uploads\/2015\/01\/turistas-mar-del-plata.jpg?resize=525%2C300 1.5x"},"classes":[]}],"jetpack_sharing_enabled":true,"jetpack_likes_enabled":true,"_links":{"self":[{"href":"https:\/\/www.24baires.com\/index.php?rest_route=\/wp\/v2\/posts\/111928","targetHints":{"allow":["GET"]}}],"collection":[{"href":"https:\/\/www.24baires.com\/index.php?rest_route=\/wp\/v2\/posts"}],"about":[{"href":"https:\/\/www.24baires.com\/index.php?rest_route=\/wp\/v2\/types\/post"}],"author":[{"embeddable":true,"href":"https:\/\/www.24baires.com\/index.php?rest_route=\/wp\/v2\/users\/8"}],"replies":[{"embeddable":true,"href":"https:\/\/www.24baires.com\/index.php?rest_route=%2Fwp%2Fv2%2Fcomments&post=111928"}],"version-history":[{"count":1,"href":"https:\/\/www.24baires.com\/index.php?rest_route=\/wp\/v2\/posts\/111928\/revisions"}],"predecessor-version":[{"id":111929,"href":"https:\/\/www.24baires.com\/index.php?rest_route=\/wp\/v2\/posts\/111928\/revisions\/111929"}],"wp:attachment":[{"href":"https:\/\/www.24baires.com\/index.php?rest_route=%2Fwp%2Fv2%2Fmedia&parent=111928"}],"wp:term":[{"taxonomy":"category","embeddable":true,"href":"https:\/\/www.24baires.com\/index.php?rest_route=%2Fwp%2Fv2%2Fcategories&post=111928"},{"taxonomy":"post_tag","embeddable":true,"href":"https:\/\/www.24baires.com\/index.php?rest_route=%2Fwp%2Fv2%2Ftags&post=111928"}],"curies":[{"name":"wp","href":"https:\/\/api.w.org\/{rel}","templated":true}]}}