{"id":1119,"date":"2012-10-05T19:00:14","date_gmt":"2012-10-05T22:00:14","guid":{"rendered":"http:\/\/www.24baires.com\/?p=1119"},"modified":"2012-10-05T19:00:14","modified_gmt":"2012-10-05T22:00:14","slug":"gran-expectativa-por-la-creacion-de-la-policia-judicial","status":"publish","type":"post","link":"https:\/\/www.24baires.com\/?p=1119","title":{"rendered":"Gran expectativa por la creaci\u00f3n de la Polic\u00eda Judicial"},"content":{"rendered":"<p>Ante la media sanci\u00f3n del Senado bonaerense del proyecto para la implementaci\u00f3n de la Polic\u00eda Judicial en la Provincia de Buenos Aires, el espacio \u201cConvergencia para la Democratizaci\u00f3n de la Justicia\u201d manifest\u00f3 su satisfacci\u00f3n por constituir \u201cun avance significativo en la democratizaci\u00f3n de la justicia y un cambio de paradigma respecto a la investigaci\u00f3n criminal\u201d.<!--more--><\/p>\n<p>El proyecto con media sanci\u00f3n recoge los lineamientos del anteproyecto remitido por la Comisi\u00f3n Provincial por la Memoria al Poder Ejecutivo provincial. La iniciativa fue elaborada con el aporte de referentes del \u00e1mbito acad\u00e9mico, judicial, sindical, pol\u00edtico, organismos de derechos humanos, colegios profesionales, y complementado con lo surgido de los foros realizados en las ocho secciones electorales.<\/p>\n<p>En una gacetilla de prensa, se indic\u00f3: \u201cDesde la reforma constitucional del \u00b494, y con la instalaci\u00f3n parcial del sistema acusatorio en la Provincia, deb\u00eda avanzarse para generar las condiciones del nuevo paradigma. Esta creaci\u00f3n del \u00f3rgano de investigaci\u00f3n de delitos complejos que promueve el proyecto con media sanci\u00f3n es un instrumento esencial dentro del marco normativo para cambiar de ra\u00edz los males estructurales en materia de seguridad y justicia. La ley de polic\u00eda judicial, junto con las leyes que establezcan la autonom\u00eda de la defensa p\u00fablica, el mejoramiento del procedimiento de selecci\u00f3n de magistrados y funcionarios y la creaci\u00f3n del mecanismo provincial de prevenci\u00f3n de la tortura, constituir\u00e1 una profunda reforma integral\u201d.<\/p>\n<p>A su vez, se resalt\u00f3 que \u201ccada una de las leyes y la interacci\u00f3n permitir\u00e1 fortalecer la calidad institucional, afianzar\u00e1 el Estado democr\u00e1tico de derecho y la participaci\u00f3n ciudadana. Estas reformas han sido insistentemente reclamadas por un amplio espectro de organizaciones pol\u00edticas, sindicales y de la sociedad civil. En t\u00e9rminos constitucionales esta ley de polic\u00eda judicial implica el fortalecimiento de la divisi\u00f3n de poderes al discriminar las actividades de prevenci\u00f3n, propias del Poder Ejecutivo, de las de investigaci\u00f3n y juzgamiento, propias del Poder Judicial. Y as\u00ed se saldar\u00e1 una vieja deuda con la reforma constitucional del \u00b494, en tanto incluy\u00f3 en su articulado la creaci\u00f3n de este organismo de investigaci\u00f3n judicial\u201d.<\/p>\n<p>\u201cLa paulatina separaci\u00f3n de la Polic\u00eda Bonaerense de las tareas investigativas significar\u00e1 un avance notorio que contribuir\u00e1 no s\u00f3lo a evitar el armado de causas y la delegaci\u00f3n judicial en la instituci\u00f3n policial, sino tambi\u00e9n a vigorizar la especializaci\u00f3n de la polic\u00eda administrativa hacia la tarea netamente preventiva. La creaci\u00f3n de un organismo de investigaci\u00f3n judicial (Polic\u00eda Judicial), basado en criterios de especializaci\u00f3n y profesionalizaci\u00f3n, constituye un paso importante en el cambio estructural en las formas de investigar. Este cambio de paradigma se asienta en el respeto irrestricto de las garant\u00edas constitucionales, el enfoque cient\u00edfico en la investigaci\u00f3n, la formaci\u00f3n permanente de sus miembros y el aporte de elementos de convicci\u00f3n que sirvan tanto a la acusaci\u00f3n como a la defensa\u201d, se a\u00f1adi\u00f3.<\/p>\n<p>Adem\u00e1s, se afirm\u00f3 que \u201cla incorporaci\u00f3n de la entrevista p\u00fablica para la selecci\u00f3n de los candidatos es un avance para dar transparencia al procedimiento, aunque seguimos destacando que es necesario que se avance hacia un est\u00e1ndar de selecci\u00f3n de funcionarios mediante la audiencia p\u00fablica ante el Senado\u201d.<\/p>\n<p>\u201cLa sanci\u00f3n de la ley ser\u00e1 un primer paso importante. Pero deber\u00e1 garantizarse una implementaci\u00f3n basada en criterios racionales y fundacionales, impidiendo en\u00e9rgicamente la tendencia facilista del simple agregado de recursos existentes. El camino hacia un cambio de paradigma exige que esta reforma se constituya en pol\u00edtica de Estado y que por tanto sea pensada para exceder el mandato de un gobierno\u201d, finaliza el comunicado.<\/p>\n","protected":false},"excerpt":{"rendered":"<p>Ante la media sanci\u00f3n del Senado bonaerense del proyecto para la implementaci\u00f3n de la Polic\u00eda Judicial en la Provincia de Buenos Aires, el espacio \u201cConvergencia para la Democratizaci\u00f3n de la Justicia\u201d manifest\u00f3 su satisfacci\u00f3n por constituir \u201cun avance significativo en la democratizaci\u00f3n de la justicia y un cambio de paradigma respecto a la investigaci\u00f3n criminal\u201d.<\/p>\n","protected":false},"author":4,"featured_media":0,"comment_status":"open","ping_status":"open","sticky":false,"template":"","format":"standard","meta":{"_jetpack_newsletter_access":"","_jetpack_dont_email_post_to_subs":false,"_jetpack_newsletter_tier_id":0,"_jetpack_memberships_contains_paywalled_content":false,"_jetpack_memberships_contains_paid_content":false,"footnotes":""},"categories":[1],"tags":[],"class_list":["post-1119","post","type-post","status-publish","format-standard","hentry","category-sociedad"],"jetpack_featured_media_url":"","jetpack_shortlink":"https:\/\/wp.me\/p2JWE0-i3","jetpack-related-posts":[{"id":23525,"url":"https:\/\/www.24baires.com\/?p=23525","url_meta":{"origin":1119,"position":0},"title":"Verbitsky: las cautelares a favor de Clar\u00edn \u201cdemuestran que la neutralidad de la Justicia no existe\u201d","author":"AF","date":"14\/05\/2013","format":false,"excerpt":"Lo asegur\u00f3 el titular del Centro de Estudios Legales y Sociales (Cels), Horacio Verbitsky, al hablar en la inauguraci\u00f3n del \"Congreso Nacional sobre Democratizaci\u00f3n de la Justicia\". \"La indefinici\u00f3n de la justicia en la causa Clar\u00edn por la ley de medios y la medida cautelar que beneficia a La Naci\u00f3n\u2026","rel":"","context":"En \u00abMedios\u00bb","block_context":{"text":"Medios","link":"https:\/\/www.24baires.com\/?cat=54"},"img":{"alt_text":"","src":"","width":0,"height":0},"classes":[]},{"id":26544,"url":"https:\/\/www.24baires.com\/?p=26544","url_meta":{"origin":1119,"position":1},"title":"Romero asegur\u00f3 que es necesario que la Polic\u00eda Judicial se reglamente de inmediato","author":"AF","date":"21\/06\/2013","format":false,"excerpt":"El fiscal de La Plata se refiri\u00f3 a la ley 14.424 que fue sancionada en 2012 y que crea el Cuerpo de Investigadores Judiciales. La misma fue debatida en foros por una Seguridad Democr\u00e1tica que recorrieron el territorio bonaerense. \u201cEs una ley vital para poder llevar a cabo el desarrollo\u2026","rel":"","context":"En \u00abJUDICIALES\u00bb","block_context":{"text":"JUDICIALES","link":"https:\/\/www.24baires.com\/?cat=68"},"img":{"alt_text":"foro","src":"https:\/\/i0.wp.com\/www.24baires.com\/wp-content\/uploads\/2013\/06\/foro.jpg?resize=350%2C200","width":350,"height":200,"srcset":"https:\/\/i0.wp.com\/www.24baires.com\/wp-content\/uploads\/2013\/06\/foro.jpg?resize=350%2C200 1x, https:\/\/i0.wp.com\/www.24baires.com\/wp-content\/uploads\/2013\/06\/foro.jpg?resize=525%2C300 1.5x"},"classes":[]},{"id":4796,"url":"https:\/\/www.24baires.com\/?p=4796","url_meta":{"origin":1119,"position":2},"title":"Se aprob\u00f3 la creaci\u00f3n de la Polic\u00eda Judicial bonaerense","author":"AF","date":"08\/11\/2012","format":false,"excerpt":"La C\u00e1mara baja bonaerense aprob\u00f3 el nuevo cuerpo que reemplazar\u00e1 a la Polic\u00eda Bonaerense en la investigaci\u00f3n de determinados delitos, fundamentalmente aquellos considerados graves o que sean cometidos por funcionarios p\u00fablicos o miembros de fuerzas de seguridad. Los legisladores destacaron el amplio consenso de la norma a partir de los\u2026","rel":"","context":"En \u00abSociedad\u00bb","block_context":{"text":"Sociedad","link":"https:\/\/www.24baires.com\/?cat=1"},"img":{"alt_text":"","src":"https:\/\/i0.wp.com\/www.24baires.com\/wp-content\/uploads\/2012\/11\/diputados3-300x195.jpg?resize=350%2C200","width":350,"height":200},"classes":[]},{"id":26972,"url":"https:\/\/www.24baires.com\/?p=26972","url_meta":{"origin":1119,"position":3},"title":"La Asociaci\u00f3n Justicia Leg\u00edtima march\u00f3 bajo el lema \u00abDemocracia o Corporaci\u00f3n Judicial\u00bb","author":"Grupo Sierra","date":"26\/06\/2013","format":false,"excerpt":"La asociaci\u00f3n se moviliz\u00f3 frente a los Tribunales bajo la consigna \"Democracia o Corporaci\u00f3n Judicial\" con el objetivo de repudiar el fallo de la Corte Suprema, que declar\u00f3 inconstitucional la elecci\u00f3n por voto popular de los miembros del Consejo de la Magistratura y principalmente\u00a0 por el reclamo de una pronta\u2026","rel":"","context":"En \u00abPol\u00edtica\u00bb","block_context":{"text":"Pol\u00edtica","link":"https:\/\/www.24baires.com\/?cat=51"},"img":{"alt_text":"Marcha Justicia legitima hoy","src":"https:\/\/i0.wp.com\/www.24baires.com\/wp-content\/uploads\/2013\/06\/Marcha-Justicia-legitima-hoy.jpg?resize=350%2C200","width":350,"height":200,"srcset":"https:\/\/i0.wp.com\/www.24baires.com\/wp-content\/uploads\/2013\/06\/Marcha-Justicia-legitima-hoy.jpg?resize=350%2C200 1x, https:\/\/i0.wp.com\/www.24baires.com\/wp-content\/uploads\/2013\/06\/Marcha-Justicia-legitima-hoy.jpg?resize=525%2C300 1.5x"},"classes":[]},{"id":20525,"url":"https:\/\/www.24baires.com\/?p=20525","url_meta":{"origin":1119,"position":4},"title":"Cristina enunci\u00f3 sus 6 principales puntos y envi\u00f3 el proyecto de democratizaci\u00f3n judicial","author":"Grupo Sierra","date":"08\/04\/2013","format":false,"excerpt":"La presidenta Cristina Fern\u00e1ndez de Kirchner anunci\u00f3 hoy el env\u00edo al Parlamento del proyecto de ley de democratizaci\u00f3n de la Justicia que posee seis puntos principales, y asegur\u00f3 que los argentinos \"necesitamos jueces que est\u00e9n dispuestos a jugarse por una sociedad democr\u00e1tica\". La Presidenta justific\u00f3 el env\u00edo del proyecto al\u2026","rel":"","context":"En \u00abPol\u00edtica\u00bb","block_context":{"text":"Pol\u00edtica","link":"https:\/\/www.24baires.com\/?cat=51"},"img":{"alt_text":"cristina reforma judicial","src":"https:\/\/i0.wp.com\/www.24baires.com\/wp-content\/uploads\/2013\/04\/cristina-reforma-judicial.jpg?resize=350%2C200","width":350,"height":200,"srcset":"https:\/\/i0.wp.com\/www.24baires.com\/wp-content\/uploads\/2013\/04\/cristina-reforma-judicial.jpg?resize=350%2C200 1x, https:\/\/i0.wp.com\/www.24baires.com\/wp-content\/uploads\/2013\/04\/cristina-reforma-judicial.jpg?resize=525%2C300 1.5x"},"classes":[]},{"id":110866,"url":"https:\/\/www.24baires.com\/?p=110866","url_meta":{"origin":1119,"position":5},"title":"Reclaman justicia por la masacre de San Miguel del Monte","author":"AF","date":"19\/06\/2019","format":false,"excerpt":"\"La persecuci\u00f3n policial a los tiros contra el veh\u00edculo donde paseaban cinco j\u00f3venes es una modalidad atroz de las masacres que la polic\u00eda bonaerense viene perpetrando en el territorio\", aseguraron desde la Comisi\u00f3n Provincial por la Memoria. \"La persecuci\u00f3n policial a los tiros contra el veh\u00edculo donde paseaban cinco j\u00f3venes\u2026","rel":"","context":"En \u00abSociedad\u00bb","block_context":{"text":"Sociedad","link":"https:\/\/www.24baires.com\/?cat=1"},"img":{"alt_text":"","src":"https:\/\/i0.wp.com\/www.24baires.com\/wp-content\/uploads\/2019\/06\/san-miguel-del-monte.jpg?resize=350%2C200","width":350,"height":200,"srcset":"https:\/\/i0.wp.com\/www.24baires.com\/wp-content\/uploads\/2019\/06\/san-miguel-del-monte.jpg?resize=350%2C200 1x, https:\/\/i0.wp.com\/www.24baires.com\/wp-content\/uploads\/2019\/06\/san-miguel-del-monte.jpg?resize=525%2C300 1.5x"},"classes":[]}],"jetpack_sharing_enabled":true,"jetpack_likes_enabled":true,"_links":{"self":[{"href":"https:\/\/www.24baires.com\/index.php?rest_route=\/wp\/v2\/posts\/1119","targetHints":{"allow":["GET"]}}],"collection":[{"href":"https:\/\/www.24baires.com\/index.php?rest_route=\/wp\/v2\/posts"}],"about":[{"href":"https:\/\/www.24baires.com\/index.php?rest_route=\/wp\/v2\/types\/post"}],"author":[{"embeddable":true,"href":"https:\/\/www.24baires.com\/index.php?rest_route=\/wp\/v2\/users\/4"}],"replies":[{"embeddable":true,"href":"https:\/\/www.24baires.com\/index.php?rest_route=%2Fwp%2Fv2%2Fcomments&post=1119"}],"version-history":[{"count":0,"href":"https:\/\/www.24baires.com\/index.php?rest_route=\/wp\/v2\/posts\/1119\/revisions"}],"wp:attachment":[{"href":"https:\/\/www.24baires.com\/index.php?rest_route=%2Fwp%2Fv2%2Fmedia&parent=1119"}],"wp:term":[{"taxonomy":"category","embeddable":true,"href":"https:\/\/www.24baires.com\/index.php?rest_route=%2Fwp%2Fv2%2Fcategories&post=1119"},{"taxonomy":"post_tag","embeddable":true,"href":"https:\/\/www.24baires.com\/index.php?rest_route=%2Fwp%2Fv2%2Ftags&post=1119"}],"curies":[{"name":"wp","href":"https:\/\/api.w.org\/{rel}","templated":true}]}}