{"id":111794,"date":"2019-08-26T13:00:41","date_gmt":"2019-08-26T16:00:41","guid":{"rendered":"http:\/\/www.24baires.com\/?p=111794"},"modified":"2019-08-26T12:50:43","modified_gmt":"2019-08-26T15:50:43","slug":"el-40-de-los-ninos-del-conurbano-asiste-a-comedores-y-el-15-pasa-hambre","status":"publish","type":"post","link":"https:\/\/www.24baires.com\/?p=111794","title":{"rendered":"El 40% de los ni\u00f1os del Conurbano asiste a comedores y el 15% pasa hambre"},"content":{"rendered":"<p><img data-recalc-dims=\"1\" loading=\"lazy\" decoding=\"async\" src=\"https:\/\/i0.wp.com\/www.24baires.com\/wp-content\/uploads\/2019\/08\/comedor.jpg?resize=560%2C378\" alt=\"\" width=\"560\" height=\"378\" class=\"aligncenter size-full wp-image-111779\" srcset=\"https:\/\/i0.wp.com\/www.24baires.com\/wp-content\/uploads\/2019\/08\/comedor.jpg?w=560&amp;ssl=1 560w, https:\/\/i0.wp.com\/www.24baires.com\/wp-content\/uploads\/2019\/08\/comedor.jpg?resize=300%2C203&amp;ssl=1 300w\" sizes=\"auto, (max-width: 560px) 100vw, 560px\" \/>Cuatro de cada diez ni\u00f1os, ni\u00f1as y adolescentes bonaerenses se alimentan en comedores comunitarios, mientras que el 14,5% de los chicos pasaron hambre en el \u00faltimo a\u00f1o, seg\u00fan un informe revelado por la Universidad Cat\u00f3lica Argentina (UCA).<br \/>\n<!--more--><\/p>\n<p>El trabajo que se realiz\u00f3 a pedido de la Defensor\u00eda del Pueblo bonaerense marca una dur\u00edsima realidad, y es que en los \u00faltimos ocho a\u00f1os se duplic\u00f3 la cantidad de chicos que deben concurrir a estos establecimientos. Mientras en 2010 el porcentaje de ni\u00f1os que asist\u00eda a comedores era del 17,4, en 2017 subi\u00f3 a 35,8%, alcanzando el 40% en el tercer trimestre de 2018 en el conurbano. <\/p>\n<p>A su vez, el estudio afirma que el 14,5% de los chicos pasaron hambre en el \u00faltimo a\u00f1o, cifra que supera a la media nacional, del 11%. Asimismo, se\u00f1ala que el 7,8% de los j\u00f3venes no consumen ning\u00fan nutriente esencial en su dieta alimentaria diaria. Es decir, carnes, l\u00e1cteos, frutas y verduras.<\/p>\n<p>\u00abLa inseguridad alimentaria severa (que un hogar no pueda acceder a los alimentos), junto con la cobertura de alimentaci\u00f3n gratuita, experiment\u00f3 un fuerte incremento en el \u00faltimo periodo interanual, tanto para el total de NNyA (ni\u00f1os, ni\u00f1as y adolescentes) a nivel pa\u00eds urbano como en el Conurbano, alcanzando los valores m\u00e1s elevados de la serie 2010-2018\u00bb, asegur\u00f3 el informe.<\/p>\n","protected":false},"excerpt":{"rendered":"<p>Cuatro de cada diez ni\u00f1os, ni\u00f1as y adolescentes bonaerenses se alimentan en comedores comunitarios, mientras que el 14,5% de los chicos pasaron hambre en el \u00faltimo a\u00f1o, seg\u00fan un informe revelado por la Universidad Cat\u00f3lica Argentina (UCA).<\/p>\n","protected":false},"author":8,"featured_media":0,"comment_status":"open","ping_status":"open","sticky":false,"template":"","format":"standard","meta":{"_jetpack_newsletter_access":"","_jetpack_dont_email_post_to_subs":false,"_jetpack_newsletter_tier_id":0,"_jetpack_memberships_contains_paywalled_content":false,"_jetpack_memberships_contains_paid_content":false,"footnotes":""},"categories":[40],"tags":[],"class_list":["post-111794","post","type-post","status-publish","format-standard","hentry","category-provincia"],"jetpack_shortlink":"https:\/\/wp.me\/p2JWE0-t58","jetpack-related-posts":[{"id":111932,"url":"https:\/\/www.24baires.com\/?p=111932","url_meta":{"origin":111794,"position":0},"title":"Intendentes le pidieron a Vidal que declare la emergencia alimentaria en la provincia","author":"GB","date":"04\/09\/2019","format":false,"excerpt":"La intendenta de La Matanza y candidata a vicegobernadora de la provincia de Buenos Aires, Ver\u00f3nica Magario, acompa\u00f1ada por otros jefes comunales bonaerenses, le entregaron una carta a la gobernadora Mar\u00eda Eugenia Vidal en la que le reclamaron por la situaci\u00f3n social y pidieron que se declare la emergencia alimentaria.\u2026","rel":"","context":"En \u00abProvincia\u00bb","block_context":{"text":"Provincia","link":"https:\/\/www.24baires.com\/?cat=40"},"img":{"alt_text":"","src":"","width":0,"height":0},"classes":[]},{"id":108599,"url":"https:\/\/www.24baires.com\/?p=108599","url_meta":{"origin":111794,"position":1},"title":"Grave: m\u00e1s de un mill\u00f3n y medio de chicos no realiza las cuatro comidas diarias","author":"GB","date":"06\/06\/2019","format":false,"excerpt":"El Observatorio de la Deuda Social de la Universidad Cat\u00f3lica Argentina dio a conocer que de 2017 a 2017, unos 900 mil chicos tuvieron d\u00e9ficit nutricional. La ni\u00f1ez y juventud en el pa\u00eds se convirtieron en uno de los sectores m\u00e1s castigados por la crisis econ\u00f3mica durante el gobierno del\u2026","rel":"","context":"En \u00abSociedad\u00bb","block_context":{"text":"Sociedad","link":"https:\/\/www.24baires.com\/?cat=1"},"img":{"alt_text":"","src":"https:\/\/i0.wp.com\/www.24baires.com\/wp-content\/uploads\/2018\/03\/vidal-ni%C3%B1os.jpg?resize=350%2C200","width":350,"height":200,"srcset":"https:\/\/i0.wp.com\/www.24baires.com\/wp-content\/uploads\/2018\/03\/vidal-ni%C3%B1os.jpg?resize=350%2C200 1x, https:\/\/i0.wp.com\/www.24baires.com\/wp-content\/uploads\/2018\/03\/vidal-ni%C3%B1os.jpg?resize=525%2C300 1.5x"},"classes":[]},{"id":103054,"url":"https:\/\/www.24baires.com\/?p=103054","url_meta":{"origin":111794,"position":2},"title":"La UCA se\u00f1ala que la pobreza alcanza a casi la mitad de los ni\u00f1os del pa\u00eds","author":"AF","date":"28\/06\/2018","format":false,"excerpt":"Las pol\u00edticas de ajuste de Cambiemos impactan especialmente sobre los chicos: seg\u00fan el Bar\u00f3metro de Deuda Social de la Infancia de la UCA, el 48,1 por ciento de los ni\u00f1os y ni\u00f1as argentinos vive en condiciones de pobreza. El 33,8 por ciento desayuna, almuerza y merienda en comedores escolares o\u2026","rel":"","context":"En \u00abSociedad\u00bb","block_context":{"text":"Sociedad","link":"https:\/\/www.24baires.com\/?cat=1"},"img":{"alt_text":"","src":"https:\/\/i0.wp.com\/www.24baires.com\/wp-content\/uploads\/2016\/06\/pobreza.jpg?resize=350%2C200","width":350,"height":200,"srcset":"https:\/\/i0.wp.com\/www.24baires.com\/wp-content\/uploads\/2016\/06\/pobreza.jpg?resize=350%2C200 1x, https:\/\/i0.wp.com\/www.24baires.com\/wp-content\/uploads\/2016\/06\/pobreza.jpg?resize=525%2C300 1.5x"},"classes":[]},{"id":107870,"url":"https:\/\/www.24baires.com\/?p=107870","url_meta":{"origin":111794,"position":3},"title":"Creci\u00f3 la pobreza infantil y afecta a 4,7 millones de chicos en la Argentina","author":"GB","date":"29\/04\/2019","format":false,"excerpt":"Unos 600.000 ni\u00f1os cayeron en la pobreza en el \u00faltimo a\u00f1o y unos 590.000 pasaron a la indigencia. La crisis econ\u00f3mica que transita la Argentina sum\u00f3 m\u00e1s pobreza y golpea fuertemente a los chicos menores de 17 a\u00f1os. Seg\u00fan un nuevo informe de la Universidad Cat\u00f3lica Argentina (UCA) e Infancia\u2026","rel":"","context":"En \u00abSociedad\u00bb","block_context":{"text":"Sociedad","link":"https:\/\/www.24baires.com\/?cat=1"},"img":{"alt_text":"","src":"https:\/\/i0.wp.com\/www.24baires.com\/wp-content\/uploads\/2019\/04\/pobreza.jpg?resize=350%2C200","width":350,"height":200,"srcset":"https:\/\/i0.wp.com\/www.24baires.com\/wp-content\/uploads\/2019\/04\/pobreza.jpg?resize=350%2C200 1x, https:\/\/i0.wp.com\/www.24baires.com\/wp-content\/uploads\/2019\/04\/pobreza.jpg?resize=525%2C300 1.5x"},"classes":[]},{"id":54961,"url":"https:\/\/www.24baires.com\/?p=54961","url_meta":{"origin":111794,"position":4},"title":"Comedores de Pilar piden alimentos para poder seguir asistiendo a ni\u00f1os","author":"GB","date":"07\/10\/2014","format":false,"excerpt":"Cuatro entidades de Derqui que reciben a casi 300 chicos por d\u00eda y que est\u00e1n coordinados por la Organizaci\u00f3n Barrios de Pie, se movilizaron a las puertas del municipio para pedir alimentos para poder seguir asistiendo a los nenes. Desde la comuna s\u00f3lo prometieron leche y cereales. El pasado viernes,\u2026","rel":"","context":"En \u00abLocales\u00bb","block_context":{"text":"Locales","link":"https:\/\/www.24baires.com\/?cat=38"},"img":{"alt_text":"","src":"","width":0,"height":0},"classes":[]},{"id":33145,"url":"https:\/\/www.24baires.com\/?p=33145","url_meta":{"origin":111794,"position":5},"title":"Denuncian que la comida de los comedores escolares de Lobos es insuficiente","author":"AF","date":"07\/10\/2013","format":false,"excerpt":"Ediles radicales pidieron a las autoridades locales que informen sobre la cantidad de dinero que recibe Lobos por el servicio alimentario escolar, el plan alimenticio establecido y las porciones que efectivamente otorgan a cada menor. Docentes, auxiliares y los propios menores afirmaron que habr\u00eda restricciones en la comida, por lo\u2026","rel":"","context":"En \u00abLocales\u00bb","block_context":{"text":"Locales","link":"https:\/\/www.24baires.com\/?cat=38"},"img":{"alt_text":"","src":"","width":0,"height":0},"classes":[]}],"jetpack_sharing_enabled":true,"jetpack_likes_enabled":true,"jetpack_featured_media_url":"","_links":{"self":[{"href":"https:\/\/www.24baires.com\/index.php?rest_route=\/wp\/v2\/posts\/111794","targetHints":{"allow":["GET"]}}],"collection":[{"href":"https:\/\/www.24baires.com\/index.php?rest_route=\/wp\/v2\/posts"}],"about":[{"href":"https:\/\/www.24baires.com\/index.php?rest_route=\/wp\/v2\/types\/post"}],"author":[{"embeddable":true,"href":"https:\/\/www.24baires.com\/index.php?rest_route=\/wp\/v2\/users\/8"}],"replies":[{"embeddable":true,"href":"https:\/\/www.24baires.com\/index.php?rest_route=%2Fwp%2Fv2%2Fcomments&post=111794"}],"version-history":[{"count":2,"href":"https:\/\/www.24baires.com\/index.php?rest_route=\/wp\/v2\/posts\/111794\/revisions"}],"predecessor-version":[{"id":111796,"href":"https:\/\/www.24baires.com\/index.php?rest_route=\/wp\/v2\/posts\/111794\/revisions\/111796"}],"wp:attachment":[{"href":"https:\/\/www.24baires.com\/index.php?rest_route=%2Fwp%2Fv2%2Fmedia&parent=111794"}],"wp:term":[{"taxonomy":"category","embeddable":true,"href":"https:\/\/www.24baires.com\/index.php?rest_route=%2Fwp%2Fv2%2Fcategories&post=111794"},{"taxonomy":"post_tag","embeddable":true,"href":"https:\/\/www.24baires.com\/index.php?rest_route=%2Fwp%2Fv2%2Ftags&post=111794"}],"curies":[{"name":"wp","href":"https:\/\/api.w.org\/{rel}","templated":true}]}}