{"id":111774,"date":"2019-08-23T19:30:27","date_gmt":"2019-08-23T22:30:27","guid":{"rendered":"http:\/\/www.24baires.com\/?p=111774"},"modified":"2019-08-23T21:00:41","modified_gmt":"2019-08-24T00:00:41","slug":"macri-relanzo-ahora-12-pero-la-venta-de-electrodomesticos-cayo-igual","status":"publish","type":"post","link":"https:\/\/www.24baires.com\/?p=111774","title":{"rendered":"Macri relanz\u00f3 Ahora 12 pero la venta de electrodom\u00e9sticos cay\u00f3 igual"},"content":{"rendered":"<p><img data-recalc-dims=\"1\" loading=\"lazy\" decoding=\"async\" src=\"https:\/\/i0.wp.com\/www.24baires.com\/wp-content\/uploads\/2019\/02\/electrodomesticos.jpg?resize=560%2C337\" alt=\"\" width=\"560\" height=\"337\" class=\"aligncenter size-full wp-image-106835\" srcset=\"https:\/\/i0.wp.com\/www.24baires.com\/wp-content\/uploads\/2019\/02\/electrodomesticos.jpg?w=560&amp;ssl=1 560w, https:\/\/i0.wp.com\/www.24baires.com\/wp-content\/uploads\/2019\/02\/electrodomesticos.jpg?resize=300%2C181&amp;ssl=1 300w\" sizes=\"auto, (max-width: 560px) 100vw, 560px\" \/>As\u00ed lo dej\u00f3 en evidencia el \u00faltimo informe del INDEC que advierte que la ca\u00edda en unidades lleg\u00f3, seg\u00fan el rubro, hasta el 83% en comparaci\u00f3n con junio del a\u00f1o pasado.<!--more--><\/p>\n<p>Todav\u00eda faltaba m\u00e1s de un mes para la Primarias Abiertas, Simult\u00e1neas y Obligatorias (PASO) de las elecciones 2019 en las que sufri\u00f3 una aplastante derrota. Todos los sondeos de intenci\u00f3n de voto lo ubicaban por detr\u00e1s del candidato del Frente de Todos, Alberto Fern\u00e1ndez (aunque ninguno estivo siquiera cerca de anticipar la diferencia que finalmente arrojaron las urnas) y el presidente Mauricio Macri comenzaba a apostar a un \u00abpopulismo electoralista\u00bb para mejorar sus chances reeleccionistas.<\/p>\n<p>En ese camino relanz\u00f3 el programa Ahora 12 con la esperanza de reavivar el consumo y crear una suerte de veranito en medio del p\u00e1ramo de la recesi\u00f3n a la que llevaron m\u00e1s de 3 a\u00f1os de pol\u00edticas macristas.<\/p>\n<p>Sin embargo no alcanz\u00f3. El INDEC inform\u00f3 este viernes que las ventas de electrodom\u00e9sticos en junio, el primer mes del relanzamiento de Ahora 12 cayeron con fuerza.<\/p>\n<p>\u00abMejoramos Ahora 12 con cambios en las tasas para que sea m\u00e1s conveniente comprar en cuotas con tarjeta de cr\u00e9dito\u00bb hab\u00eda anunciado en mayo Macri y segu\u00eda: \u00abEsto se va a aplicar a rubros importantes para la econom\u00eda familiar, como la ropa, los muebles, libros, juguetes, televisores, l\u00ednea blanca, bicis, motos, colchones, turismo y celulares, entre otros. El programa ofrece 3, 6, 12 y 18 cuotas con las tasas m\u00e1s bajas del mercado\u00bb.<\/p>\n<p>Sin embargo al mes siguiente las ventas de electrodom\u00e9sticos cay\u00f3 de forma abrupta.<\/p>\n<p>De acuerdo con el INDEC en junio pasado las ventas de electrodom\u00e9sticos cay\u00f3 en la comparaci\u00f3n interanual y a precios corrientes un 14%.<\/p>\n<p>A la hora de analizar la performance rubro por rubro y en cantidades las ca\u00eddas dan cuenta de la magnitud de la recesi\u00f3n y la ca\u00edda del poder adquisitivo del salario.<\/p>\n<p>En junio pasado, mes en que se jug\u00f3 la Copa Am\u00e9rica en Brasil, la venta de \u00abTelevisores, TV LED, smart TV, LCD y plasmas\u00bb cay\u00f3 un 67,3% con respecto a junio de 2018.<\/p>\n","protected":false},"excerpt":{"rendered":"<p>As\u00ed lo dej\u00f3 en evidencia el \u00faltimo informe del INDEC que advierte que la ca\u00edda en unidades lleg\u00f3, seg\u00fan el rubro, hasta el 83% en comparaci\u00f3n con junio del a\u00f1o pasado.<\/p>\n","protected":false},"author":4,"featured_media":0,"comment_status":"open","ping_status":"open","sticky":false,"template":"","format":"standard","meta":{"_jetpack_newsletter_access":"","_jetpack_dont_email_post_to_subs":false,"_jetpack_newsletter_tier_id":0,"_jetpack_memberships_contains_paywalled_content":false,"_jetpack_memberships_contains_paid_content":false,"footnotes":""},"categories":[45],"tags":[],"class_list":["post-111774","post","type-post","status-publish","format-standard","hentry","category-economia"],"jetpack_featured_media_url":"","jetpack_shortlink":"https:\/\/wp.me\/p2JWE0-t4O","jetpack-related-posts":[{"id":93013,"url":"https:\/\/www.24baires.com\/?p=93013","url_meta":{"origin":111774,"position":0},"title":"Frigerio indic\u00f3 que la cuota del Procrear ser\u00e1 \u00abmenor que un alquiler\u00bb","author":"AF","date":"13\/03\/2017","format":false,"excerpt":"El ministro del Interior, Rogelio Frigerio, afirm\u00f3 hoy que \"estamos relanzando una herramienta buena del Gobierno anterior, pero que estaba mal asignada\" pues \"tenemos casas de Procrear en barrios cerrados\", en declaraciones formuladas esta ma\u00f1ana a radio La Red. El ministro del Interior, Obras P\u00fablicas y Vivienda, Rogelio Frigerio, afirm\u00f3\u2026","rel":"","context":"En \u00abSociedad\u00bb","block_context":{"text":"Sociedad","link":"https:\/\/www.24baires.com\/?cat=1"},"img":{"alt_text":"","src":"https:\/\/i0.wp.com\/www.24baires.com\/wp-content\/uploads\/2016\/02\/frigerio.jpg?resize=350%2C200","width":350,"height":200,"srcset":"https:\/\/i0.wp.com\/www.24baires.com\/wp-content\/uploads\/2016\/02\/frigerio.jpg?resize=350%2C200 1x, https:\/\/i0.wp.com\/www.24baires.com\/wp-content\/uploads\/2016\/02\/frigerio.jpg?resize=525%2C300 1.5x"},"classes":[]},{"id":108515,"url":"https:\/\/www.24baires.com\/?p=108515","url_meta":{"origin":111774,"position":1},"title":"El Gobierno busca reactivar el consumo: Relanz\u00f3 el Ahora 12","author":"AF","date":"31\/05\/2019","format":false,"excerpt":"Urgido por reactivar la econom\u00eda en el a\u00f1o en que se juega la reelecci\u00f3n el gobierno de Mauricio Macri anunci\u00f3 la baja de las tasas de inter\u00e9s, hasta el 31 de diciembre, para fomentar las compras en cuotas. La Secretar\u00eda de Comercio Interior anunci\u00f3 este viernes la baja de la\u2026","rel":"","context":"En \u00abSociedad\u00bb","block_context":{"text":"Sociedad","link":"https:\/\/www.24baires.com\/?cat=1"},"img":{"alt_text":"","src":"https:\/\/i0.wp.com\/www.24baires.com\/wp-content\/uploads\/2016\/02\/ahora-12.jpg?resize=350%2C200","width":350,"height":200,"srcset":"https:\/\/i0.wp.com\/www.24baires.com\/wp-content\/uploads\/2016\/02\/ahora-12.jpg?resize=350%2C200 1x, https:\/\/i0.wp.com\/www.24baires.com\/wp-content\/uploads\/2016\/02\/ahora-12.jpg?resize=525%2C300 1.5x"},"classes":[]},{"id":92989,"url":"https:\/\/www.24baires.com\/?p=92989","url_meta":{"origin":111774,"position":2},"title":"Macri relanz\u00f3 el programa Procrear","author":"AF","date":"11\/03\/2017","format":false,"excerpt":"En el marco de una presentaci\u00f3n en la localidad de Bella Vista, partido bonaerense de San Miguel, el presidente relanz\u00f3 Procrear e hizo un llamado a sostener el esp\u00edritu de cambio en la gesti\u00f3n p\u00fablica. \"Cambiar es inc\u00f3modo y cuesta despu\u00e9s de muchos a\u00f1os de mentiras. Es importante decir la\u2026","rel":"","context":"En \u00abSociedad\u00bb","block_context":{"text":"Sociedad","link":"https:\/\/www.24baires.com\/?cat=1"},"img":{"alt_text":"","src":"https:\/\/i0.wp.com\/www.24baires.com\/wp-content\/uploads\/2016\/11\/macri-ruta-5.jpg?resize=350%2C200","width":350,"height":200,"srcset":"https:\/\/i0.wp.com\/www.24baires.com\/wp-content\/uploads\/2016\/11\/macri-ruta-5.jpg?resize=350%2C200 1x, https:\/\/i0.wp.com\/www.24baires.com\/wp-content\/uploads\/2016\/11\/macri-ruta-5.jpg?resize=525%2C300 1.5x"},"classes":[]},{"id":107631,"url":"https:\/\/www.24baires.com\/?p=107631","url_meta":{"origin":111774,"position":3},"title":"El Gobierno restablecer\u00eda los programas del kirchnerismo para reanimar el consumo","author":"AF","date":"11\/04\/2019","format":false,"excerpt":"Vuelven los cr\u00e9ditos de la Anses, Procrear y Ahora 12. Lo anunciar\u00eda el mi\u00e9rcoles. El presidente Mauricio Macri anunciar\u00e1 el pr\u00f3ximo mi\u00e9rcoles una bater\u00eda de medidas para intentar reactivar la econom\u00eda. Los anuncios incluir\u00edan tres l\u00edneas de cr\u00e9dito -los pr\u00e9stamos Anses, Procrear y Mejor Hogar-; el relanzamiento de programa Ahora\u2026","rel":"","context":"En \u00abEconom\u00eda\u00bb","block_context":{"text":"Econom\u00eda","link":"https:\/\/www.24baires.com\/?cat=45"},"img":{"alt_text":"","src":"https:\/\/i0.wp.com\/www.24baires.com\/wp-content\/uploads\/2019\/03\/MACRI-CONGRESO.png?resize=350%2C200","width":350,"height":200,"srcset":"https:\/\/i0.wp.com\/www.24baires.com\/wp-content\/uploads\/2019\/03\/MACRI-CONGRESO.png?resize=350%2C200 1x, https:\/\/i0.wp.com\/www.24baires.com\/wp-content\/uploads\/2019\/03\/MACRI-CONGRESO.png?resize=525%2C300 1.5x"},"classes":[]},{"id":111704,"url":"https:\/\/www.24baires.com\/?p=111704","url_meta":{"origin":111774,"position":4},"title":"Vidal relanzar\u00e1 su campa\u00f1a con un paquete de medidas econ\u00f3micas","author":"GB","date":"20\/08\/2019","format":false,"excerpt":"Adem\u00e1s, realizar\u00e1 un acto con intendentes luego de perder de manera abultada las PASO Mar\u00eda Eugenia Vidal relanzar\u00e1 esta semana su campa\u00f1a electoral de cara a las elecciones de octubrecon el anuncio de un paquete de medidas econ\u00f3micas y una seguidilla de actos con intendentes y candidatos de Juntos por\u2026","rel":"","context":"En \u00abProvincia\u00bb","block_context":{"text":"Provincia","link":"https:\/\/www.24baires.com\/?cat=40"},"img":{"alt_text":"","src":"https:\/\/i0.wp.com\/www.24baires.com\/wp-content\/uploads\/2019\/08\/vidall-1.jpg?resize=350%2C200","width":350,"height":200,"srcset":"https:\/\/i0.wp.com\/www.24baires.com\/wp-content\/uploads\/2019\/08\/vidall-1.jpg?resize=350%2C200 1x, https:\/\/i0.wp.com\/www.24baires.com\/wp-content\/uploads\/2019\/08\/vidall-1.jpg?resize=525%2C300 1.5x"},"classes":[]},{"id":93029,"url":"https:\/\/www.24baires.com\/?p=93029","url_meta":{"origin":111774,"position":5},"title":"Aseguran que hubo 833 inscriptos por hora en el Procrear","author":"GB","date":"13\/03\/2017","format":false,"excerpt":"Frigerio destac\u00f3 que que en las \u00faltimas 48 horas hubo 40 mil nuevos anotado y un mill\u00f3n de consultas sobre el plan para la primera vivienda. El ministro del Interior, Obras P\u00fablicas y Vivienda, Rogelio Frigerio, se\u00f1al\u00f3 que el relanzamiento de Pro.Cre.Ar. permitir\u00e1 \"planificar mejor la ayuda del Estado para\u2026","rel":"","context":"En \u00abSociedad\u00bb","block_context":{"text":"Sociedad","link":"https:\/\/www.24baires.com\/?cat=1"},"img":{"alt_text":"","src":"https:\/\/i0.wp.com\/www.24baires.com\/wp-content\/uploads\/2016\/03\/procrear-vidal.jpg?resize=350%2C200","width":350,"height":200,"srcset":"https:\/\/i0.wp.com\/www.24baires.com\/wp-content\/uploads\/2016\/03\/procrear-vidal.jpg?resize=350%2C200 1x, https:\/\/i0.wp.com\/www.24baires.com\/wp-content\/uploads\/2016\/03\/procrear-vidal.jpg?resize=525%2C300 1.5x"},"classes":[]}],"jetpack_sharing_enabled":true,"jetpack_likes_enabled":true,"_links":{"self":[{"href":"https:\/\/www.24baires.com\/index.php?rest_route=\/wp\/v2\/posts\/111774","targetHints":{"allow":["GET"]}}],"collection":[{"href":"https:\/\/www.24baires.com\/index.php?rest_route=\/wp\/v2\/posts"}],"about":[{"href":"https:\/\/www.24baires.com\/index.php?rest_route=\/wp\/v2\/types\/post"}],"author":[{"embeddable":true,"href":"https:\/\/www.24baires.com\/index.php?rest_route=\/wp\/v2\/users\/4"}],"replies":[{"embeddable":true,"href":"https:\/\/www.24baires.com\/index.php?rest_route=%2Fwp%2Fv2%2Fcomments&post=111774"}],"version-history":[{"count":1,"href":"https:\/\/www.24baires.com\/index.php?rest_route=\/wp\/v2\/posts\/111774\/revisions"}],"predecessor-version":[{"id":111775,"href":"https:\/\/www.24baires.com\/index.php?rest_route=\/wp\/v2\/posts\/111774\/revisions\/111775"}],"wp:attachment":[{"href":"https:\/\/www.24baires.com\/index.php?rest_route=%2Fwp%2Fv2%2Fmedia&parent=111774"}],"wp:term":[{"taxonomy":"category","embeddable":true,"href":"https:\/\/www.24baires.com\/index.php?rest_route=%2Fwp%2Fv2%2Fcategories&post=111774"},{"taxonomy":"post_tag","embeddable":true,"href":"https:\/\/www.24baires.com\/index.php?rest_route=%2Fwp%2Fv2%2Ftags&post=111774"}],"curies":[{"name":"wp","href":"https:\/\/api.w.org\/{rel}","templated":true}]}}