{"id":111724,"date":"2019-08-21T12:00:44","date_gmt":"2019-08-21T15:00:44","guid":{"rendered":"http:\/\/www.24baires.com\/?p=111724"},"modified":"2019-08-21T09:35:54","modified_gmt":"2019-08-21T12:35:54","slug":"bronca-de-pequenos-comerciantes-por-el-descuento-del-iva-en-alimentos-nos-vamos-a-fundir","status":"publish","type":"post","link":"https:\/\/www.24baires.com\/?p=111724","title":{"rendered":"Bronca de peque\u00f1os comerciantes por el descuento del IVA en alimentos: \u00abnos vamos a fundir\u00bb"},"content":{"rendered":"<p><img data-recalc-dims=\"1\" loading=\"lazy\" decoding=\"async\" src=\"https:\/\/i0.wp.com\/www.24baires.com\/wp-content\/uploads\/2018\/08\/supermercado.jpg?resize=560%2C313\" alt=\"\" width=\"560\" height=\"313\" class=\"aligncenter size-full wp-image-103910\" srcset=\"https:\/\/i0.wp.com\/www.24baires.com\/wp-content\/uploads\/2018\/08\/supermercado.jpg?w=560&amp;ssl=1 560w, https:\/\/i0.wp.com\/www.24baires.com\/wp-content\/uploads\/2018\/08\/supermercado.jpg?resize=300%2C168&amp;ssl=1 300w\" sizes=\"auto, (max-width: 560px) 100vw, 560px\" \/>La medida anunciada por el Gobierno post PASO todav\u00eda tiene inconvenientes en su aplicaci\u00f3n y los almaceneros pusieron el grito en el cielo porque los productos llegan con el impuesto, pero son ellos quienes tienen que absorberlo para no trasladarlo al consumidor final.<!--more--><\/p>\n<p>El decreto por el cual el Gobierno estableci\u00f3 el descuento del IVA de los alimentos genera desconcierto en peque\u00f1os comerciantes que se encontraron con un inconveniente en su aplicaci\u00f3n. Resulta que la norma establece que sean ellos quienes absorban el impuesto para no trasladarlo a consumidor final.<\/p>\n<p>Es que, seg\u00fan informaron fuentes del sector a INFOCIELO, los alimentos llegan con IVA, por lo que se produce una \u201cfacturaci\u00f3n normal\u201d, y el desglose del impuesto debe realizarlo cada comerciante, contador mediante, y el valor va directo a una acumulaci\u00f3n de cr\u00e9dito fiscal.<\/p>\n<p>B\u00e1sicamente: el almacenero paga por el producto, y cuando lo vendes, le descuenta el IVA que queda en cr\u00e9dito fiscal. \u201cTodos sabemos que es lo mismo que est\u00e9 en una nube, en el aire, no te sirve para nada. Es imposible trasladarlo a la g\u00f3ndola, si lo hacemos nos vamos a fundir. No solo no gano, pierdo. Una ridiculez total\u201d, aseguraron comerciantes plantenses a este portal.<\/p>\n<p>Pero la situaci\u00f3n ya est\u00e1 haci\u00e9ndose eco en todo el pa\u00eds, por ejemplo, Juan Milito, del Centro Uni\u00f3n Almaceneros de Rosario en di\u00e1logo con Radio Mitre, plante\u00f3 la misma problem\u00e1tica: \u00abLo que el Gobierno pretende es que los comerciantes absorbamos el IVA y no lo traslademos al consumidor final\u00bb, dijo y continuo: \u201cesta situaci\u00f3n genera una acumulaci\u00f3n de cr\u00e9dito fiscal del IVA, que, a lo mejor a fin de a\u00f1o somos millonarios en t\u00e9rminos de cr\u00e9dito fiscal del IVA, pero con los negocios cerrados porque no vamos a poder soportar esta carga\u00bb.<\/p>\n<p>Adem\u00e1s, detall\u00f3 que los monotributistas \u00abdirectamente perder\u00e1n el 21 por ciento\u00bb. \u00abSi hubiesen querido hacerlo bien, lo hubiesen hecho desde el punto de partida, o sea desde la fabricaci\u00f3n del producto y, de ah\u00ed para abajo, no tendr\u00edamos esta problem\u00e1tica\u00bb, concluy\u00f3.<\/p>\n<p>Desde las grandes compa\u00f1\u00edas productoras de alimentos se abrazan al decreto 567\/2019 publicado el viernes en el Bolet\u00edn Oficial que dice: \u00abDado el contexto econ\u00f3mico y social imperante, se considera necesario establecer que la venta de ciertos productos de la canasta alimentaria, estar\u00e1 alcanzada por una al\u00edcuota equivalente al cero por ciento (0%) en el impuesto al valor agregado, establecido por la Ley al Valor Agregado\u00bb.<\/p>\n<p>La respectiva legislaci\u00f3n que cita el decreto oficial, en su art\u00edculo 4 establece que \u201cel impuesto ingresado con arreglo a lo dispuesto en el presente art\u00edculo tendr\u00e1, para el responsable sustituto,el car\u00e1cter de cr\u00e9dito fiscal habilit\u00e1ndose su c\u00f3mputo conforme a lo previsto en los art\u00edculos 12, 13 y en el primer p\u00e1rrafo del art\u00edculo 24, de corresponder\u201d.<\/p>\n<p>\u201cEllos quieren el efectivo y nosotros que nos quede cr\u00e9dito fiscal\u201d, se\u00f1alan almaceneros quienes adem\u00e1s aseguran que \u201ces imposible\u201d. \u201cObviamente lo pueden hacer las grandes cadenas de supermercados. Es imposible de hacer\u201d.<\/p>\n","protected":false},"excerpt":{"rendered":"<p>La medida anunciada por el Gobierno post PASO todav\u00eda tiene inconvenientes en su aplicaci\u00f3n y los almaceneros pusieron el grito en el cielo porque los productos llegan con el impuesto, pero son ellos quienes tienen que absorberlo para no trasladarlo al consumidor final.<\/p>\n","protected":false},"author":8,"featured_media":0,"comment_status":"open","ping_status":"open","sticky":false,"template":"","format":"standard","meta":{"_jetpack_newsletter_access":"","_jetpack_dont_email_post_to_subs":false,"_jetpack_newsletter_tier_id":0,"_jetpack_memberships_contains_paywalled_content":false,"_jetpack_memberships_contains_paid_content":false,"footnotes":""},"categories":[45],"tags":[],"class_list":["post-111724","post","type-post","status-publish","format-standard","hentry","category-economia"],"jetpack_featured_media_url":"","jetpack_shortlink":"https:\/\/wp.me\/p2JWE0-t40","jetpack-related-posts":[{"id":120487,"url":"https:\/\/www.24baires.com\/?p=120487","url_meta":{"origin":111724,"position":0},"title":"Cuenta DNI se suma a la devoluci\u00f3n de IVA y permitir\u00e1 ahorrar hasta $78.800","author":"AF","date":"19\/09\/2023","format":false,"excerpt":"Desde la banca p\u00fablica informaron que \u201ceste beneficio se acumula con los descuentos que ya ofrece\u201d la billetera digital. Cuenta DNI se suma, a partir de ahora, a la iniciativa \u201cCompre sin IVA\u201d, anunciada por el ministerio de Econom\u00eda de la Naci\u00f3n que reintegra en concepto de IVA el 21%\u2026","rel":"","context":"En \u00abSociedad\u00bb","block_context":{"text":"Sociedad","link":"https:\/\/www.24baires.com\/?cat=1"},"img":{"alt_text":"","src":"https:\/\/i0.wp.com\/www.24baires.com\/wp-content\/uploads\/2023\/09\/cuenta-dni.jpg?resize=350%2C200","width":350,"height":200,"srcset":"https:\/\/i0.wp.com\/www.24baires.com\/wp-content\/uploads\/2023\/09\/cuenta-dni.jpg?resize=350%2C200 1x, https:\/\/i0.wp.com\/www.24baires.com\/wp-content\/uploads\/2023\/09\/cuenta-dni.jpg?resize=525%2C300 1.5x, https:\/\/i0.wp.com\/www.24baires.com\/wp-content\/uploads\/2023\/09\/cuenta-dni.jpg?resize=700%2C400 2x"},"classes":[]},{"id":111789,"url":"https:\/\/www.24baires.com\/?p=111789","url_meta":{"origin":111724,"position":1},"title":"Los aumentos de precios en g\u00f3ndola superan el 25% por el efecto PASO","author":"GB","date":"26\/08\/2019","format":false,"excerpt":"La eliminaci\u00f3n del IVA permiti\u00f3 amortiguar las subas que llegaron tras la fuerte devaluaci\u00f3n del peso que comenz\u00f3 el lunes 12. Fideos secos, bebidas sin alcohol, aceites, jugos concentrados y galletitas dulces aparecen a la cabeza de los productos en los que se registraron mayores aumentos en las \u00faltimas dos\u2026","rel":"","context":"En \u00abConsumidores\u00bb","block_context":{"text":"Consumidores","link":"https:\/\/www.24baires.com\/?cat=78"},"img":{"alt_text":"","src":"https:\/\/i0.wp.com\/www.24baires.com\/wp-content\/uploads\/2018\/08\/supermercado.jpg?resize=350%2C200","width":350,"height":200,"srcset":"https:\/\/i0.wp.com\/www.24baires.com\/wp-content\/uploads\/2018\/08\/supermercado.jpg?resize=350%2C200 1x, https:\/\/i0.wp.com\/www.24baires.com\/wp-content\/uploads\/2018\/08\/supermercado.jpg?resize=525%2C300 1.5x"},"classes":[]},{"id":111651,"url":"https:\/\/www.24baires.com\/?p=111651","url_meta":{"origin":111724,"position":2},"title":"Eliminan el IVA a los alimentos de la canasta b\u00e1sica hasta fin de a\u00f1o","author":"AF","date":"15\/08\/2019","format":false,"excerpt":"Pan, leche, arroz, yerba, t\u00e9, az\u00facar, polenta y pastas secas no estar\u00e1n gravadas con el Impuesto al Valor Agregado. El presidente Mauricio Macri anunci\u00f3 este jueves \"la eliminaci\u00f3n del IVA de los principales alimentos que consumen las familias argentinas\". Los productos alcanzados son pan, leche, aceite, pastas, yerba mate, arroz\u2026","rel":"","context":"En \u00abEconom\u00eda\u00bb","block_context":{"text":"Econom\u00eda","link":"https:\/\/www.24baires.com\/?cat=45"},"img":{"alt_text":"","src":"https:\/\/i0.wp.com\/www.24baires.com\/wp-content\/uploads\/2018\/12\/alimentos.jpg?resize=350%2C200","width":350,"height":200,"srcset":"https:\/\/i0.wp.com\/www.24baires.com\/wp-content\/uploads\/2018\/12\/alimentos.jpg?resize=350%2C200 1x, https:\/\/i0.wp.com\/www.24baires.com\/wp-content\/uploads\/2018\/12\/alimentos.jpg?resize=525%2C300 1.5x"},"classes":[]},{"id":113645,"url":"https:\/\/www.24baires.com\/?p=113645","url_meta":{"origin":111724,"position":3},"title":"Acuerdan bajar los precios de alimentos del programa de reducci\u00f3n del IVA","author":"AF","date":"31\/12\/2019","format":false,"excerpt":"La medida se complementa con el congelamiento de tarifas, peajes, naftas y la extensi\u00f3n de los beneficios a los cr\u00e9ditos UVA y el Plan Ahora 12. El gobierno nacional, los supermercadistas y productores llegaron a un acuerdo para bajar los precios de los productos alimenticios incluidos en el programa temporal\u2026","rel":"","context":"En \u00abSociedad\u00bb","block_context":{"text":"Sociedad","link":"https:\/\/www.24baires.com\/?cat=1"},"img":{"alt_text":"","src":"https:\/\/i0.wp.com\/www.24baires.com\/wp-content\/uploads\/2017\/07\/fila-supermercado.jpg?resize=350%2C200","width":350,"height":200,"srcset":"https:\/\/i0.wp.com\/www.24baires.com\/wp-content\/uploads\/2017\/07\/fila-supermercado.jpg?resize=350%2C200 1x, https:\/\/i0.wp.com\/www.24baires.com\/wp-content\/uploads\/2017\/07\/fila-supermercado.jpg?resize=525%2C300 1.5x"},"classes":[]},{"id":18281,"url":"https:\/\/www.24baires.com\/?p=18281","url_meta":{"origin":111724,"position":4},"title":"Por cada diez pesos pagados con tarjeta, el Banco se queda con dos","author":"AF","date":"13\/03\/2013","format":false,"excerpt":"El costo financiero en el canal de comercializaci\u00f3n por el uso de tarjetas de cr\u00e9dito o d\u00e9bito, llev\u00f3 por ejemplo, a que el a\u00f1o pasado los bancos embolsaran 13.000 millones de pesos por los servicios. El costo financiero en el canal de comercializaci\u00f3n por el uso de tarjetas de cr\u00e9dito\u2026","rel":"","context":"En \u00abEconom\u00eda\u00bb","block_context":{"text":"Econom\u00eda","link":"https:\/\/www.24baires.com\/?cat=45"},"img":{"alt_text":"","src":"","width":0,"height":0},"classes":[]},{"id":120481,"url":"https:\/\/www.24baires.com\/?p=120481","url_meta":{"origin":111724,"position":5},"title":"Comienza a regir el programa Compre sin IVA","author":"GB","date":"18\/09\/2023","format":false,"excerpt":"La devoluci\u00f3n del IVA en las compras con tarjeta de d\u00e9bito durar\u00e1 hasta diciembre, pero podr\u00eda extenderse. El ministro de Econom\u00eda de la Naci\u00f3n, Sergio Massa, anunci\u00f3 un programa para devolverle el IVA de los productos de la canasta b\u00e1sica alimentaria a quienes cobran menos de 708 mil pesos por\u2026","rel":"","context":"En \u00abEconom\u00eda\u00bb","block_context":{"text":"Econom\u00eda","link":"https:\/\/www.24baires.com\/?cat=45"},"img":{"alt_text":"","src":"https:\/\/i0.wp.com\/www.24baires.com\/wp-content\/uploads\/2023\/09\/compre-sin-iva.webp?resize=350%2C200","width":350,"height":200,"srcset":"https:\/\/i0.wp.com\/www.24baires.com\/wp-content\/uploads\/2023\/09\/compre-sin-iva.webp?resize=350%2C200 1x, https:\/\/i0.wp.com\/www.24baires.com\/wp-content\/uploads\/2023\/09\/compre-sin-iva.webp?resize=525%2C300 1.5x, https:\/\/i0.wp.com\/www.24baires.com\/wp-content\/uploads\/2023\/09\/compre-sin-iva.webp?resize=700%2C400 2x"},"classes":[]}],"jetpack_sharing_enabled":true,"jetpack_likes_enabled":true,"_links":{"self":[{"href":"https:\/\/www.24baires.com\/index.php?rest_route=\/wp\/v2\/posts\/111724","targetHints":{"allow":["GET"]}}],"collection":[{"href":"https:\/\/www.24baires.com\/index.php?rest_route=\/wp\/v2\/posts"}],"about":[{"href":"https:\/\/www.24baires.com\/index.php?rest_route=\/wp\/v2\/types\/post"}],"author":[{"embeddable":true,"href":"https:\/\/www.24baires.com\/index.php?rest_route=\/wp\/v2\/users\/8"}],"replies":[{"embeddable":true,"href":"https:\/\/www.24baires.com\/index.php?rest_route=%2Fwp%2Fv2%2Fcomments&post=111724"}],"version-history":[{"count":1,"href":"https:\/\/www.24baires.com\/index.php?rest_route=\/wp\/v2\/posts\/111724\/revisions"}],"predecessor-version":[{"id":111725,"href":"https:\/\/www.24baires.com\/index.php?rest_route=\/wp\/v2\/posts\/111724\/revisions\/111725"}],"wp:attachment":[{"href":"https:\/\/www.24baires.com\/index.php?rest_route=%2Fwp%2Fv2%2Fmedia&parent=111724"}],"wp:term":[{"taxonomy":"category","embeddable":true,"href":"https:\/\/www.24baires.com\/index.php?rest_route=%2Fwp%2Fv2%2Fcategories&post=111724"},{"taxonomy":"post_tag","embeddable":true,"href":"https:\/\/www.24baires.com\/index.php?rest_route=%2Fwp%2Fv2%2Ftags&post=111724"}],"curies":[{"name":"wp","href":"https:\/\/api.w.org\/{rel}","templated":true}]}}