{"id":111689,"date":"2019-08-19T11:30:13","date_gmt":"2019-08-19T14:30:13","guid":{"rendered":"http:\/\/www.24baires.com\/?p=111689"},"modified":"2019-08-19T10:37:06","modified_gmt":"2019-08-19T13:37:06","slug":"dia-del-nino-mas-del-60-de-los-comercios-retrajo-sus-ventas","status":"publish","type":"post","link":"https:\/\/www.24baires.com\/?p=111689","title":{"rendered":"D\u00eda del Ni\u00f1o: m\u00e1s del 60% de los comercios retrajo sus ventas"},"content":{"rendered":"<p><img data-recalc-dims=\"1\" loading=\"lazy\" decoding=\"async\" src=\"https:\/\/i0.wp.com\/www.24baires.com\/wp-content\/uploads\/2015\/08\/jugueter%C3%ADa.jpg?resize=560%2C315\" alt=\"\" width=\"560\" height=\"315\" class=\"aligncenter size-full wp-image-70427\" srcset=\"https:\/\/i0.wp.com\/www.24baires.com\/wp-content\/uploads\/2015\/08\/jugueter%C3%ADa.jpg?w=560&amp;ssl=1 560w, https:\/\/i0.wp.com\/www.24baires.com\/wp-content\/uploads\/2015\/08\/jugueter%C3%ADa.jpg?resize=300%2C169&amp;ssl=1 300w\" sizes=\"auto, (max-width: 560px) 100vw, 560px\" \/>Es un informa de la Confederaci\u00f3n Argentina de la Mediana Empresa (CAME) que adem\u00e1s determin\u00f3 que las ventas minoristas por el D\u00eda del Ni\u00f1o en negocios pymes cayeron un 3,3% con respecto al a\u00f1o anterior.<!--more--><\/p>\n<p>El D\u00eda del Ni\u00f1o del pasado fin de semana se vio directamente afectado por el fuerte incremento del precio del d\u00f3lar, tal es as\u00ed que un relevamiento elaborado por la Confederaci\u00f3n Argentina de la Mediana Empresa (CAME) muestra que s\u00f3lo el 22,6% de los comercios consultados tuvieron alzas en sus ventas, mientras que el 61% las retrajo, y en otro 16,4% se mantuvo sin cambios. Adem\u00e1s, determin\u00f3 que las ventas minoristas en comercios pymes cayeron un 3,3% con respecto al a\u00f1o anterior, mientars que las ventas en unidades cayeron un 12%.<\/p>\n<p>Asimismo indica que si bien se ven\u00eda recuperando el nivel de actividad en el \u00faltimo mes a partir de la extensi\u00f3n del Programa Ahora 12 a todos los d\u00edas de la semana, el descalabro cambiario retrotrajo el consumo. Se\u00f1alaron, adem\u00e1s, que el canal comercial ven\u00eda registrando ca\u00eddas en promedio del 13% cada mes con relaci\u00f3n a 2018 y la industria promedi\u00f3 una ca\u00edda interanual del orden del 30%.<\/p>\n<p>Por su parte, la Federaci\u00f3n de C\u00e1maras y Centros Comerciales Zonales de la Rep\u00fablica Argentina (Fedec\u00e1maras) asegur\u00f3 que la devaluaci\u00f3n gener\u00f3 que sea \u201cpoco el movimiento comercial\u201d en la fecha de la ni\u00f1ez.<\/p>\n<p>\u00abComo muchos juguetes son importados, el comerciante minorista, que ya no tiene margen para absorber las subas mayoristas, debe aumentar los precios lo que resinti\u00f3 las ventas\u00bb, detall\u00f3 presidente de la entidad, Rub\u00e9n Manusovich.<\/p>\n<p>El informe de Fedec\u00e1maras estim\u00f3 que el precio promedio de cada regalo fue de $1000 y que, si bien hubo ventas, la \u00abgente opt\u00f3 los art\u00edculos m\u00e1s econ\u00f3micos\u00bb. Los rubros favoritos fueron jugueter\u00edas, indumentaria deportiva, calzado, electr\u00f3nica, rodados, tiempo libre y camping, pero se ha vendido muy poco, el alivio del regreso de los planes Ahora 12 y Ahora 18, fue ef\u00edmero y las cuotas tienen intereses, estimamos una ca\u00edda del 10% con respeto al a\u00f1o anterior, precisaron desde la entidad.<\/p>\n","protected":false},"excerpt":{"rendered":"<p>Es un informa de la Confederaci\u00f3n Argentina de la Mediana Empresa (CAME) que adem\u00e1s determin\u00f3 que las ventas minoristas por el D\u00eda del Ni\u00f1o en negocios pymes cayeron un 3,3% con respecto al a\u00f1o anterior.<\/p>\n","protected":false},"author":8,"featured_media":0,"comment_status":"open","ping_status":"open","sticky":false,"template":"","format":"standard","meta":{"_jetpack_newsletter_access":"","_jetpack_dont_email_post_to_subs":false,"_jetpack_newsletter_tier_id":0,"_jetpack_memberships_contains_paywalled_content":false,"_jetpack_memberships_contains_paid_content":false,"footnotes":""},"categories":[45],"tags":[],"class_list":["post-111689","post","type-post","status-publish","format-standard","hentry","category-economia"],"jetpack_featured_media_url":"","jetpack_shortlink":"https:\/\/wp.me\/p2JWE0-t3r","jetpack-related-posts":[{"id":111466,"url":"https:\/\/www.24baires.com\/?p=111466","url_meta":{"origin":111689,"position":0},"title":"Las ventas de comercios minoristas cayeron 7,5% interanual en julio","author":"AF","date":"05\/08\/2019","format":false,"excerpt":"As\u00ed lo inform\u00f3 la Confederaci\u00f3n Argentina de la Mediana Empresa (CAME). La disminuci\u00f3n en las ventas interanuales alcanz\u00f3 al 66,4% de los comercios consultados. Las ventas de comercios minoristas cayeron 7,5% interanual en julio, pero \"mejoraron\" con relaci\u00f3n a junio, inform\u00f3 la Confederaci\u00f3n Argentina de la Mediana Empresa (CAME). La\u2026","rel":"","context":"En \u00abEconom\u00eda\u00bb","block_context":{"text":"Econom\u00eda","link":"https:\/\/www.24baires.com\/?cat=45"},"img":{"alt_text":"","src":"https:\/\/i0.wp.com\/www.24baires.com\/wp-content\/uploads\/2018\/12\/comercio.jpg?resize=350%2C200","width":350,"height":200,"srcset":"https:\/\/i0.wp.com\/www.24baires.com\/wp-content\/uploads\/2018\/12\/comercio.jpg?resize=350%2C200 1x, https:\/\/i0.wp.com\/www.24baires.com\/wp-content\/uploads\/2018\/12\/comercio.jpg?resize=525%2C300 1.5x"},"classes":[]},{"id":120793,"url":"https:\/\/www.24baires.com\/?p=120793","url_meta":{"origin":111689,"position":1},"title":"Confirman que las ventas navide\u00f1as cayeron casi 3 puntos","author":"GB","date":"26\/12\/2023","format":false,"excerpt":"Seg\u00fan la CAME, los comercios minoristas registraron una ca\u00edda en las ventas navide\u00f1as aunque aseguran que podr\u00eda haber sido peor. La Confederaci\u00f3n Argentina de la Mediana Empresa (CAME) public\u00f3 un relevamiento de las ventas navide\u00f1as realizado en 230 comercios pymes de todo el pa\u00eds entre el 22 y el 24\u2026","rel":"","context":"En \u00abConsumidores\u00bb","block_context":{"text":"Consumidores","link":"https:\/\/www.24baires.com\/?cat=78"},"img":{"alt_text":"","src":"https:\/\/i0.wp.com\/www.24baires.com\/wp-content\/uploads\/2018\/12\/compras-navidad.jpg?resize=350%2C200","width":350,"height":200,"srcset":"https:\/\/i0.wp.com\/www.24baires.com\/wp-content\/uploads\/2018\/12\/compras-navidad.jpg?resize=350%2C200 1x, https:\/\/i0.wp.com\/www.24baires.com\/wp-content\/uploads\/2018\/12\/compras-navidad.jpg?resize=525%2C300 1.5x, https:\/\/i0.wp.com\/www.24baires.com\/wp-content\/uploads\/2018\/12\/compras-navidad.jpg?resize=700%2C400 2x"},"classes":[]},{"id":121065,"url":"https:\/\/www.24baires.com\/?p=121065","url_meta":{"origin":111689,"position":2},"title":"Los comercios sufren el ajuste: las ventas minoristas cayeron 25,5%","author":"GB","date":"04\/03\/2024","format":false,"excerpt":"Comparadas con el mismo per\u00edodo del a\u00f1o pasado, el primer bimestre registr\u00f3 una ca\u00edda acumulada del 27%. Las ventas en los comercios minoristas pymes registraron en febrero en promedio una ca\u00edda de 25,5% interanual a precios constantes, mientras que frente a enero pasado retrocedieron 7,4%, seg\u00fan un relevamiento realizado por\u2026","rel":"","context":"En \u00abConsumidores\u00bb","block_context":{"text":"Consumidores","link":"https:\/\/www.24baires.com\/?cat=78"},"img":{"alt_text":"","src":"https:\/\/i0.wp.com\/www.24baires.com\/wp-content\/uploads\/2018\/12\/compras-navidad.jpg?resize=350%2C200","width":350,"height":200,"srcset":"https:\/\/i0.wp.com\/www.24baires.com\/wp-content\/uploads\/2018\/12\/compras-navidad.jpg?resize=350%2C200 1x, https:\/\/i0.wp.com\/www.24baires.com\/wp-content\/uploads\/2018\/12\/compras-navidad.jpg?resize=525%2C300 1.5x, https:\/\/i0.wp.com\/www.24baires.com\/wp-content\/uploads\/2018\/12\/compras-navidad.jpg?resize=700%2C400 2x"},"classes":[]},{"id":103982,"url":"https:\/\/www.24baires.com\/?p=103982","url_meta":{"origin":111689,"position":3},"title":"Pese a los descuentos y promociones, cayeron las ventas por el D\u00eda del Ni\u00f1o","author":"GB","date":"20\/08\/2018","format":false,"excerpt":"Mientras el a\u00f1o pasado el gasto promedio se ubic\u00f3 en los $500, en esta ocasi\u00f3n ascendi\u00f3 a $655, un 19% por encima del 2017. Pese a los descuentos y promociones para fomentar el consumo, las ventas por el D\u00eda del NI\u00f1o cayeron un 3,3% respecto de la misma fecha del\u2026","rel":"","context":"En \u00abConsumidores\u00bb","block_context":{"text":"Consumidores","link":"https:\/\/www.24baires.com\/?cat=78"},"img":{"alt_text":"","src":"https:\/\/i0.wp.com\/www.24baires.com\/wp-content\/uploads\/2014\/12\/jugueteria-300x199.jpg?resize=350%2C200","width":350,"height":200},"classes":[]},{"id":115264,"url":"https:\/\/www.24baires.com\/?p=115264","url_meta":{"origin":111689,"position":4},"title":"Las ventas minoristas cayeron un 51% durante mayo","author":"AF","date":"07\/06\/2020","format":false,"excerpt":"Es un dato comparado con 2019. Desde la Confederaci\u00f3n Argentina de la Mediana Empresa (CAME) aseguran que es por el congelamiento de la econom\u00eda debido a la pandemia. Las ventas minoristas pymes cayeron un 50,8 por ciento anual en mayo, respecto del mismo mes de 2019, inform\u00f3 este domingo la\u2026","rel":"","context":"En \u00abSociedad\u00bb","block_context":{"text":"Sociedad","link":"https:\/\/www.24baires.com\/?cat=1"},"img":{"alt_text":"","src":"https:\/\/i0.wp.com\/www.24baires.com\/wp-content\/uploads\/2018\/10\/negocio.jpg?resize=350%2C200","width":350,"height":200,"srcset":"https:\/\/i0.wp.com\/www.24baires.com\/wp-content\/uploads\/2018\/10\/negocio.jpg?resize=350%2C200 1x, https:\/\/i0.wp.com\/www.24baires.com\/wp-content\/uploads\/2018\/10\/negocio.jpg?resize=525%2C300 1.5x"},"classes":[]},{"id":120842,"url":"https:\/\/www.24baires.com\/?p=120842","url_meta":{"origin":111689,"position":5},"title":"Las ventas minoristas cayeron tambi\u00e9n en diciembre","author":"GB","date":"08\/01\/2024","format":false,"excerpt":"Con el cambio de gobierno y a pesar de las festividades, las ventas minoristas cerraron el a\u00f1o con una ca\u00edda del 13,7% anual. Las primeras medidas econ\u00f3micas anunciadas por el Presidente de la Naci\u00f3n Argentina, Javier Milei, impactaron de lleno en las ventas minoristas y en el desarrollo del fin\u2026","rel":"","context":"En \u00abEconom\u00eda\u00bb","block_context":{"text":"Econom\u00eda","link":"https:\/\/www.24baires.com\/?cat=45"},"img":{"alt_text":"","src":"https:\/\/i0.wp.com\/www.24baires.com\/wp-content\/uploads\/2024\/01\/compras.webp?resize=350%2C200","width":350,"height":200,"srcset":"https:\/\/i0.wp.com\/www.24baires.com\/wp-content\/uploads\/2024\/01\/compras.webp?resize=350%2C200 1x, https:\/\/i0.wp.com\/www.24baires.com\/wp-content\/uploads\/2024\/01\/compras.webp?resize=525%2C300 1.5x, https:\/\/i0.wp.com\/www.24baires.com\/wp-content\/uploads\/2024\/01\/compras.webp?resize=700%2C400 2x"},"classes":[]}],"jetpack_sharing_enabled":true,"jetpack_likes_enabled":true,"_links":{"self":[{"href":"https:\/\/www.24baires.com\/index.php?rest_route=\/wp\/v2\/posts\/111689","targetHints":{"allow":["GET"]}}],"collection":[{"href":"https:\/\/www.24baires.com\/index.php?rest_route=\/wp\/v2\/posts"}],"about":[{"href":"https:\/\/www.24baires.com\/index.php?rest_route=\/wp\/v2\/types\/post"}],"author":[{"embeddable":true,"href":"https:\/\/www.24baires.com\/index.php?rest_route=\/wp\/v2\/users\/8"}],"replies":[{"embeddable":true,"href":"https:\/\/www.24baires.com\/index.php?rest_route=%2Fwp%2Fv2%2Fcomments&post=111689"}],"version-history":[{"count":1,"href":"https:\/\/www.24baires.com\/index.php?rest_route=\/wp\/v2\/posts\/111689\/revisions"}],"predecessor-version":[{"id":111690,"href":"https:\/\/www.24baires.com\/index.php?rest_route=\/wp\/v2\/posts\/111689\/revisions\/111690"}],"wp:attachment":[{"href":"https:\/\/www.24baires.com\/index.php?rest_route=%2Fwp%2Fv2%2Fmedia&parent=111689"}],"wp:term":[{"taxonomy":"category","embeddable":true,"href":"https:\/\/www.24baires.com\/index.php?rest_route=%2Fwp%2Fv2%2Fcategories&post=111689"},{"taxonomy":"post_tag","embeddable":true,"href":"https:\/\/www.24baires.com\/index.php?rest_route=%2Fwp%2Fv2%2Ftags&post=111689"}],"curies":[{"name":"wp","href":"https:\/\/api.w.org\/{rel}","templated":true}]}}