{"id":111676,"date":"2019-08-16T21:06:44","date_gmt":"2019-08-17T00:06:44","guid":{"rendered":"http:\/\/www.24baires.com\/?p=111676"},"modified":"2019-08-16T21:06:44","modified_gmt":"2019-08-17T00:06:44","slug":"el-gobierno-estudia-limitar-la-compra-de-dolares","status":"publish","type":"post","link":"https:\/\/www.24baires.com\/?p=111676","title":{"rendered":"El Gobierno estudia limitar la compra de d\u00f3lares"},"content":{"rendered":"<p><img data-recalc-dims=\"1\" loading=\"lazy\" decoding=\"async\" src=\"https:\/\/i0.wp.com\/www.24baires.com\/wp-content\/uploads\/2018\/07\/d%C3%B3lar.jpg?resize=560%2C314\" alt=\"\" width=\"560\" height=\"314\" class=\"aligncenter size-full wp-image-103255\" srcset=\"https:\/\/i0.wp.com\/www.24baires.com\/wp-content\/uploads\/2018\/07\/d%C3%B3lar.jpg?w=560&amp;ssl=1 560w, https:\/\/i0.wp.com\/www.24baires.com\/wp-content\/uploads\/2018\/07\/d%C3%B3lar.jpg?resize=300%2C168&amp;ssl=1 300w\" sizes=\"auto, (max-width: 560px) 100vw, 560px\" \/>En las \u00faltimas cuatro semanas, las reservas bajaron 6370 millones de d\u00f3lares. Conflicto por el vencimiento de una deuda Repo por 3800 millones. Se analiza poner un tope de compra de 50 mil d\u00f3lares.<!--more--><\/p>\n<p>Las reservas se encuentran en ca\u00edda libre. El Banco Central inform\u00f3 este viernes por la tarde una merma de 1287 millones de d\u00f3lares. En la \u00faltima semana se acumul\u00f3 un rojo de 3904 millones y en las \u00faltimas 4 semanas la baja fue de 6370 millones. La preocupaci\u00f3n por la cantidad de divisas disponibles en la autoridad monetaria va en aumento.<\/p>\n<p>El rumor del mercado es que en el cierre de la semana se vivi\u00f3 un clima de fuerte tensi\u00f3n en el equipo econ\u00f3mico. El problema principal habr\u00eda sido porque no hubo acuerdo entre los funcionarios para realizar un pago de deuda que venc\u00eda este viernes. Se tratar\u00eda de una deuda Repo por una cifra estimada de 3800 millones de d\u00f3lares.<\/p>\n<p>La autorizaci\u00f3n del pago podr\u00eda quedar para el pr\u00f3ximo martes. La autoridad monetaria se encuentra ante un fuerte retroceso de las reservas y una nueva ca\u00edda por ese monto implicar\u00eda una se\u00f1al de fuerte debilidad ante los inversores.<\/p>\n<p>Por el momento el Banco Central intervino con 500 millones de d\u00f3lares de lunes a mi\u00e9rcoles para intentar calmar las presiones cambiarias. Pero la baja de las reservas es mucho mayor a esa cifra por dos motivos. El primero es la cancelaci\u00f3n de deudas. El segundo es que los fondos grandes estar\u00edan retirando sus divisas del mercado interno.<\/p>\n<p>En el Central muestran preocupaci\u00f3n. Se habr\u00eda analizado seriamente esta semana un proyecto para controlar el giro de divisas hacia el exterior. Los controles no impactar\u00edan en la compra de los ahorristas chicos y medianos (no se limitar\u00eda las compras por hasta 50 mil d\u00f3lares). Pero se apuntar\u00eda a frenar la salida de d\u00f3lares de los dep\u00f3sitos hacia el extranjero. Tambi\u00e9n se limitar\u00eda el giro de utilidades.<\/p>\n<p>Este jueves el proyecto de controles de la cuenta capital se habr\u00eda frenado por un mandato directo del Poder Ejecutivo. Poner nuevas regulaciones ser\u00eda la bala de plata: la \u00faltima de las medidas a tomar para evitar el impago de los vencimientos de deuda.<\/p>\n<p>Las cuentas se complican porque no es seguro que el Fondo Monetario siga desembolsando el cr\u00e9dito stand by. En septiembre se hab\u00edan comprometido a girarle al pa\u00eds 5400 millones. Los cambios radicales de estos d\u00edas empiezan a generar dudas. Esta semana iba a llegar una nueva misi\u00f3n del FMI al pa\u00eds. Todav\u00eda no est\u00e1 confirmada. <\/p>\n","protected":false},"excerpt":{"rendered":"<p>En las \u00faltimas cuatro semanas, las reservas bajaron 6370 millones de d\u00f3lares. Conflicto por el vencimiento de una deuda Repo por 3800 millones. Se analiza poner un tope de compra de 50 mil d\u00f3lares.<\/p>\n","protected":false},"author":4,"featured_media":0,"comment_status":"open","ping_status":"open","sticky":false,"template":"","format":"standard","meta":{"_jetpack_newsletter_access":"","_jetpack_dont_email_post_to_subs":false,"_jetpack_newsletter_tier_id":0,"_jetpack_memberships_contains_paywalled_content":false,"_jetpack_memberships_contains_paid_content":false,"footnotes":""},"categories":[45],"tags":[],"class_list":["post-111676","post","type-post","status-publish","format-standard","hentry","category-economia"],"jetpack_featured_media_url":"","jetpack_shortlink":"https:\/\/wp.me\/p2JWE0-t3e","jetpack-related-posts":[{"id":108128,"url":"https:\/\/www.24baires.com\/?p=108128","url_meta":{"origin":111676,"position":0},"title":"El equipo econ\u00f3mico del Gobierno despilfarr\u00f3 en un mes el 83% del \u00faltimo giro del FMI","author":"GB","date":"13\/05\/2019","format":false,"excerpt":"El \u00faltimo 9 de abril llegaron 10.835 millones de d\u00f3lares provenientes del acuerdo stand-by que firm\u00f3 el Gobierno de Mauricio Macri pero entre el pago de deuda, ventas del Tesoro y devaluaci\u00f3n del yuan se perdieron nueve mil millones de d\u00f3lares en reservas en solo 30 d\u00edas. \u00bfCu\u00e1nto dinero tiene\u2026","rel":"","context":"En \u00abEconom\u00eda\u00bb","block_context":{"text":"Econom\u00eda","link":"https:\/\/www.24baires.com\/?cat=45"},"img":{"alt_text":"","src":"https:\/\/i0.wp.com\/www.24baires.com\/wp-content\/uploads\/2018\/04\/d%C3%B3lar.jpg?resize=350%2C200","width":350,"height":200,"srcset":"https:\/\/i0.wp.com\/www.24baires.com\/wp-content\/uploads\/2018\/04\/d%C3%B3lar.jpg?resize=350%2C200 1x, https:\/\/i0.wp.com\/www.24baires.com\/wp-content\/uploads\/2018\/04\/d%C3%B3lar.jpg?resize=525%2C300 1.5x"},"classes":[]},{"id":111871,"url":"https:\/\/www.24baires.com\/?p=111871","url_meta":{"origin":111676,"position":1},"title":"En agosto las reservas del Banco Central cayeron casi 14 mil millones de d\u00f3lares","author":"AF","date":"30\/08\/2019","format":false,"excerpt":"Solo este viernes el Central perdi\u00f3 reservas por 1.904 millones de d\u00f3lares. Un demoledor informe del BNP Paribas anticipa que al gobierno de Macri no le quedar\u00e1 otra opci\u00f3n m\u00e1s que imponer un cepo. El gobierno de Mauricio Macri no logra encontrar la manera de frenar la sangr\u00eda de reservas\u2026","rel":"","context":"En \u00abEconom\u00eda\u00bb","block_context":{"text":"Econom\u00eda","link":"https:\/\/www.24baires.com\/?cat=45"},"img":{"alt_text":"","src":"https:\/\/i0.wp.com\/www.24baires.com\/wp-content\/uploads\/2013\/12\/banco-central.jpg?resize=350%2C200","width":350,"height":200,"srcset":"https:\/\/i0.wp.com\/www.24baires.com\/wp-content\/uploads\/2013\/12\/banco-central.jpg?resize=350%2C200 1x, https:\/\/i0.wp.com\/www.24baires.com\/wp-content\/uploads\/2013\/12\/banco-central.jpg?resize=525%2C300 1.5x"},"classes":[]},{"id":103986,"url":"https:\/\/www.24baires.com\/?p=103986","url_meta":{"origin":111676,"position":2},"title":"Argentina est\u00e1 entre los 5 pa\u00edses con \u00abalto riesgo\u00bb de sufrir una crisis cambiaria","author":"GB","date":"20\/08\/2018","format":false,"excerpt":"Argentina se encuentra, junto a Turqu\u00eda, M\u00e9xico, Indonesia y Chile, en el grupo rojo de \"alto riesgo\" ya que sus reservas internacionales no son suficientes para cubrir su deuda externa nominada en d\u00f3lares Las monedas de Turqu\u00eda, Ir\u00e1n, Rusia, la India, Chile, China y Sud\u00e1frica tienen algo en com\u00fan con\u2026","rel":"","context":"En \u00abEconom\u00eda\u00bb","block_context":{"text":"Econom\u00eda","link":"https:\/\/www.24baires.com\/?cat=45"},"img":{"alt_text":"","src":"https:\/\/i0.wp.com\/www.24baires.com\/wp-content\/uploads\/2018\/05\/dolar-25-300x169.jpg?resize=350%2C200","width":350,"height":200},"classes":[]},{"id":114772,"url":"https:\/\/www.24baires.com\/?p=114772","url_meta":{"origin":111676,"position":3},"title":"Kicillof presenta la oferta para reestructurar la deuda","author":"GB","date":"21\/04\/2020","format":false,"excerpt":"La propuesta va en la misma l\u00ednea que la realizada por el Gobierno nacional. El gobernador bonaerense, Axel Kicillof, ultima con su ministro de Hacienda los detalles para la presentarle a los bonistas, en la jornada de hoy, la propuesta de reestructuraci\u00f3n de la deuda provincial por m\u00e1s de 7.100\u2026","rel":"","context":"En \u00abProvincia\u00bb","block_context":{"text":"Provincia","link":"https:\/\/www.24baires.com\/?cat=40"},"img":{"alt_text":"","src":"https:\/\/i0.wp.com\/www.24baires.com\/wp-content\/uploads\/2020\/04\/kicillof.jpg?resize=350%2C200","width":350,"height":200,"srcset":"https:\/\/i0.wp.com\/www.24baires.com\/wp-content\/uploads\/2020\/04\/kicillof.jpg?resize=350%2C200 1x, https:\/\/i0.wp.com\/www.24baires.com\/wp-content\/uploads\/2020\/04\/kicillof.jpg?resize=525%2C300 1.5x"},"classes":[]},{"id":115961,"url":"https:\/\/www.24baires.com\/?p=115961","url_meta":{"origin":111676,"position":4},"title":"Aclaran que no habr\u00e1 cambios en la venta oficial de d\u00f3lares","author":"GB","date":"16\/08\/2020","format":false,"excerpt":"El presidente apunt\u00f3 a la compra de d\u00f3lares por parte de peque\u00f1os ahorristas y se\u00f1al\u00f3 que es \"un problema\". Desde el Ministerio de Econom\u00eda salieron a tranquilizar. El presidente Alberto Fern\u00e1ndez hab\u00eda sembrado dudas en el mercado de divisas cuando esta tarde se\u00f1al\u00f3 que estudiaban endurecer el cepo y no\u2026","rel":"","context":"En \u00abEconom\u00eda\u00bb","block_context":{"text":"Econom\u00eda","link":"https:\/\/www.24baires.com\/?cat=45"},"img":{"alt_text":"","src":"https:\/\/i0.wp.com\/www.24baires.com\/wp-content\/uploads\/2020\/08\/alberto-guzman.jpg?resize=350%2C200","width":350,"height":200,"srcset":"https:\/\/i0.wp.com\/www.24baires.com\/wp-content\/uploads\/2020\/08\/alberto-guzman.jpg?resize=350%2C200 1x, https:\/\/i0.wp.com\/www.24baires.com\/wp-content\/uploads\/2020\/08\/alberto-guzman.jpg?resize=525%2C300 1.5x"},"classes":[]},{"id":110957,"url":"https:\/\/www.24baires.com\/?p=110957","url_meta":{"origin":111676,"position":5},"title":"En los \u00faltimos dos a\u00f1os, la deuda externa aument\u00f3 casi 77 mil millones de d\u00f3lares","author":"AF","date":"26\/06\/2019","format":false,"excerpt":"El Indec inform\u00f3 que la deuda externa total es de casi 276 mil millones de d\u00f3lares, un 38,5% superior a 2017 mientras que el 62% de este pasivo est\u00e1 nominado en la divisa estadounidense. La deuda externa total creci\u00f3 9,1% en 12 meses al t\u00e9rmino del primer trimestre del a\u00f1o\u2026","rel":"","context":"En \u00abEconom\u00eda\u00bb","block_context":{"text":"Econom\u00eda","link":"https:\/\/www.24baires.com\/?cat=45"},"img":{"alt_text":"","src":"https:\/\/i0.wp.com\/www.24baires.com\/wp-content\/uploads\/2018\/10\/lagarde-macri.jpg?resize=350%2C200","width":350,"height":200,"srcset":"https:\/\/i0.wp.com\/www.24baires.com\/wp-content\/uploads\/2018\/10\/lagarde-macri.jpg?resize=350%2C200 1x, https:\/\/i0.wp.com\/www.24baires.com\/wp-content\/uploads\/2018\/10\/lagarde-macri.jpg?resize=525%2C300 1.5x"},"classes":[]}],"jetpack_sharing_enabled":true,"jetpack_likes_enabled":true,"_links":{"self":[{"href":"https:\/\/www.24baires.com\/index.php?rest_route=\/wp\/v2\/posts\/111676","targetHints":{"allow":["GET"]}}],"collection":[{"href":"https:\/\/www.24baires.com\/index.php?rest_route=\/wp\/v2\/posts"}],"about":[{"href":"https:\/\/www.24baires.com\/index.php?rest_route=\/wp\/v2\/types\/post"}],"author":[{"embeddable":true,"href":"https:\/\/www.24baires.com\/index.php?rest_route=\/wp\/v2\/users\/4"}],"replies":[{"embeddable":true,"href":"https:\/\/www.24baires.com\/index.php?rest_route=%2Fwp%2Fv2%2Fcomments&post=111676"}],"version-history":[{"count":1,"href":"https:\/\/www.24baires.com\/index.php?rest_route=\/wp\/v2\/posts\/111676\/revisions"}],"predecessor-version":[{"id":111677,"href":"https:\/\/www.24baires.com\/index.php?rest_route=\/wp\/v2\/posts\/111676\/revisions\/111677"}],"wp:attachment":[{"href":"https:\/\/www.24baires.com\/index.php?rest_route=%2Fwp%2Fv2%2Fmedia&parent=111676"}],"wp:term":[{"taxonomy":"category","embeddable":true,"href":"https:\/\/www.24baires.com\/index.php?rest_route=%2Fwp%2Fv2%2Fcategories&post=111676"},{"taxonomy":"post_tag","embeddable":true,"href":"https:\/\/www.24baires.com\/index.php?rest_route=%2Fwp%2Fv2%2Ftags&post=111676"}],"curies":[{"name":"wp","href":"https:\/\/api.w.org\/{rel}","templated":true}]}}