{"id":111664,"date":"2019-08-16T14:00:14","date_gmt":"2019-08-16T17:00:14","guid":{"rendered":"http:\/\/www.24baires.com\/?p=111664"},"modified":"2019-08-16T12:39:51","modified_gmt":"2019-08-16T15:39:51","slug":"el-pais-de-espana-alerta-sobre-otra-crisis-terminal-en-argentina","status":"publish","type":"post","link":"https:\/\/www.24baires.com\/?p=111664","title":{"rendered":"\u00abEl Pa\u00eds\u00bb de Espa\u00f1a alerta sobre otra \u00abcrisis terminal\u00bb en Argentina"},"content":{"rendered":"<p><img data-recalc-dims=\"1\" loading=\"lazy\" decoding=\"async\" src=\"https:\/\/i0.wp.com\/www.24baires.com\/wp-content\/uploads\/2017\/04\/movilizacion-lanus.jpg?resize=560%2C385\" alt=\"\" width=\"560\" height=\"385\" class=\"aligncenter size-full wp-image-93586\" srcset=\"https:\/\/i0.wp.com\/www.24baires.com\/wp-content\/uploads\/2017\/04\/movilizacion-lanus.jpg?w=560&amp;ssl=1 560w, https:\/\/i0.wp.com\/www.24baires.com\/wp-content\/uploads\/2017\/04\/movilizacion-lanus.jpg?resize=300%2C206&amp;ssl=1 300w\" sizes=\"auto, (max-width: 560px) 100vw, 560px\" \/>El medio ib\u00e9rico hizo un pantallazo sobre la situaci\u00f3n financiera tras las PASO y se\u00f1ala la incertidumbre en la que vive la poblaci\u00f3n.<!--more--><\/p>\n<p>La crisis econ\u00f3mica, que empeor\u00f3 en los \u00faltimos d\u00edas tras las elecciones Primarias Abiertas Simult\u00e1neas y Obligatorias, tambi\u00e9n preocupa fuera de nuestras fronteras. El diario El Pa\u00eds de Espa\u00f1a hizo una an\u00e1lisis sobre la situaci\u00f3n en Argentina y se\u00f1ala la incertidumbre en la que vive la poblaci\u00f3n.<\/p>\n<p>\u00abLos argentinos encienden las alarmas de otra crisis terminal\u00bb, titul\u00f3 el medio espa\u00f1ol tras la tensi\u00f3n que se vivi\u00f3 en los \u00faltimos d\u00edas por la suba del d\u00f3lar y el aumento del riesgo pa\u00eds.<\/p>\n<p>La nota formada por el periodista Federico Rivas Molina, asegura que el derrumbe del peso activa las estrategias de una poblaci\u00f3n habituada a situaciones extremas. \u00ablos argentinos sienten en la piel la inminencia de una gran crisis. Es una sensaci\u00f3n casi imperceptible, un malestar que recorre todo el cuerpo e insin\u00faa que algo no anda bien tras la calma de un d\u00eda cualquiera\u00bb.<\/p>\n<p>\u00abEl malestar crece poco a poco hasta que se transforma en preocupaci\u00f3n y luego en angustia. La realidad, finalmente, termina d\u00e1ndoles la raz\u00f3n. Esta vez llevan tiempo con la piel erizada, atentos a una nueva debacle. En las calles de Buenos Aires se respira crisis\u00bb, indic\u00f3.<\/p>\n<p>El articulo se\u00f1ala que el resultado de las PASO consumaron los peores augurios. \u00abEl peso se desplom\u00f3 casi 30% desde el lunes y la bolsa perdi\u00f3 en una sola jornada el 38% de su valor, la segunda mayor ca\u00edda en la historia de los mercados. El bloqueo pol\u00edtico entre un presidente sin poder y un ganador que debe convalidar su t\u00edtulo en octubre complica a\u00fan m\u00e1s las cosas. \u00bfQu\u00e9 hacen los argentinos ante la cat\u00e1strofe? Lo que han hecho siempre: aguantar.<\/p>\n<p>Por otra parte, Rivas Molina se\u00f1ala que le punto de partida de la crisis fue en mayo del a\u00f1o pasado, cuando el presidente Mauricio Macri anunci\u00f3 el inicio de una negociaci\u00f3n con el Fondo Monetario Internacional. \u00abMacri present\u00f3 como una bendici\u00f3n que el resto del mundo confiaba tanto en su Gobierno que estaba dispuesto a prestarle dinero, much\u00edsimo dinero. Finalmente, fueron 57.000 millones de d\u00f3lares, un r\u00e9cord sin precedentes. Con la vuelta al Fondo, los recuerdos de las peores crisis arruinaron el sue\u00f1o de los argentinos, que desde entonces se prepararon para lo peor. Y lo peor sucedi\u00f3\u00bb, apunt\u00f3 el periodista.<\/p>\n<p>El diario resalta adem\u00e1s que ante la incertidumbre, los comerciantes deben buscar alternativas para no cerrar sus negocios. <\/p>\n<p>\u00abEl d\u00eda a d\u00eda de los argentinos es mucho m\u00e1s que preocuparse por comprar d\u00f3lares antes de que la cotizaci\u00f3n frente al peso siga subiendo. Como cantan los ni\u00f1os, nadie tiene \u201cun mango\u201d y queda poco margen para el ahorro si uno es un simple asalariado. Tampoco hubo largas colas en los bancos para retirar dinero, tal vez por el temor a males mayores\u00bb, se\u00f1al\u00f3 el art\u00edculo.<\/p>\n","protected":false},"excerpt":{"rendered":"<p>El medio ib\u00e9rico hizo un pantallazo sobre la situaci\u00f3n financiera tras las PASO y se\u00f1ala la incertidumbre en la que vive la poblaci\u00f3n.<\/p>\n","protected":false},"author":8,"featured_media":0,"comment_status":"open","ping_status":"open","sticky":false,"template":"","format":"standard","meta":{"_jetpack_newsletter_access":"","_jetpack_dont_email_post_to_subs":false,"_jetpack_newsletter_tier_id":0,"_jetpack_memberships_contains_paywalled_content":false,"_jetpack_memberships_contains_paid_content":false,"footnotes":""},"categories":[45],"tags":[],"class_list":["post-111664","post","type-post","status-publish","format-standard","hentry","category-economia"],"jetpack_featured_media_url":"","jetpack_shortlink":"https:\/\/wp.me\/p2JWE0-t32","jetpack-related-posts":[{"id":104605,"url":"https:\/\/www.24baires.com\/?p=104605","url_meta":{"origin":111664,"position":0},"title":"La ONU, en alerta por el hambre en Argentina","author":"AF","date":"21\/09\/2018","format":false,"excerpt":"Hilal Elver, relatora especial de Naciones Unidas en la materia, estuvo en el pa\u00eds y alert\u00f3 sobre el aumento de \"personas que concurren a comedores y que saltean comidas por falta de dinero\". Tambi\u00e9n critic\u00f3 el desmantelamiento de las pol\u00edticas para el fomento de la agricultura familiar. \"La crisis econ\u00f3mica\u2026","rel":"","context":"En \u00abSociedad\u00bb","block_context":{"text":"Sociedad","link":"https:\/\/www.24baires.com\/?cat=1"},"img":{"alt_text":"","src":"https:\/\/i0.wp.com\/www.24baires.com\/wp-content\/uploads\/2016\/09\/ollas-populares.jpg?resize=350%2C200","width":350,"height":200,"srcset":"https:\/\/i0.wp.com\/www.24baires.com\/wp-content\/uploads\/2016\/09\/ollas-populares.jpg?resize=350%2C200 1x, https:\/\/i0.wp.com\/www.24baires.com\/wp-content\/uploads\/2016\/09\/ollas-populares.jpg?resize=525%2C300 1.5x"},"classes":[]},{"id":102029,"url":"https:\/\/www.24baires.com\/?p=102029","url_meta":{"origin":111664,"position":1},"title":"La prensa mundial habl\u00f3 sobre el regreso de Argentina al FMI","author":"AF","date":"08\/05\/2018","format":false,"excerpt":"Tanto los medios europeos como los latinoamericanos destacaron la ca\u00edda del peso y la encrucijada del gobierno de Mauricio Macri, que no pudo frenar la corrida del d\u00f3lar. C\u00f3mo ve el mundo la reca\u00edda en el FMI, a 17 a\u00f1os de haber declarado el default y a 12 de haber\u2026","rel":"","context":"En \u00abPol\u00edtica\u00bb","block_context":{"text":"Pol\u00edtica","link":"https:\/\/www.24baires.com\/?cat=51"},"img":{"alt_text":"","src":"https:\/\/i0.wp.com\/www.24baires.com\/wp-content\/uploads\/2015\/04\/fmi.jpg?resize=350%2C200","width":350,"height":200,"srcset":"https:\/\/i0.wp.com\/www.24baires.com\/wp-content\/uploads\/2015\/04\/fmi.jpg?resize=350%2C200 1x, https:\/\/i0.wp.com\/www.24baires.com\/wp-content\/uploads\/2015\/04\/fmi.jpg?resize=525%2C300 1.5x"},"classes":[]},{"id":120545,"url":"https:\/\/www.24baires.com\/?p=120545","url_meta":{"origin":111664,"position":2},"title":"Acusan a Milei de hacer \u00abterrorismo econ\u00f3mico\u00bb para desestabilizar el sistema","author":"AF","date":"10\/10\/2023","format":false,"excerpt":"Desde Agust\u00edn Rossi y Axel Kicillof a Daniel Men\u00e9ndez, Myriam Bregman y Patricia Bullrich rechazaron las declaraciones del candidato de LLA sobre el peso, los plazos fijos y el funcionamiento del sistema financiero. \u00abTiene una clara intenci\u00f3n de generar zozobra y provocar una crisis financiera\u00bb, denunci\u00f3 la Asociaci\u00f3n Bancaria. Las\u2026","rel":"","context":"En \u00abPol\u00edtica\u00bb","block_context":{"text":"Pol\u00edtica","link":"https:\/\/www.24baires.com\/?cat=51"},"img":{"alt_text":"","src":"https:\/\/i0.wp.com\/www.24baires.com\/wp-content\/uploads\/2023\/08\/milei-2.webp?resize=350%2C200","width":350,"height":200,"srcset":"https:\/\/i0.wp.com\/www.24baires.com\/wp-content\/uploads\/2023\/08\/milei-2.webp?resize=350%2C200 1x, https:\/\/i0.wp.com\/www.24baires.com\/wp-content\/uploads\/2023\/08\/milei-2.webp?resize=525%2C300 1.5x, https:\/\/i0.wp.com\/www.24baires.com\/wp-content\/uploads\/2023\/08\/milei-2.webp?resize=700%2C400 2x"},"classes":[]},{"id":112243,"url":"https:\/\/www.24baires.com\/?p=112243","url_meta":{"origin":111664,"position":3},"title":"Tras el rev\u00e9s del Fondo Monetario, peligran los desembolsos del BID y el Banco Mundial","author":"GB","date":"26\/09\/2019","format":false,"excerpt":"El anuncio del FMI de poner en suspenso el programa con el pa\u00eds tendr\u00e1 un impacto negativo sobre los futuros pr\u00e9stamos devenidos por el Banco Interamericano de Desarrollo y el BM. La decisi\u00f3n de los organismos internacionales se vincula adem\u00e1s con la baja calificaci\u00f3n de riesgo de Argentina. La decisi\u00f3n\u2026","rel":"","context":"En \u00abEconom\u00eda\u00bb","block_context":{"text":"Econom\u00eda","link":"https:\/\/www.24baires.com\/?cat=45"},"img":{"alt_text":"","src":"https:\/\/i0.wp.com\/www.24baires.com\/wp-content\/uploads\/2019\/09\/banco-mundial.jpg?resize=350%2C200","width":350,"height":200,"srcset":"https:\/\/i0.wp.com\/www.24baires.com\/wp-content\/uploads\/2019\/09\/banco-mundial.jpg?resize=350%2C200 1x, https:\/\/i0.wp.com\/www.24baires.com\/wp-content\/uploads\/2019\/09\/banco-mundial.jpg?resize=525%2C300 1.5x"},"classes":[]},{"id":107107,"url":"https:\/\/www.24baires.com\/?p=107107","url_meta":{"origin":111664,"position":4},"title":"Forbes sostiene que \u201cArgentina est\u00e1 a un paso del colapso econ\u00f3mico\u201d","author":"AF","date":"06\/03\/2019","format":false,"excerpt":"La versi\u00f3n mexicana de la revista de finanzas Forbes consider\u00f3 que el rescate del FMI permiti\u00f3 a la Argentina \u201cno tocar fondo\u201d. A pesar de eso, se\u00f1ala que la situaci\u00f3n es grave debido a la fuga de capitales y el nivel de endeudamiento generado por el gobierno de Mauricio Macri.\u2026","rel":"","context":"En \u00abEconom\u00eda\u00bb","block_context":{"text":"Econom\u00eda","link":"https:\/\/www.24baires.com\/?cat=45"},"img":{"alt_text":"","src":"https:\/\/i0.wp.com\/www.24baires.com\/wp-content\/uploads\/2018\/09\/macri.jpg?resize=350%2C200","width":350,"height":200,"srcset":"https:\/\/i0.wp.com\/www.24baires.com\/wp-content\/uploads\/2018\/09\/macri.jpg?resize=350%2C200 1x, https:\/\/i0.wp.com\/www.24baires.com\/wp-content\/uploads\/2018\/09\/macri.jpg?resize=525%2C300 1.5x"},"classes":[]},{"id":122656,"url":"https:\/\/www.24baires.com\/?p=122656","url_meta":{"origin":111664,"position":5},"title":"Fuerte remarcaci\u00f3n de precios antes de las elecciones","author":"GB","date":"26\/10\/2025","format":false,"excerpt":"Adri\u00e1n Palacios, de la Uni\u00f3n de Kiosqueros, alert\u00f3 por la falta de control estatal, el avance del contrabando y el cierre de miles de comercios en todo el pa\u00eds. A horas de las elecciones legislativas, la incertidumbre econ\u00f3mica volvi\u00f3 a sentirse con fuerza en los comercios de todo el pa\u00eds.\u2026","rel":"","context":"En \u00abEconom\u00eda\u00bb","block_context":{"text":"Econom\u00eda","link":"https:\/\/www.24baires.com\/?cat=45"},"img":{"alt_text":"","src":"https:\/\/i0.wp.com\/www.24baires.com\/wp-content\/uploads\/2024\/03\/super.webp?resize=350%2C200","width":350,"height":200,"srcset":"https:\/\/i0.wp.com\/www.24baires.com\/wp-content\/uploads\/2024\/03\/super.webp?resize=350%2C200 1x, https:\/\/i0.wp.com\/www.24baires.com\/wp-content\/uploads\/2024\/03\/super.webp?resize=525%2C300 1.5x, https:\/\/i0.wp.com\/www.24baires.com\/wp-content\/uploads\/2024\/03\/super.webp?resize=700%2C400 2x"},"classes":[]}],"jetpack_sharing_enabled":true,"jetpack_likes_enabled":true,"_links":{"self":[{"href":"https:\/\/www.24baires.com\/index.php?rest_route=\/wp\/v2\/posts\/111664","targetHints":{"allow":["GET"]}}],"collection":[{"href":"https:\/\/www.24baires.com\/index.php?rest_route=\/wp\/v2\/posts"}],"about":[{"href":"https:\/\/www.24baires.com\/index.php?rest_route=\/wp\/v2\/types\/post"}],"author":[{"embeddable":true,"href":"https:\/\/www.24baires.com\/index.php?rest_route=\/wp\/v2\/users\/8"}],"replies":[{"embeddable":true,"href":"https:\/\/www.24baires.com\/index.php?rest_route=%2Fwp%2Fv2%2Fcomments&post=111664"}],"version-history":[{"count":1,"href":"https:\/\/www.24baires.com\/index.php?rest_route=\/wp\/v2\/posts\/111664\/revisions"}],"predecessor-version":[{"id":111665,"href":"https:\/\/www.24baires.com\/index.php?rest_route=\/wp\/v2\/posts\/111664\/revisions\/111665"}],"wp:attachment":[{"href":"https:\/\/www.24baires.com\/index.php?rest_route=%2Fwp%2Fv2%2Fmedia&parent=111664"}],"wp:term":[{"taxonomy":"category","embeddable":true,"href":"https:\/\/www.24baires.com\/index.php?rest_route=%2Fwp%2Fv2%2Fcategories&post=111664"},{"taxonomy":"post_tag","embeddable":true,"href":"https:\/\/www.24baires.com\/index.php?rest_route=%2Fwp%2Fv2%2Ftags&post=111664"}],"curies":[{"name":"wp","href":"https:\/\/api.w.org\/{rel}","templated":true}]}}