{"id":111662,"date":"2019-08-16T11:00:31","date_gmt":"2019-08-16T14:00:31","guid":{"rendered":"http:\/\/www.24baires.com\/?p=111662"},"modified":"2019-08-16T10:19:36","modified_gmt":"2019-08-16T13:19:36","slug":"vidal-anunciara-un-paquete-de-medidas-orientadas-a-la-clase-media-y-las-pymes","status":"publish","type":"post","link":"https:\/\/www.24baires.com\/?p=111662","title":{"rendered":"Vidal anunciar\u00e1 un paquete de medidas orientadas a la clase media y las Pymes"},"content":{"rendered":"<p><img data-recalc-dims=\"1\" loading=\"lazy\" decoding=\"async\" src=\"https:\/\/i0.wp.com\/www.24baires.com\/wp-content\/uploads\/2019\/08\/vidal.jpg?resize=560%2C315\" alt=\"\" width=\"560\" height=\"315\" class=\"aligncenter size-full wp-image-111587\" srcset=\"https:\/\/i0.wp.com\/www.24baires.com\/wp-content\/uploads\/2019\/08\/vidal.jpg?w=560&amp;ssl=1 560w, https:\/\/i0.wp.com\/www.24baires.com\/wp-content\/uploads\/2019\/08\/vidal.jpg?resize=300%2C169&amp;ssl=1 300w\" sizes=\"auto, (max-width: 560px) 100vw, 560px\" \/>La gobernadora analiza otorgar un bono para los empleados estatales, sacar nuevas l\u00edneas de cr\u00e9dito para las pymes, actualizar los programas sociales y ajustar el salario docente<!--more--><\/p>\n<p>La gobernadora de la provincia de Buenos Aires, Mar\u00eda Eugenia Vidal, anunciar\u00e1 el martes pr\u00f3ximo un paquete de medidas econ\u00f3micas orientadas a la clase media y a las pymes, en consonancia con las implementadas por el gobierno nacional, luego de los resultados adversos para el oficialismo en las elecciones primarias PASO del domingo \u00faltimo.<\/p>\n<p>\u00abVamos a pelearla. Mar\u00eda Eugenia quiere hacer una campa\u00f1a para ganar, no para perder por poco\u00bb, explic\u00f3 a T\u00e9lam un miembro de su gabinete en relaci\u00f3n a las elecciones generales del 27 de octubre pr\u00f3ximo.<\/p>\n<p>El mensaje que la mandataria bonaerense baj\u00f3 a su equipo es encarar una campa\u00f1a \u00abbien provinclializada\u00bb y con el foco puesto en la gesti\u00f3n.<\/p>\n<p>Las medidas que los equipos de Vidal trabajan por estos d\u00edas tienden a mitigar los efectos de la crisis cambiaria y atender las necesidades de los sectores m\u00e1s desprotegidos.<\/p>\n<p>Entre otros aspectos, analizan otorgar un bono para los empleados estatales bonaerenses, sacar nuevas l\u00edneas de cr\u00e9dito para las pymes, actualizar los programas sociales de acuerdo con la inflaci\u00f3n y ajustar el salario docente por la cl\u00e1usula gatillo, tal como se acord\u00f3 en paritarias.<\/p>\n<p>Desde la administraci\u00f3n bonaerense explican que para aminorar el impacto de las tarifas, desde la provincia ya se hizo todo lo que estaba a su alcance al congelar las subas y quitarles los impuestos provinciales a las facturas.<\/p>\n<p>Descartaron en lo inmediato una reforma impositiva dado que en la provincia de Buenos Aires \u00abs\u00f3lo puede hacerse por ley\u00bb.<\/p>\n<p>Vidal continuar\u00e1 sus recorridas por los distritos del interior provincial y del Conurbano, acompa\u00f1ada por sus funcionarios y los intendentes.<\/p>\n<p>En esas caminatas, Vidal subrayar\u00e1 en sus conversaciones con los vecinos lo que considera sus mayores logros de la gesti\u00f3n: la obra p\u00fablica, el combate contra las mafias y la implementaci\u00f3n del SAME en los municipios bonaerenses.<\/p>\n","protected":false},"excerpt":{"rendered":"<p>La gobernadora analiza otorgar un bono para los empleados estatales, sacar nuevas l\u00edneas de cr\u00e9dito para las pymes, actualizar los programas sociales y ajustar el salario docente<\/p>\n","protected":false},"author":8,"featured_media":0,"comment_status":"open","ping_status":"open","sticky":false,"template":"","format":"standard","meta":{"_jetpack_newsletter_access":"","_jetpack_dont_email_post_to_subs":false,"_jetpack_newsletter_tier_id":0,"_jetpack_memberships_contains_paywalled_content":false,"_jetpack_memberships_contains_paid_content":false,"footnotes":""},"categories":[40],"tags":[],"class_list":["post-111662","post","type-post","status-publish","format-standard","hentry","category-provincia"],"jetpack_shortlink":"https:\/\/wp.me\/p2JWE0-t30","jetpack-related-posts":[{"id":111704,"url":"https:\/\/www.24baires.com\/?p=111704","url_meta":{"origin":111662,"position":0},"title":"Vidal relanzar\u00e1 su campa\u00f1a con un paquete de medidas econ\u00f3micas","author":"GB","date":"20\/08\/2019","format":false,"excerpt":"Adem\u00e1s, realizar\u00e1 un acto con intendentes luego de perder de manera abultada las PASO Mar\u00eda Eugenia Vidal relanzar\u00e1 esta semana su campa\u00f1a electoral de cara a las elecciones de octubrecon el anuncio de un paquete de medidas econ\u00f3micas y una seguidilla de actos con intendentes y candidatos de Juntos por\u2026","rel":"","context":"En \u00abProvincia\u00bb","block_context":{"text":"Provincia","link":"https:\/\/www.24baires.com\/?cat=40"},"img":{"alt_text":"","src":"https:\/\/i0.wp.com\/www.24baires.com\/wp-content\/uploads\/2019\/08\/vidall-1.jpg?resize=350%2C200","width":350,"height":200,"srcset":"https:\/\/i0.wp.com\/www.24baires.com\/wp-content\/uploads\/2019\/08\/vidall-1.jpg?resize=350%2C200 1x, https:\/\/i0.wp.com\/www.24baires.com\/wp-content\/uploads\/2019\/08\/vidall-1.jpg?resize=525%2C300 1.5x"},"classes":[]},{"id":105246,"url":"https:\/\/www.24baires.com\/?p=105246","url_meta":{"origin":111662,"position":1},"title":"Vidal anunci\u00f3 medidas para las pymes","author":"GB","date":"02\/11\/2018","format":false,"excerpt":"La Gobernadora present\u00f3 un paquete de iniciativas que incluyen ayuda financiera, incentivos productivos y asistencia impositiva. La gobernadora Mar\u00eda Eugenia Vidal present\u00f3 desde Mor\u00f3n un paquete de medidas para \"acompa\u00f1ar\" a las peque\u00f1as y medianas empresas y admiti\u00f3 que noviembre y diciembre ser\u00e1n \"meses complicados\" para el sector por la\u2026","rel":"","context":"En \u00abProvincia\u00bb","block_context":{"text":"Provincia","link":"https:\/\/www.24baires.com\/?cat=40"},"img":{"alt_text":"","src":"https:\/\/i0.wp.com\/www.24baires.com\/wp-content\/uploads\/2018\/03\/vidal-1.jpg?resize=350%2C200","width":350,"height":200,"srcset":"https:\/\/i0.wp.com\/www.24baires.com\/wp-content\/uploads\/2018\/03\/vidal-1.jpg?resize=350%2C200 1x, https:\/\/i0.wp.com\/www.24baires.com\/wp-content\/uploads\/2018\/03\/vidal-1.jpg?resize=525%2C300 1.5x"},"classes":[]},{"id":112395,"url":"https:\/\/www.24baires.com\/?p=112395","url_meta":{"origin":111662,"position":2},"title":"Seg\u00fan el director del Banco Provincia, \u00abVidal es una mentirosa\u00bb","author":"AF","date":"07\/10\/2019","format":false,"excerpt":"As\u00ed lo sostuvo el director del Banco Provincia, Sebasti\u00e1n Galmarini. Agreg\u00f3 que la gobernadora \"dice que escucha a las pymes cuando en realidad usa al Banco Provincia para hacer campa\u00f1a electoral y estafar a los bonaerenses\". El director del Banco Provincia, Sebasti\u00e1n Galmarini, dijo que la gobernadora de la provincia\u2026","rel":"","context":"En \u00abProvincia\u00bb","block_context":{"text":"Provincia","link":"https:\/\/www.24baires.com\/?cat=40"},"img":{"alt_text":"","src":"https:\/\/i0.wp.com\/www.24baires.com\/wp-content\/uploads\/2019\/08\/vidal.jpg?resize=350%2C200","width":350,"height":200,"srcset":"https:\/\/i0.wp.com\/www.24baires.com\/wp-content\/uploads\/2019\/08\/vidal.jpg?resize=350%2C200 1x, https:\/\/i0.wp.com\/www.24baires.com\/wp-content\/uploads\/2019\/08\/vidal.jpg?resize=525%2C300 1.5x"},"classes":[]},{"id":111598,"url":"https:\/\/www.24baires.com\/?p=111598","url_meta":{"origin":111662,"position":3},"title":"El Gobierno bonaerense prepara un paquete de medidas sociales y econ\u00f3micas","author":"GB","date":"13\/08\/2019","format":false,"excerpt":"La gobernadora bonaerense, Mar\u00eda Eugenia Vidal, anunciar\u00e1 en los pr\u00f3ximos d\u00edas un paquete de medidas econ\u00f3micas para apuntalar la situaci\u00f3n social y mejorar la situaci\u00f3n de las Pymes. Tras una reuni\u00f3n de gabinete, la gobernadora brind\u00f3 una conferencia de prensa en la que dijo estar \"preocupada por lo que est\u00e1\u2026","rel":"","context":"En \u00abProvincia\u00bb","block_context":{"text":"Provincia","link":"https:\/\/www.24baires.com\/?cat=40"},"img":{"alt_text":"","src":"https:\/\/i0.wp.com\/www.24baires.com\/wp-content\/uploads\/2019\/08\/vidal.jpg?resize=350%2C200","width":350,"height":200,"srcset":"https:\/\/i0.wp.com\/www.24baires.com\/wp-content\/uploads\/2019\/08\/vidal.jpg?resize=350%2C200 1x, https:\/\/i0.wp.com\/www.24baires.com\/wp-content\/uploads\/2019\/08\/vidal.jpg?resize=525%2C300 1.5x"},"classes":[]},{"id":111950,"url":"https:\/\/www.24baires.com\/?p=111950","url_meta":{"origin":111662,"position":4},"title":"Cu\u00e1les fueron las medidas econ\u00f3micas anunciadas por Vidal para enfrentar la crisis","author":"AF","date":"05\/09\/2019","format":false,"excerpt":"La Gobernadora anunci\u00f3 un paquete de medidas para favorecer a los sectores m\u00e1s vulnerables de la provincia de Buenos Aires. Se trata de una inversi\u00f3n de $1400 millones a partir de este mes de septiembre. La gobernadora de la Provincia de Buenos Aires, Mar\u00eda Eugenia Vidal, anunci\u00f3 este jueves medidas\u2026","rel":"","context":"En \u00abPol\u00edtica\u00bb","block_context":{"text":"Pol\u00edtica","link":"https:\/\/www.24baires.com\/?cat=51"},"img":{"alt_text":"","src":"https:\/\/i0.wp.com\/www.24baires.com\/wp-content\/uploads\/2019\/06\/vidal.jpg?resize=350%2C200","width":350,"height":200,"srcset":"https:\/\/i0.wp.com\/www.24baires.com\/wp-content\/uploads\/2019\/06\/vidal.jpg?resize=350%2C200 1x, https:\/\/i0.wp.com\/www.24baires.com\/wp-content\/uploads\/2019\/06\/vidal.jpg?resize=525%2C300 1.5x"},"classes":[]},{"id":102535,"url":"https:\/\/www.24baires.com\/?p=102535","url_meta":{"origin":111662,"position":5},"title":"Vidal anuncia medidas para promover las pymes","author":"GB","date":"05\/06\/2018","format":false,"excerpt":"La gobernadora bonaerense encabezar\u00e1 un acto en la localidad de Vicente L\u00f3pez para impulsar el desarrollo de las peque\u00f1as y medianas empresas. La gobernadora de la provincia de Buenos Aires, Mar\u00eda Eugenia Vidal, anunciar\u00e1 a una serie de medidas para promover el desarrollo de las peque\u00f1as y medianas empresas, que\u2026","rel":"","context":"En \u00abProvincia\u00bb","block_context":{"text":"Provincia","link":"https:\/\/www.24baires.com\/?cat=40"},"img":{"alt_text":"","src":"https:\/\/i0.wp.com\/www.24baires.com\/wp-content\/uploads\/2018\/03\/vidal-1.jpg?resize=350%2C200","width":350,"height":200,"srcset":"https:\/\/i0.wp.com\/www.24baires.com\/wp-content\/uploads\/2018\/03\/vidal-1.jpg?resize=350%2C200 1x, https:\/\/i0.wp.com\/www.24baires.com\/wp-content\/uploads\/2018\/03\/vidal-1.jpg?resize=525%2C300 1.5x"},"classes":[]}],"jetpack_sharing_enabled":true,"jetpack_likes_enabled":true,"jetpack_featured_media_url":"","_links":{"self":[{"href":"https:\/\/www.24baires.com\/index.php?rest_route=\/wp\/v2\/posts\/111662","targetHints":{"allow":["GET"]}}],"collection":[{"href":"https:\/\/www.24baires.com\/index.php?rest_route=\/wp\/v2\/posts"}],"about":[{"href":"https:\/\/www.24baires.com\/index.php?rest_route=\/wp\/v2\/types\/post"}],"author":[{"embeddable":true,"href":"https:\/\/www.24baires.com\/index.php?rest_route=\/wp\/v2\/users\/8"}],"replies":[{"embeddable":true,"href":"https:\/\/www.24baires.com\/index.php?rest_route=%2Fwp%2Fv2%2Fcomments&post=111662"}],"version-history":[{"count":1,"href":"https:\/\/www.24baires.com\/index.php?rest_route=\/wp\/v2\/posts\/111662\/revisions"}],"predecessor-version":[{"id":111663,"href":"https:\/\/www.24baires.com\/index.php?rest_route=\/wp\/v2\/posts\/111662\/revisions\/111663"}],"wp:attachment":[{"href":"https:\/\/www.24baires.com\/index.php?rest_route=%2Fwp%2Fv2%2Fmedia&parent=111662"}],"wp:term":[{"taxonomy":"category","embeddable":true,"href":"https:\/\/www.24baires.com\/index.php?rest_route=%2Fwp%2Fv2%2Fcategories&post=111662"},{"taxonomy":"post_tag","embeddable":true,"href":"https:\/\/www.24baires.com\/index.php?rest_route=%2Fwp%2Fv2%2Ftags&post=111662"}],"curies":[{"name":"wp","href":"https:\/\/api.w.org\/{rel}","templated":true}]}}