{"id":111649,"date":"2019-08-15T17:30:31","date_gmt":"2019-08-15T20:30:31","guid":{"rendered":"http:\/\/www.24baires.com\/?p=111649"},"modified":"2019-08-15T18:33:34","modified_gmt":"2019-08-15T21:33:34","slug":"la-inflacion-de-julio-fue-del-22-y-acumulo-un-544-en-el-ultimo-ano","status":"publish","type":"post","link":"https:\/\/www.24baires.com\/?p=111649","title":{"rendered":"La inflaci\u00f3n de julio fue del 2,2% y acumul\u00f3 un 54,4% en el \u00faltimo a\u00f1o"},"content":{"rendered":"<p><img data-recalc-dims=\"1\" loading=\"lazy\" decoding=\"async\" src=\"https:\/\/i0.wp.com\/www.24baires.com\/wp-content\/uploads\/2016\/12\/supermercado.jpg?resize=560%2C311\" alt=\"\" width=\"560\" height=\"311\" class=\"aligncenter size-full wp-image-90967\" srcset=\"https:\/\/i0.wp.com\/www.24baires.com\/wp-content\/uploads\/2016\/12\/supermercado.jpg?w=560&amp;ssl=1 560w, https:\/\/i0.wp.com\/www.24baires.com\/wp-content\/uploads\/2016\/12\/supermercado.jpg?resize=300%2C167&amp;ssl=1 300w\" sizes=\"auto, (max-width: 560px) 100vw, 560px\" \/>El nivel general del \u00cdndice de Precios al Consumidor (IPC) representativo del total de hogares del pa\u00eds registr\u00f3 esa variaci\u00f3n con relaci\u00f3n al mes anterior.<!--more--><\/p>\n<p>El \u00edndice de precios al consumidor aument\u00f3 2,2% durante julio, inform\u00f3 hoy el Instituto Nacional de Estad\u00edstica y Censos (Indec).<\/p>\n<p>De esta manera la inflaci\u00f3n minorista acumul\u00f3 una suba del 25,1% en lo que va del a\u00f1o, y 54,4% en los \u00faltimos doce meses.<\/p>\n","protected":false},"excerpt":{"rendered":"<p>El nivel general del \u00cdndice de Precios al Consumidor (IPC) representativo del total de hogares del pa\u00eds registr\u00f3 esa variaci\u00f3n con relaci\u00f3n al mes anterior.<\/p>\n","protected":false},"author":4,"featured_media":0,"comment_status":"open","ping_status":"open","sticky":false,"template":"","format":"standard","meta":{"_jetpack_newsletter_access":"","_jetpack_dont_email_post_to_subs":false,"_jetpack_newsletter_tier_id":0,"_jetpack_memberships_contains_paywalled_content":false,"_jetpack_memberships_contains_paid_content":false,"footnotes":""},"categories":[45],"tags":[],"class_list":["post-111649","post","type-post","status-publish","format-standard","hentry","category-economia"],"jetpack_featured_media_url":"","jetpack_shortlink":"https:\/\/wp.me\/p2JWE0-t2N","jetpack-related-posts":[{"id":86192,"url":"https:\/\/www.24baires.com\/?p=86192","url_meta":{"origin":111649,"position":0},"title":"El Gobierno de CABA midi\u00f3 un 2,2% de inflaci\u00f3n en julio y el IPC Congreso 2,4%","author":"Grupo Sierra","date":"11\/08\/2016","format":false,"excerpt":"El Gobierno de la Ciudad de Buenos Aires inform\u00f3 que la inflaci\u00f3n de julio fue de 2,2%, mientras que el IPC-Congreso reflej\u00f3 un avance de 2,4% respecto de junio, niveles que se encuentran por debajo de la inflaci\u00f3n registrada en los meses previos. En tanto, para viernes est\u00e1 previsto que\u2026","rel":"","context":"En \u00abEconom\u00eda\u00bb","block_context":{"text":"Econom\u00eda","link":"https:\/\/www.24baires.com\/?cat=45"},"img":{"alt_text":"supermercado vac\u00edo","src":"https:\/\/i0.wp.com\/www.24baires.com\/wp-content\/uploads\/2016\/05\/supermercado-vac%C3%ADo.jpg?resize=350%2C200","width":350,"height":200,"srcset":"https:\/\/i0.wp.com\/www.24baires.com\/wp-content\/uploads\/2016\/05\/supermercado-vac%C3%ADo.jpg?resize=350%2C200 1x, https:\/\/i0.wp.com\/www.24baires.com\/wp-content\/uploads\/2016\/05\/supermercado-vac%C3%ADo.jpg?resize=525%2C300 1.5x"},"classes":[]},{"id":115639,"url":"https:\/\/www.24baires.com\/?p=115639","url_meta":{"origin":111649,"position":1},"title":"La inflaci\u00f3n de junio lleg\u00f3 al 2,2%","author":"AF","date":"15\/07\/2020","format":false,"excerpt":"La medici\u00f3n marca una ligera aceleraci\u00f3n con respecto a los dos meses previos y es la tercera marca m\u00e1s alta del a\u00f1o. El Instituto Nacional de Estad\u00edstica y Censos (Indec) inform\u00f3 este mi\u00e9rcoles que el \u00cdndice de Precios al Consumidor (IPC) subi\u00f3 2,2% en junio y de esta forma, el\u2026","rel":"","context":"En \u00abEconom\u00eda\u00bb","block_context":{"text":"Econom\u00eda","link":"https:\/\/www.24baires.com\/?cat=45"},"img":{"alt_text":"","src":"https:\/\/i0.wp.com\/www.24baires.com\/wp-content\/uploads\/2020\/05\/supermercado.jpg?resize=350%2C200","width":350,"height":200,"srcset":"https:\/\/i0.wp.com\/www.24baires.com\/wp-content\/uploads\/2020\/05\/supermercado.jpg?resize=350%2C200 1x, https:\/\/i0.wp.com\/www.24baires.com\/wp-content\/uploads\/2020\/05\/supermercado.jpg?resize=525%2C300 1.5x"},"classes":[]},{"id":115948,"url":"https:\/\/www.24baires.com\/?p=115948","url_meta":{"origin":111649,"position":2},"title":"La inflaci\u00f3n de Julio fue del 1,9% y ya acumula un 15,8% en lo que va del a\u00f1o","author":"GB","date":"14\/08\/2020","format":false,"excerpt":"El Indec difundi\u00f3 los datos que muestran un fuerte incremente en equipamiento y mantenimiento del hogar, seguidos de recreaci\u00f3n y cultura, e indumentaria. El dato positivo del nuevo informe del Indec es que el indice de precios al consumidor (IPC), que alcanz\u00f3 el 1,9% para julio mostr\u00f3 una leve ca\u00edda\u2026","rel":"","context":"En \u00abEconom\u00eda\u00bb","block_context":{"text":"Econom\u00eda","link":"https:\/\/www.24baires.com\/?cat=45"},"img":{"alt_text":"","src":"https:\/\/i0.wp.com\/www.24baires.com\/wp-content\/uploads\/2020\/04\/supermercado.jpg?resize=350%2C200","width":350,"height":200,"srcset":"https:\/\/i0.wp.com\/www.24baires.com\/wp-content\/uploads\/2020\/04\/supermercado.jpg?resize=350%2C200 1x, https:\/\/i0.wp.com\/www.24baires.com\/wp-content\/uploads\/2020\/04\/supermercado.jpg?resize=525%2C300 1.5x"},"classes":[]},{"id":121984,"url":"https:\/\/www.24baires.com\/?p=121984","url_meta":{"origin":111649,"position":3},"title":"Diciembre cierra con una inflaci\u00f3n del 2,7%","author":"GB","date":"15\/01\/2025","format":false,"excerpt":"El Indec inform\u00f3 que la inflaci\u00f3n de diciembre fue del 2,7%, acumulando un 117,8% en 2024. Los precios se mantuvieron estables por tercer mes consecutivo. El Instituto Nacional de Estad\u00edstica y Censos (Indec) inform\u00f3 que el \u00cdndice de Precios al Consumidor (IPC) correspondiente a diciembre de 2024 se ubic\u00f3 en\u2026","rel":"","context":"En \u00abEconom\u00eda\u00bb","block_context":{"text":"Econom\u00eda","link":"https:\/\/www.24baires.com\/?cat=45"},"img":{"alt_text":"","src":"https:\/\/i0.wp.com\/www.24baires.com\/wp-content\/uploads\/2018\/08\/supermercado.jpg?resize=350%2C200","width":350,"height":200,"srcset":"https:\/\/i0.wp.com\/www.24baires.com\/wp-content\/uploads\/2018\/08\/supermercado.jpg?resize=350%2C200 1x, https:\/\/i0.wp.com\/www.24baires.com\/wp-content\/uploads\/2018\/08\/supermercado.jpg?resize=525%2C300 1.5x, https:\/\/i0.wp.com\/www.24baires.com\/wp-content\/uploads\/2018\/08\/supermercado.jpg?resize=700%2C400 2x"},"classes":[]},{"id":66008,"url":"https:\/\/www.24baires.com\/?p=66008","url_meta":{"origin":111649,"position":4},"title":"La inflaci\u00f3n de abril fue de 1,1%, seg\u00fan el INDEC","author":"GB","date":"15\/05\/2015","format":false,"excerpt":"El \u00cdndice de Precios al Consumidor Nacional Urbano registr\u00f3 en abril un avance de 1,1% y acumula un alza del 4,6% en el primer cuatrimestre del a\u00f1o, inform\u00f3 el Instituto Nacional de Estad\u00edstica y Censos (Indec). La dependencia oficial detall\u00f3 adem\u00e1s que el \u00edndice de precios mayoristas subi\u00f3 0,7% en\u2026","rel":"","context":"En \u00abEconom\u00eda\u00bb","block_context":{"text":"Econom\u00eda","link":"https:\/\/www.24baires.com\/?cat=45"},"img":{"alt_text":"precios acordados g\u00f3ndola super","src":"https:\/\/i0.wp.com\/www.24baires.com\/wp-content\/uploads\/2015\/02\/precios-acordados-g%C3%B3ndola-super.jpg?resize=350%2C200","width":350,"height":200,"srcset":"https:\/\/i0.wp.com\/www.24baires.com\/wp-content\/uploads\/2015\/02\/precios-acordados-g%C3%B3ndola-super.jpg?resize=350%2C200 1x, https:\/\/i0.wp.com\/www.24baires.com\/wp-content\/uploads\/2015\/02\/precios-acordados-g%C3%B3ndola-super.jpg?resize=525%2C300 1.5x"},"classes":[]},{"id":111282,"url":"https:\/\/www.24baires.com\/?p=111282","url_meta":{"origin":111649,"position":5},"title":"Para no ser pobre una familia tipo necesita $31.000","author":"AF","date":"22\/07\/2019","format":false,"excerpt":"La canasta de alimentos y servicios que utiliza la Ciudad de Buenos Aires para determinar el nivel de pobreza escal\u00f3 2,9 por ciento en junio. Las cifras porte\u00f1as acumulan as\u00ed un incremento del 26 por ciento en los primeros seis meses del a\u00f1o. Una pareja compuesta por una mujer y\u2026","rel":"","context":"En \u00abEconom\u00eda\u00bb","block_context":{"text":"Econom\u00eda","link":"https:\/\/www.24baires.com\/?cat=45"},"img":{"alt_text":"","src":"https:\/\/i0.wp.com\/www.24baires.com\/wp-content\/uploads\/2016\/03\/carrito-canasta.jpg?resize=350%2C200","width":350,"height":200,"srcset":"https:\/\/i0.wp.com\/www.24baires.com\/wp-content\/uploads\/2016\/03\/carrito-canasta.jpg?resize=350%2C200 1x, https:\/\/i0.wp.com\/www.24baires.com\/wp-content\/uploads\/2016\/03\/carrito-canasta.jpg?resize=525%2C300 1.5x"},"classes":[]}],"jetpack_sharing_enabled":true,"jetpack_likes_enabled":true,"_links":{"self":[{"href":"https:\/\/www.24baires.com\/index.php?rest_route=\/wp\/v2\/posts\/111649","targetHints":{"allow":["GET"]}}],"collection":[{"href":"https:\/\/www.24baires.com\/index.php?rest_route=\/wp\/v2\/posts"}],"about":[{"href":"https:\/\/www.24baires.com\/index.php?rest_route=\/wp\/v2\/types\/post"}],"author":[{"embeddable":true,"href":"https:\/\/www.24baires.com\/index.php?rest_route=\/wp\/v2\/users\/4"}],"replies":[{"embeddable":true,"href":"https:\/\/www.24baires.com\/index.php?rest_route=%2Fwp%2Fv2%2Fcomments&post=111649"}],"version-history":[{"count":1,"href":"https:\/\/www.24baires.com\/index.php?rest_route=\/wp\/v2\/posts\/111649\/revisions"}],"predecessor-version":[{"id":111650,"href":"https:\/\/www.24baires.com\/index.php?rest_route=\/wp\/v2\/posts\/111649\/revisions\/111650"}],"wp:attachment":[{"href":"https:\/\/www.24baires.com\/index.php?rest_route=%2Fwp%2Fv2%2Fmedia&parent=111649"}],"wp:term":[{"taxonomy":"category","embeddable":true,"href":"https:\/\/www.24baires.com\/index.php?rest_route=%2Fwp%2Fv2%2Fcategories&post=111649"},{"taxonomy":"post_tag","embeddable":true,"href":"https:\/\/www.24baires.com\/index.php?rest_route=%2Fwp%2Fv2%2Ftags&post=111649"}],"curies":[{"name":"wp","href":"https:\/\/api.w.org\/{rel}","templated":true}]}}