{"id":111647,"date":"2019-08-15T13:09:48","date_gmt":"2019-08-15T16:09:48","guid":{"rendered":"http:\/\/www.24baires.com\/?p=111647"},"modified":"2019-08-15T14:10:47","modified_gmt":"2019-08-15T17:10:47","slug":"caputo-defendio-a-alberto-fernandez-y-cuestiono-al-gobierno-por-el-dolar","status":"publish","type":"post","link":"https:\/\/www.24baires.com\/?p=111647","title":{"rendered":"Caputo defendi\u00f3 a Alberto Fern\u00e1ndez y cuestion\u00f3 al Gobierno por el d\u00f3lar"},"content":{"rendered":"<p><img data-recalc-dims=\"1\" loading=\"lazy\" decoding=\"async\" src=\"https:\/\/i0.wp.com\/www.24baires.com\/wp-content\/uploads\/2017\/01\/caputo.jpg?resize=300%2C200\" alt=\"\" width=\"300\" height=\"200\" class=\"alignleft size-medium wp-image-91615\" srcset=\"https:\/\/i0.wp.com\/www.24baires.com\/wp-content\/uploads\/2017\/01\/caputo.jpg?resize=300%2C200&amp;ssl=1 300w, https:\/\/i0.wp.com\/www.24baires.com\/wp-content\/uploads\/2017\/01\/caputo.jpg?w=324&amp;ssl=1 324w\" sizes=\"auto, (max-width: 300px) 100vw, 300px\" \/>El \u00abMessi de las finanzas\u00bb regres\u00f3 a la escena p\u00fablica luego de la salida del Gobierno en septiembre de 2018.<br \/>\n<!--more--><\/p>\n<p>El ex presidente del Banco Central Luis Caputo volvi\u00f3 a hablar luego de su salida del Gobierno en septiembre de 2018. En una charla que dio como integrante de un panel organizado por Allaria Ledesma, el ex funcionario cont\u00f3 que su renuncia se debi\u00f3 a que \u201cno pudo convencer\u201d al Fondo Monetario Internacional respecto de su pol\u00edtica monetaria para contener al d\u00f3lar.<\/p>\n<p>Adem\u00e1s descart\u00f3 la posibilidad de un default ante su eventual triunfo.<\/p>\n<p>El ex presidente de la entidad monetaria comparti\u00f3 la charla con Emmanuel \u00c1lvarez Agis, exviceministro de Axel Kicillof en la gesti\u00f3n de Cristina Fern\u00e1ndez de Kirchner y economista de consulta de Alberto Fern\u00e1ndez.<\/p>\n<p>\u00abToto\u00bb asinti\u00f3 en la exposici\u00f3n del economista mientras criticaba el rol del organismo de cr\u00e9dito, e incluso le agradeci\u00f3 por \u201cexplicar\u201d lo mismo que \u00e9l pensaba respecto de la pol\u00edtica monetaria del Banco Central, que vendi\u00f3 d\u00f3lares de las reservas luego de las elecciones. \u00abUn 33% de devaluaci\u00f3n nos comimos con el &#8216;dejalo flotar&#8217;. El principal error de la pol\u00edtica del Fondo fue la monetaria, no la fiscal\u00bb, critic\u00f3 \u00c0lvarez Agis.<\/p>\n<p>Caputo consider\u00f3 que si bien \u201clos mercados han dado por cierto que (Fern\u00e1ndez) ya defaulte\u00f3, que viene con una reestructuraci\u00f3n hostil\u201d, aclar\u00f3 que \u201cAlberto no dijo nada y no hay fundamentos econ\u00f3micos para que eso pase\u00bb, seg\u00fan recogi\u00f3 Clar\u00edn.<\/p>\n","protected":false},"excerpt":{"rendered":"<p>El \u00abMessi de las finanzas\u00bb regres\u00f3 a la escena p\u00fablica luego de la salida del Gobierno en septiembre de 2018.<\/p>\n","protected":false},"author":8,"featured_media":0,"comment_status":"open","ping_status":"open","sticky":false,"template":"","format":"standard","meta":{"_jetpack_newsletter_access":"","_jetpack_dont_email_post_to_subs":false,"_jetpack_newsletter_tier_id":0,"_jetpack_memberships_contains_paywalled_content":false,"_jetpack_memberships_contains_paid_content":false,"footnotes":""},"categories":[45],"tags":[],"class_list":["post-111647","post","type-post","status-publish","format-standard","hentry","category-economia"],"jetpack_featured_media_url":"","jetpack_shortlink":"https:\/\/wp.me\/p2JWE0-t2L","jetpack-related-posts":[{"id":104638,"url":"https:\/\/www.24baires.com\/?p=104638","url_meta":{"origin":111647,"position":0},"title":"AHORA: Luis Caputo renunci\u00f3 a la presidencia del Banco Central","author":"GB","date":"25\/09\/2018","format":false,"excerpt":"El funcionario present\u00f3 su renuncia luego de que el gobierno atravesara una crisis cambiaria que llev\u00f3 el d\u00f3lar a 44 pesos. Luis Caputo present\u00f3 su renuncia a la presidencia del Banco Central luego de tres meses de asumir el cargo, en que reemplaz\u00f3 a Federico Sturzenegger. El funcionario dirimi\u00f3 a\u2026","rel":"","context":"En \u00ab\u00daltimo Momento\u00bb","block_context":{"text":"\u00daltimo Momento","link":"https:\/\/www.24baires.com\/?cat=55"},"img":{"alt_text":"","src":"https:\/\/i0.wp.com\/www.24baires.com\/wp-content\/uploads\/2017\/11\/caputo.jpg?resize=350%2C200","width":350,"height":200,"srcset":"https:\/\/i0.wp.com\/www.24baires.com\/wp-content\/uploads\/2017\/11\/caputo.jpg?resize=350%2C200 1x, https:\/\/i0.wp.com\/www.24baires.com\/wp-content\/uploads\/2017\/11\/caputo.jpg?resize=525%2C300 1.5x"},"classes":[]},{"id":111396,"url":"https:\/\/www.24baires.com\/?p=111396","url_meta":{"origin":111647,"position":1},"title":"Alberto Fern\u00e1ndez dijo que el Gobierno sube la tasa de las Leliq para aguantar el d\u00f3lar","author":"AF","date":"30\/07\/2019","format":false,"excerpt":"El Banco Central elev\u00f3 otra vez el rendimiento de estas letras y cerr\u00f3 en 60,272% anual, el m\u00e1ximo valor desde el 5 de julio pasado. El precandidato presidencial por el Frente de Todos, Alberto Fern\u00e1ndez, critic\u00f3 este martes al titular del Banco Central, Guido Sandleris, por volver a incrementar la\u2026","rel":"","context":"En \u00abPol\u00edtica\u00bb","block_context":{"text":"Pol\u00edtica","link":"https:\/\/www.24baires.com\/?cat=51"},"img":{"alt_text":"","src":"https:\/\/i0.wp.com\/www.24baires.com\/wp-content\/uploads\/2019\/07\/fern%C3%A1ndez.jpg?resize=350%2C200","width":350,"height":200,"srcset":"https:\/\/i0.wp.com\/www.24baires.com\/wp-content\/uploads\/2019\/07\/fern%C3%A1ndez.jpg?resize=350%2C200 1x, https:\/\/i0.wp.com\/www.24baires.com\/wp-content\/uploads\/2019\/07\/fern%C3%A1ndez.jpg?resize=525%2C300 1.5x"},"classes":[]},{"id":111267,"url":"https:\/\/www.24baires.com\/?p=111267","url_meta":{"origin":111647,"position":2},"title":"\u00abHay una necesidad de dirigentes que sepan cu\u00e1les son los problemas de la gente\u00bb","author":"GB","date":"19\/07\/2019","format":false,"excerpt":"La ex presidenta presenta su libro \"Sinceramente\" en Mar del Plata. \u201cHay una necesidad de tener dirigentes que sepan cu\u00e1les son los problemas de los argentinos\u201d, dijo Cristina Fern\u00e1ndez durante la presentaci\u00f3n de su libro, \u201cSinceramente\u201d, en Mar del Plata, luego de criticar una entrevista que brind\u00f3 la gobernadora bonaerense\u2026","rel":"","context":"En \u00abPol\u00edtica\u00bb","block_context":{"text":"Pol\u00edtica","link":"https:\/\/www.24baires.com\/?cat=51"},"img":{"alt_text":"","src":"https:\/\/i0.wp.com\/www.24baires.com\/wp-content\/uploads\/2019\/07\/cristina-mdp.jpg?resize=350%2C200","width":350,"height":200,"srcset":"https:\/\/i0.wp.com\/www.24baires.com\/wp-content\/uploads\/2019\/07\/cristina-mdp.jpg?resize=350%2C200 1x, https:\/\/i0.wp.com\/www.24baires.com\/wp-content\/uploads\/2019\/07\/cristina-mdp.jpg?resize=525%2C300 1.5x"},"classes":[]},{"id":111666,"url":"https:\/\/www.24baires.com\/?p=111666","url_meta":{"origin":111647,"position":3},"title":"Redrado acus\u00f3 a Macri por no frenar la suba del d\u00f3lar","author":"GB","date":"16\/08\/2019","format":false,"excerpt":"El economista y ex titular del Banco Central responsabiliz\u00f3 a Macri y Guido Sandleris por la devaluaci\u00f3n. El economista Mart\u00edn Redrado critic\u00f3 al gobierno por la serie de medidas econ\u00f3micas anunciadas esta semana con el objetivo de \u201caliviar\u201d el impacto de la crisis que provocar\u00e1 la devaluaci\u00f3n cercana al 30\u2026","rel":"","context":"En \u00abPol\u00edtica\u00bb","block_context":{"text":"Pol\u00edtica","link":"https:\/\/www.24baires.com\/?cat=51"},"img":{"alt_text":"","src":"https:\/\/i0.wp.com\/www.24baires.com\/wp-content\/uploads\/2015\/10\/redrado.jpg?resize=350%2C200","width":350,"height":200,"srcset":"https:\/\/i0.wp.com\/www.24baires.com\/wp-content\/uploads\/2015\/10\/redrado.jpg?resize=350%2C200 1x, https:\/\/i0.wp.com\/www.24baires.com\/wp-content\/uploads\/2015\/10\/redrado.jpg?resize=525%2C300 1.5x"},"classes":[]},{"id":111383,"url":"https:\/\/www.24baires.com\/?p=111383","url_meta":{"origin":111647,"position":4},"title":"Alberto Fern\u00e1ndez: \u00abCuando critico a Macri me responde el FMI\u00bb","author":"AF","date":"30\/07\/2019","format":false,"excerpt":"El precandidato presidencial del Frente de Todos visit\u00f3 este martes Paran\u00e1, Entre R\u00edos, y critic\u00f3 al Gobierno en una conferencia de prensa.\"La ca\u00edda del consumo deber\u00eda avergonzarlos\", destac\u00f3. El precandidato presidencial del Frente de Todos, Alberto Fern\u00e1ndez, visit\u00f3 este martes Paran\u00e1, Entre R\u00edos, donde respondi\u00f3 preguntas de periodistas en el\u2026","rel":"","context":"En \u00abPol\u00edtica\u00bb","block_context":{"text":"Pol\u00edtica","link":"https:\/\/www.24baires.com\/?cat=51"},"img":{"alt_text":"","src":"https:\/\/i0.wp.com\/www.24baires.com\/wp-content\/uploads\/2019\/06\/fern%C3%A1ndezz.jpg?resize=350%2C200","width":350,"height":200,"srcset":"https:\/\/i0.wp.com\/www.24baires.com\/wp-content\/uploads\/2019\/06\/fern%C3%A1ndezz.jpg?resize=350%2C200 1x, https:\/\/i0.wp.com\/www.24baires.com\/wp-content\/uploads\/2019\/06\/fern%C3%A1ndezz.jpg?resize=525%2C300 1.5x"},"classes":[]},{"id":122531,"url":"https:\/\/www.24baires.com\/?p=122531","url_meta":{"origin":111647,"position":5},"title":"\u201cSeguiremos desregulando\u00bb, festej\u00f3 Milei","author":"GB","date":"10\/09\/2025","format":false,"excerpt":"Con el respaldo del Fondo Monetario Internacional, el gobierno confirm\u00f3 que profundizar\u00e1 su plan econ\u00f3mico pese a la derrota electoral. Despu\u00e9s de la ratificaci\u00f3n de apoyo que dio el Fondo Monetario Internacional al gobierno nacional tras la p\u00e9rdida electoral, el presidente asegur\u00f3 que no se mover\u00e1n ni un cent\u00edmetro del\u2026","rel":"","context":"En \u00abPol\u00edtica\u00bb","block_context":{"text":"Pol\u00edtica","link":"https:\/\/www.24baires.com\/?cat=51"},"img":{"alt_text":"","src":"https:\/\/i0.wp.com\/www.24baires.com\/wp-content\/uploads\/2025\/09\/mileif.webp?resize=350%2C200","width":350,"height":200,"srcset":"https:\/\/i0.wp.com\/www.24baires.com\/wp-content\/uploads\/2025\/09\/mileif.webp?resize=350%2C200 1x, https:\/\/i0.wp.com\/www.24baires.com\/wp-content\/uploads\/2025\/09\/mileif.webp?resize=525%2C300 1.5x, https:\/\/i0.wp.com\/www.24baires.com\/wp-content\/uploads\/2025\/09\/mileif.webp?resize=700%2C400 2x"},"classes":[]}],"jetpack_sharing_enabled":true,"jetpack_likes_enabled":true,"_links":{"self":[{"href":"https:\/\/www.24baires.com\/index.php?rest_route=\/wp\/v2\/posts\/111647","targetHints":{"allow":["GET"]}}],"collection":[{"href":"https:\/\/www.24baires.com\/index.php?rest_route=\/wp\/v2\/posts"}],"about":[{"href":"https:\/\/www.24baires.com\/index.php?rest_route=\/wp\/v2\/types\/post"}],"author":[{"embeddable":true,"href":"https:\/\/www.24baires.com\/index.php?rest_route=\/wp\/v2\/users\/8"}],"replies":[{"embeddable":true,"href":"https:\/\/www.24baires.com\/index.php?rest_route=%2Fwp%2Fv2%2Fcomments&post=111647"}],"version-history":[{"count":1,"href":"https:\/\/www.24baires.com\/index.php?rest_route=\/wp\/v2\/posts\/111647\/revisions"}],"predecessor-version":[{"id":111648,"href":"https:\/\/www.24baires.com\/index.php?rest_route=\/wp\/v2\/posts\/111647\/revisions\/111648"}],"wp:attachment":[{"href":"https:\/\/www.24baires.com\/index.php?rest_route=%2Fwp%2Fv2%2Fmedia&parent=111647"}],"wp:term":[{"taxonomy":"category","embeddable":true,"href":"https:\/\/www.24baires.com\/index.php?rest_route=%2Fwp%2Fv2%2Fcategories&post=111647"},{"taxonomy":"post_tag","embeddable":true,"href":"https:\/\/www.24baires.com\/index.php?rest_route=%2Fwp%2Fv2%2Ftags&post=111647"}],"curies":[{"name":"wp","href":"https:\/\/api.w.org\/{rel}","templated":true}]}}