{"id":111639,"date":"2019-08-15T11:00:30","date_gmt":"2019-08-15T14:00:30","guid":{"rendered":"http:\/\/www.24baires.com\/?p=111639"},"modified":"2019-08-15T08:44:13","modified_gmt":"2019-08-15T11:44:13","slug":"la-revista-forbes-explico-porque-argentina-no-se-convertira-en-venezuela-con-fernandez","status":"publish","type":"post","link":"https:\/\/www.24baires.com\/?p=111639","title":{"rendered":"La revista Forbes explic\u00f3 porqu\u00e9 \u00abArgentina no se convertir\u00e1 en Venezuela\u00bb con Fern\u00e1ndez"},"content":{"rendered":"<p><img data-recalc-dims=\"1\" loading=\"lazy\" decoding=\"async\" src=\"https:\/\/i0.wp.com\/www.24baires.com\/wp-content\/uploads\/2019\/08\/revista-forbes.jpg?resize=233%2C300\" alt=\"\" width=\"233\" height=\"300\" class=\"alignleft size-medium wp-image-111640\" srcset=\"https:\/\/i0.wp.com\/www.24baires.com\/wp-content\/uploads\/2019\/08\/revista-forbes.jpg?resize=233%2C300&amp;ssl=1 233w, https:\/\/i0.wp.com\/www.24baires.com\/wp-content\/uploads\/2019\/08\/revista-forbes.jpg?w=434&amp;ssl=1 434w\" sizes=\"auto, (max-width: 233px) 100vw, 233px\" \/>Uno de los principales medios financieros le solt\u00f3 la mano a Juntos por el Cambio y, tras la derrota en las PASO, dijo que el resultado es \u00abcasi imposible de revertir\u00bb y que \u00ablas razones del fracaso son complejas\u00bb. De remate, acab\u00f3 con el argumento del miedo del Presidente al advertirle que con su gesti\u00f3n \u00abArgentina no se convirti\u00f3 en Escandinavia\u00bb ni ser\u00e1 Venezuela con Fern\u00e1ndez.<!--more--><\/p>\n<p>A tan solo horas de que desde todo el planeta criticaran con dureza al Gobierno, como la publicaci\u00f3n del peri\u00f3dico brit\u00e1nico Financial Times en la que se advirti\u00f3 que los inversores \u201cdel mundo\u201d dieron un duro mensaje al gobierno argentino tras la derrota en las PASO y que ya se trata de un \u00abgame over\u201d para el oficialismo, otra de los principales medios financieros del mundo le solt\u00f3 la mano a Juntos por el Cambio y volte\u00f3 la campa\u00f1a del medio de Mauricio Macri al explicarle al Presidente que la f\u00f3rmula Alberto Fern\u00e1ndez-Cristina Kirchner le dio una paliza y que \u00abArgentina no se convertir\u00e1 en Venezuela\u00bb.<\/p>\n<p>Se trata de un art\u00edculo de la revista Forbes, que desde Nueva York y a trav\u00e9s de un art\u00edculo de Alex Milberg, el editor de ese medio en Argentina, en el que se analiz\u00f3 la derrota de Juntos por el Cambio en las PASO y vaticin\u00f3 el futuro pr\u00f3ximo de la econom\u00eda argentina.<\/p>\n<p>\u201cComo Argentina no se convirti\u00f3 en Escandinavia en estos cuatro a\u00f1os del gobierno de Macri, es probable que con el nuevo gobierno eventual tampoco se convierta en Venezuela\u201d, sentenci\u00f3 Forbes.<\/p>\n<p>Seg\u00fan la nota, \u201ces casi imposible\u201d para el macrismo revertir ese resultado en las elecciones presidenciales del 27 de octubre. A contramano de la falta de autocr\u00edtica del Gobierno en cuanto a su rumbo econ\u00f3mico, como \u201craz\u00f3n principal de la derrota\u201d Forbes sostiene que \u201cdespu\u00e9s de casi cuatro a\u00f1os en el cargo, todas las variables de la macroeconom\u00eda empeoraron: la inflaci\u00f3n pas\u00f3 del 25% al \u200b\u200b50%, el d\u00f3lar pas\u00f3 de 15 pesos a 45 (\u00a1y es posible que pueda saltar a 60!), la pobreza aument\u00f3 del 30% al 34%, la deuda con el FMI se multiplic\u00f3 y la naci\u00f3n cay\u00f3 en una recesi\u00f3n m\u00e1s profunda\u201d.<\/p>\n<p>Por eso, el famoso medio neoyorkino que informa cu\u00e1les son los hombres m\u00e1s ricos del planeta remat\u00f3: \u201cLas razones del fracaso de Macri son complejas\u201d.<\/p>\n<p>Luego, la publicaci\u00f3n recorre qu\u00e9 pas\u00f3 con la econom\u00eda despu\u00e9s del resultado electoral en los mercados, cuando muchos sostienen que el Ejecutivo reaccion\u00f3 tarde y mal. \u201cEn s\u00f3lo 24 horas, con la apertura de los mercados, el peso nuevamente se devalu\u00f3 en un 30% frente al d\u00f3lar, de 45 a 60 pesos\u201d, precisaron y aseguraron que \u201cen el contexto de una inflaci\u00f3n anual del 50%, gran parte de la devaluaci\u00f3n generalmente se traslada a los precios\u201d.  Y agrega: \u201cEn los \u00faltimos tres meses, desde el Banco Central y con el apoyo del FMI, el valor del d\u00f3lar estaba contenido en bonos que iban de 35 a 40 y luego a 45 pesos\u201d.<\/p>\n<p>Tras hacer un repaso sobre \u201clos setenta y cinco a\u00f1os de historia del peronismo\u201d donde \u201csupo ser populista en los extremos ideol\u00f3gicos: del neoliberalismo a la extrema izquierda\u201d, concluyeron con una sentencia terminante: \u201cAs\u00ed como Argentina no se convirti\u00f3 en Escandinavia en estos cuatro a\u00f1os del gobierno de Macri, es probable que el nuevo gobierno eventual tampoco se convierta en Venezuela\u00bb.<\/p>\n<p>\u00abEncerrada en su propia matriz, con reformas de desarrollo pendientes, prevalece la esperanza de los recursos naturales: los granos y la soja de ayer, el petr\u00f3leo de esquisto bituminoso del ma\u00f1ana. Mientras tanto, Argentina no rugear\u00e1 hacia Caracas, ni a Oslo. Lo m\u00e1s probable es que contin\u00fae girando en torno a s\u00ed mismo, entre la ilusi\u00f3n y el desencanto\u00bb, sostienen finalmente. <\/p>\n","protected":false},"excerpt":{"rendered":"<p>Uno de los principales medios financieros le solt\u00f3 la mano a Juntos por el Cambio y, tras la derrota en las PASO, dijo que el resultado es \u00abcasi imposible de revertir\u00bb y que \u00ablas razones del fracaso son complejas\u00bb. De remate, acab\u00f3 con el argumento del miedo del Presidente al advertirle que con su gesti\u00f3n \u00abArgentina no se convirti\u00f3 en [&#8230;]<\/p>\n","protected":false},"author":8,"featured_media":0,"comment_status":"open","ping_status":"open","sticky":false,"template":"","format":"standard","meta":{"_jetpack_newsletter_access":"","_jetpack_dont_email_post_to_subs":false,"_jetpack_newsletter_tier_id":0,"_jetpack_memberships_contains_paywalled_content":false,"_jetpack_memberships_contains_paid_content":false,"footnotes":""},"categories":[45],"tags":[],"class_list":["post-111639","post","type-post","status-publish","format-standard","hentry","category-economia"],"jetpack_featured_media_url":"","jetpack_shortlink":"https:\/\/wp.me\/p2JWE0-t2D","jetpack-related-posts":[{"id":108338,"url":"https:\/\/www.24baires.com\/?p=108338","url_meta":{"origin":111639,"position":0},"title":"La ONU consider\u00f3 que la econom\u00eda macrista est\u00e1 entre las peores del mundo","author":"AF","date":"22\/05\/2019","format":false,"excerpt":"La ONU consider\u00f3 que, en un contexto econ\u00f3mico adverso a nivel global, la Argentina se destac\u00f3 negativamente y contribuy\u00f3 a profundizar los desequilibrios mundiales. Advierten que en el pa\u00eds \"el horizonte es altamente incierto\" y se\u00f1alan \"la falta de capacidad del Gobierno para domesticar a la inflaci\u00f3n\". Como pretend\u00eda Mauricio\u2026","rel":"","context":"En \u00abPol\u00edtica\u00bb","block_context":{"text":"Pol\u00edtica","link":"https:\/\/www.24baires.com\/?cat=51"},"img":{"alt_text":"","src":"https:\/\/i0.wp.com\/www.24baires.com\/wp-content\/uploads\/2019\/03\/macri-deuda.jpg?resize=350%2C200","width":350,"height":200,"srcset":"https:\/\/i0.wp.com\/www.24baires.com\/wp-content\/uploads\/2019\/03\/macri-deuda.jpg?resize=350%2C200 1x, https:\/\/i0.wp.com\/www.24baires.com\/wp-content\/uploads\/2019\/03\/macri-deuda.jpg?resize=525%2C300 1.5x"},"classes":[]},{"id":111589,"url":"https:\/\/www.24baires.com\/?p=111589","url_meta":{"origin":111639,"position":1},"title":"Macri: \u201cNo me puedo hacer cargo\u201d","author":"AF","date":"12\/08\/2019","format":false,"excerpt":"El mandatario brind\u00f3 una conferencia de prensa en la que culp\u00f3 por la suba del d\u00f3lar a la decisi\u00f3n de la mayor\u00eda de los ciudadanos de votar al Frente de Todos. \u201cEstoy ac\u00e1 para ayudar en lo que pueda\u201d, se deslig\u00f3 Macri y dijo que \u201cel kirchnerismo deber\u00eda hacer una\u2026","rel":"","context":"En \u00abPol\u00edtica\u00bb","block_context":{"text":"Pol\u00edtica","link":"https:\/\/www.24baires.com\/?cat=51"},"img":{"alt_text":"","src":"https:\/\/i0.wp.com\/www.24baires.com\/wp-content\/uploads\/2019\/08\/vidall.jpg?resize=350%2C200","width":350,"height":200,"srcset":"https:\/\/i0.wp.com\/www.24baires.com\/wp-content\/uploads\/2019\/08\/vidall.jpg?resize=350%2C200 1x, https:\/\/i0.wp.com\/www.24baires.com\/wp-content\/uploads\/2019\/08\/vidall.jpg?resize=525%2C300 1.5x"},"classes":[]},{"id":111682,"url":"https:\/\/www.24baires.com\/?p=111682","url_meta":{"origin":111639,"position":2},"title":"Denunciaron a Macri por \u00abviolencia financiera\u00bb por sus dichos tras las PASO","author":"AF","date":"18\/08\/2019","format":false,"excerpt":"La presentaci\u00f3n la hizo una fundaci\u00f3n contra Macri, Pe\u00f1a y el ex ministro Dujovne, entre otros funcionarios. Los acusa de implementar un \"plan sist\u00e9mico para afectar al servicio financiero argentino\". Fernando Miguez, titular de la Fundaci\u00f3n por la Paz y el Cambio Clim\u00e1tico, realiz\u00f3 el pasado viernes una denuncia por\u2026","rel":"","context":"En \u00abPol\u00edtica\u00bb","block_context":{"text":"Pol\u00edtica","link":"https:\/\/www.24baires.com\/?cat=51"},"img":{"alt_text":"","src":"https:\/\/i0.wp.com\/www.24baires.com\/wp-content\/uploads\/2019\/08\/macri.png?resize=350%2C200","width":350,"height":200,"srcset":"https:\/\/i0.wp.com\/www.24baires.com\/wp-content\/uploads\/2019\/08\/macri.png?resize=350%2C200 1x, https:\/\/i0.wp.com\/www.24baires.com\/wp-content\/uploads\/2019\/08\/macri.png?resize=525%2C300 1.5x"},"classes":[]},{"id":111697,"url":"https:\/\/www.24baires.com\/?p=111697","url_meta":{"origin":111639,"position":3},"title":"El New York Times responsabiliza a Macri por la crisis","author":"AF","date":"19\/08\/2019","format":false,"excerpt":"Mark Weisbrot, codirector del Centro de Investigaci\u00f3n Econ\u00f3mica y Pol\u00edtica en Washington y presidente de Just Foreign Policy, afirma que un triunfo de Alberto Fern\u00e1ndez en las pr\u00f3ximas elecciones presidenciales del 27 de octubre \u201cno es algo inherentemente negativo para la econom\u00eda\u201d. \u201cSi se observan los indicadores econ\u00f3micos y sociales\u2026","rel":"","context":"En \u00abPol\u00edtica\u00bb","block_context":{"text":"Pol\u00edtica","link":"https:\/\/www.24baires.com\/?cat=51"},"img":{"alt_text":"","src":"https:\/\/i0.wp.com\/www.24baires.com\/wp-content\/uploads\/2019\/08\/macri.png?resize=350%2C200","width":350,"height":200,"srcset":"https:\/\/i0.wp.com\/www.24baires.com\/wp-content\/uploads\/2019\/08\/macri.png?resize=350%2C200 1x, https:\/\/i0.wp.com\/www.24baires.com\/wp-content\/uploads\/2019\/08\/macri.png?resize=525%2C300 1.5x"},"classes":[]},{"id":111643,"url":"https:\/\/www.24baires.com\/?p=111643","url_meta":{"origin":111639,"position":4},"title":"\u00abCon la devaluaci\u00f3n se empobrecen miles de argentinos\u00bb","author":"AF","date":"15\/08\/2019","format":false,"excerpt":"El ganador de las PASO analiz\u00f3 que el valor al que lleg\u00f3 el d\u00f3lar tras la devaluaci\u00f3n posterior a las elecciones \u201ces razonable\u201d pero \"no tendr\u00edamos que dejar que se escape m\u00e1s\". Consider\u00f3 que no hay razones para que siga en aumento y advirti\u00f3 que Mauricio Macri debe cuidar las\u2026","rel":"","context":"En \u00abPol\u00edtica\u00bb","block_context":{"text":"Pol\u00edtica","link":"https:\/\/www.24baires.com\/?cat=51"},"img":{"alt_text":"","src":"https:\/\/i0.wp.com\/www.24baires.com\/wp-content\/uploads\/2019\/06\/alberto-fernandez.jpg?resize=350%2C200","width":350,"height":200,"srcset":"https:\/\/i0.wp.com\/www.24baires.com\/wp-content\/uploads\/2019\/06\/alberto-fernandez.jpg?resize=350%2C200 1x, https:\/\/i0.wp.com\/www.24baires.com\/wp-content\/uploads\/2019\/06\/alberto-fernandez.jpg?resize=525%2C300 1.5x"},"classes":[]},{"id":111975,"url":"https:\/\/www.24baires.com\/?p=111975","url_meta":{"origin":111639,"position":5},"title":"Arranca la campa\u00f1a de cara a las generales de octubre","author":"AF","date":"07\/09\/2019","format":false,"excerpt":"No pas\u00f3 un mes todav\u00eda desde las PASO y la Argentina no es la misma. No lo es ni desde lo econ\u00f3mico, ni desde lo pol\u00edtico ni desde lo social, Aqu\u00ed un breve repaso por uno de los meses m\u00e1s intensos de las \u00faltimas d\u00e9cadas. Este s\u00e1bado comienza oficialmente la\u2026","rel":"","context":"En \u00abPol\u00edtica\u00bb","block_context":{"text":"Pol\u00edtica","link":"https:\/\/www.24baires.com\/?cat=51"},"img":{"alt_text":"","src":"https:\/\/i0.wp.com\/www.24baires.com\/wp-content\/uploads\/2019\/08\/fern%C3%A1ndez-alberto-macri.jpg?resize=350%2C200","width":350,"height":200,"srcset":"https:\/\/i0.wp.com\/www.24baires.com\/wp-content\/uploads\/2019\/08\/fern%C3%A1ndez-alberto-macri.jpg?resize=350%2C200 1x, https:\/\/i0.wp.com\/www.24baires.com\/wp-content\/uploads\/2019\/08\/fern%C3%A1ndez-alberto-macri.jpg?resize=525%2C300 1.5x"},"classes":[]}],"jetpack_sharing_enabled":true,"jetpack_likes_enabled":true,"_links":{"self":[{"href":"https:\/\/www.24baires.com\/index.php?rest_route=\/wp\/v2\/posts\/111639","targetHints":{"allow":["GET"]}}],"collection":[{"href":"https:\/\/www.24baires.com\/index.php?rest_route=\/wp\/v2\/posts"}],"about":[{"href":"https:\/\/www.24baires.com\/index.php?rest_route=\/wp\/v2\/types\/post"}],"author":[{"embeddable":true,"href":"https:\/\/www.24baires.com\/index.php?rest_route=\/wp\/v2\/users\/8"}],"replies":[{"embeddable":true,"href":"https:\/\/www.24baires.com\/index.php?rest_route=%2Fwp%2Fv2%2Fcomments&post=111639"}],"version-history":[{"count":1,"href":"https:\/\/www.24baires.com\/index.php?rest_route=\/wp\/v2\/posts\/111639\/revisions"}],"predecessor-version":[{"id":111641,"href":"https:\/\/www.24baires.com\/index.php?rest_route=\/wp\/v2\/posts\/111639\/revisions\/111641"}],"wp:attachment":[{"href":"https:\/\/www.24baires.com\/index.php?rest_route=%2Fwp%2Fv2%2Fmedia&parent=111639"}],"wp:term":[{"taxonomy":"category","embeddable":true,"href":"https:\/\/www.24baires.com\/index.php?rest_route=%2Fwp%2Fv2%2Fcategories&post=111639"},{"taxonomy":"post_tag","embeddable":true,"href":"https:\/\/www.24baires.com\/index.php?rest_route=%2Fwp%2Fv2%2Ftags&post=111639"}],"curies":[{"name":"wp","href":"https:\/\/api.w.org\/{rel}","templated":true}]}}