{"id":111622,"date":"2019-08-14T13:00:15","date_gmt":"2019-08-14T16:00:15","guid":{"rendered":"http:\/\/www.24baires.com\/?p=111622"},"modified":"2019-08-14T12:00:12","modified_gmt":"2019-08-14T15:00:12","slug":"pese-a-las-medidas-economicas-de-macri-el-dolar-volvio-a-abrir-en-alza","status":"publish","type":"post","link":"https:\/\/www.24baires.com\/?p=111622","title":{"rendered":"Pese a las medidas econ\u00f3micas de Macri, el d\u00f3lar volvi\u00f3 a abrir en alza"},"content":{"rendered":"<p><img data-recalc-dims=\"1\" loading=\"lazy\" decoding=\"async\" src=\"https:\/\/i0.wp.com\/www.24baires.com\/wp-content\/uploads\/2019\/04\/macri-d%C3%B3lar.png?resize=560%2C278\" alt=\"\" width=\"560\" height=\"278\" class=\"aligncenter size-full wp-image-107684\" srcset=\"https:\/\/i0.wp.com\/www.24baires.com\/wp-content\/uploads\/2019\/04\/macri-d%C3%B3lar.png?w=560&amp;ssl=1 560w, https:\/\/i0.wp.com\/www.24baires.com\/wp-content\/uploads\/2019\/04\/macri-d%C3%B3lar.png?resize=300%2C149&amp;ssl=1 300w\" sizes=\"auto, (max-width: 560px) 100vw, 560px\" \/>Luego del discurso del Presidente, que anunci\u00f3 un paquete de medidas tras su derrota en las PASO, la divisa estadounidense contin\u00faa su ascenso.<!--more--><\/p>\n<p>Mauricio Macri anunci\u00f3 un paquete de medidas econ\u00f3micas para intentar palear la crisis, pero sin embargo el d\u00f3lar no frena su levantada y abri\u00f3 este mi\u00e9rcoles nuevamente en alza.<\/p>\n<p>La moneda estadounidense se vende a $60,77 en el comienzo de la jornada, lo que significa un incremento de $2,44 respecto al cierre del martes, seg\u00fan el promedio de \u00c1mbito.<\/p>\n","protected":false},"excerpt":{"rendered":"<p>Luego del discurso del Presidente, que anunci\u00f3 un paquete de medidas tras su derrota en las PASO, la divisa estadounidense contin\u00faa su ascenso.<\/p>\n","protected":false},"author":8,"featured_media":0,"comment_status":"open","ping_status":"open","sticky":false,"template":"","format":"standard","meta":{"_jetpack_newsletter_access":"","_jetpack_dont_email_post_to_subs":false,"_jetpack_newsletter_tier_id":0,"_jetpack_memberships_contains_paywalled_content":false,"_jetpack_memberships_contains_paid_content":false,"footnotes":""},"categories":[45],"tags":[],"class_list":["post-111622","post","type-post","status-publish","format-standard","hentry","category-economia"],"jetpack_featured_media_url":"","jetpack_shortlink":"https:\/\/wp.me\/p2JWE0-t2m","jetpack-related-posts":[{"id":111666,"url":"https:\/\/www.24baires.com\/?p=111666","url_meta":{"origin":111622,"position":0},"title":"Redrado acus\u00f3 a Macri por no frenar la suba del d\u00f3lar","author":"GB","date":"16\/08\/2019","format":false,"excerpt":"El economista y ex titular del Banco Central responsabiliz\u00f3 a Macri y Guido Sandleris por la devaluaci\u00f3n. El economista Mart\u00edn Redrado critic\u00f3 al gobierno por la serie de medidas econ\u00f3micas anunciadas esta semana con el objetivo de \u201caliviar\u201d el impacto de la crisis que provocar\u00e1 la devaluaci\u00f3n cercana al 30\u2026","rel":"","context":"En \u00abPol\u00edtica\u00bb","block_context":{"text":"Pol\u00edtica","link":"https:\/\/www.24baires.com\/?cat=51"},"img":{"alt_text":"","src":"https:\/\/i0.wp.com\/www.24baires.com\/wp-content\/uploads\/2015\/10\/redrado.jpg?resize=350%2C200","width":350,"height":200,"srcset":"https:\/\/i0.wp.com\/www.24baires.com\/wp-content\/uploads\/2015\/10\/redrado.jpg?resize=350%2C200 1x, https:\/\/i0.wp.com\/www.24baires.com\/wp-content\/uploads\/2015\/10\/redrado.jpg?resize=525%2C300 1.5x"},"classes":[]},{"id":111722,"url":"https:\/\/www.24baires.com\/?p=111722","url_meta":{"origin":111622,"position":1},"title":"\u00abEl 56% de los recursos de las \u00abmedidas de alivio\u00bb de Macri se lo llevan las clases \u00abmedia alta\u00bb y \u00abalta\u00bb","author":"GB","date":"21\/08\/2019","format":false,"excerpt":"Los presupuestos en la asistencia del gobierno de Macri a las clases m\u00e1s acomodadas de la sociedad son hasta 40 veces mayores que los que reciben otros sectores m\u00e1s postergados. \"Gobierno de ricos para ricos\" y \"gobierno para unos pocos\" son algunas de las expresiones a las que los cr\u00edticos\u2026","rel":"","context":"En \u00abPol\u00edtica\u00bb","block_context":{"text":"Pol\u00edtica","link":"https:\/\/www.24baires.com\/?cat=51"},"img":{"alt_text":"","src":"https:\/\/i0.wp.com\/www.24baires.com\/wp-content\/uploads\/2019\/08\/macri.png?resize=350%2C200","width":350,"height":200,"srcset":"https:\/\/i0.wp.com\/www.24baires.com\/wp-content\/uploads\/2019\/08\/macri.png?resize=350%2C200 1x, https:\/\/i0.wp.com\/www.24baires.com\/wp-content\/uploads\/2019\/08\/macri.png?resize=525%2C300 1.5x"},"classes":[]},{"id":107800,"url":"https:\/\/www.24baires.com\/?p=107800","url_meta":{"origin":111622,"position":2},"title":"Aunque Macri prometi\u00f3 suspender aumentos, la nafta volver\u00eda a subir en mayo","author":"AF","date":"24\/04\/2019","format":false,"excerpt":"Es que con el aumento del petr\u00f3leo y la disparada del d\u00f3lar los precios quedaron atrasados con la \u00faltima suba de marzo. Un rubro con el que el Gobierno no quiere meterse. Con un spot casero y una conferencia de prensa de ministros, el Gobierno Nacional anunci\u00f3 la semana pasada\u2026","rel":"","context":"En \u00abEconom\u00eda\u00bb","block_context":{"text":"Econom\u00eda","link":"https:\/\/www.24baires.com\/?cat=45"},"img":{"alt_text":"","src":"https:\/\/i0.wp.com\/www.24baires.com\/wp-content\/uploads\/2013\/02\/surtidor-nafta.jpg?resize=350%2C200","width":350,"height":200,"srcset":"https:\/\/i0.wp.com\/www.24baires.com\/wp-content\/uploads\/2013\/02\/surtidor-nafta.jpg?resize=350%2C200 1x, https:\/\/i0.wp.com\/www.24baires.com\/wp-content\/uploads\/2013\/02\/surtidor-nafta.jpg?resize=525%2C300 1.5x"},"classes":[]},{"id":107093,"url":"https:\/\/www.24baires.com\/?p=107093","url_meta":{"origin":111622,"position":3},"title":"\u00bfPor qu\u00e9 sube el d\u00f3lar y qu\u00e9 consecuencias tendr\u00e1 en la econom\u00eda argentina?","author":"GB","date":"06\/03\/2019","format":false,"excerpt":"La moneda estadounidense sube 77 centavos y se acerca a los $42, lo que tendr\u00e1 un pasaje a precios. \u00bfQu\u00e9 alternativa le queda al peque\u00f1o ahorrista? El d\u00f3lar sube este mi\u00e9rcoles casi un 2% en la primera jornada h\u00e1bil luego del fin de semana largo por Carnaval y, seg\u00fan informa\u2026","rel":"","context":"En \u00abEconom\u00eda\u00bb","block_context":{"text":"Econom\u00eda","link":"https:\/\/www.24baires.com\/?cat=45"},"img":{"alt_text":"","src":"https:\/\/i0.wp.com\/www.24baires.com\/wp-content\/uploads\/2018\/07\/d%C3%B3lar.jpg?resize=350%2C200","width":350,"height":200,"srcset":"https:\/\/i0.wp.com\/www.24baires.com\/wp-content\/uploads\/2018\/07\/d%C3%B3lar.jpg?resize=350%2C200 1x, https:\/\/i0.wp.com\/www.24baires.com\/wp-content\/uploads\/2018\/07\/d%C3%B3lar.jpg?resize=525%2C300 1.5x"},"classes":[]},{"id":102338,"url":"https:\/\/www.24baires.com\/?p=102338","url_meta":{"origin":111622,"position":4},"title":"El d\u00f3lar contin\u00faa subiendo y cerr\u00f3 a $25,16","author":"AF","date":"24\/05\/2018","format":false,"excerpt":"Ni el libre mercado, ni la inyecci\u00f3n multimillonaria, ni los frenos, ni las lebacs, ni las tasas de inter\u00e9s. No hay herramienta econ\u00f3mica que pueda detener el \u00fanico brote verde del macrismo. Volvieron a usar el \"d\u00f3lar futuro\". El d\u00f3lar volvi\u00f3 a dispararse. La foto repetida hasta el hast\u00edo mostr\u00f3\u2026","rel":"","context":"En \u00abEconom\u00eda\u00bb","block_context":{"text":"Econom\u00eda","link":"https:\/\/www.24baires.com\/?cat=45"},"img":{"alt_text":"","src":"https:\/\/i0.wp.com\/www.24baires.com\/wp-content\/uploads\/2018\/03\/d%C3%B3lar.jpg?resize=350%2C200","width":350,"height":200,"srcset":"https:\/\/i0.wp.com\/www.24baires.com\/wp-content\/uploads\/2018\/03\/d%C3%B3lar.jpg?resize=350%2C200 1x, https:\/\/i0.wp.com\/www.24baires.com\/wp-content\/uploads\/2018\/03\/d%C3%B3lar.jpg?resize=525%2C300 1.5x"},"classes":[]},{"id":111833,"url":"https:\/\/www.24baires.com\/?p=111833","url_meta":{"origin":111622,"position":5},"title":"El d\u00f3lar y el riesgo pa\u00eds vuelven a subir","author":"GB","date":"28\/08\/2019","format":false,"excerpt":"La moneda estadounidense se vende $2,26 m\u00e1s cara respecto al cierre de ayer y el \u00edndice que elabora JP Morgan contin\u00faa con su senda alcista, luego de que llegara a los 2001 puntos b\u00e1sicos. El d\u00f3lar y el riesgo pa\u00eds siguen subiendo este mi\u00e9rcoles, luego de que ayer la moneda\u2026","rel":"","context":"En \u00abEconom\u00eda\u00bb","block_context":{"text":"Econom\u00eda","link":"https:\/\/www.24baires.com\/?cat=45"},"img":{"alt_text":"","src":"https:\/\/i0.wp.com\/www.24baires.com\/wp-content\/uploads\/2019\/08\/d%C3%B3lar.jpg?resize=350%2C200","width":350,"height":200,"srcset":"https:\/\/i0.wp.com\/www.24baires.com\/wp-content\/uploads\/2019\/08\/d%C3%B3lar.jpg?resize=350%2C200 1x, https:\/\/i0.wp.com\/www.24baires.com\/wp-content\/uploads\/2019\/08\/d%C3%B3lar.jpg?resize=525%2C300 1.5x"},"classes":[]}],"jetpack_sharing_enabled":true,"jetpack_likes_enabled":true,"_links":{"self":[{"href":"https:\/\/www.24baires.com\/index.php?rest_route=\/wp\/v2\/posts\/111622","targetHints":{"allow":["GET"]}}],"collection":[{"href":"https:\/\/www.24baires.com\/index.php?rest_route=\/wp\/v2\/posts"}],"about":[{"href":"https:\/\/www.24baires.com\/index.php?rest_route=\/wp\/v2\/types\/post"}],"author":[{"embeddable":true,"href":"https:\/\/www.24baires.com\/index.php?rest_route=\/wp\/v2\/users\/8"}],"replies":[{"embeddable":true,"href":"https:\/\/www.24baires.com\/index.php?rest_route=%2Fwp%2Fv2%2Fcomments&post=111622"}],"version-history":[{"count":1,"href":"https:\/\/www.24baires.com\/index.php?rest_route=\/wp\/v2\/posts\/111622\/revisions"}],"predecessor-version":[{"id":111623,"href":"https:\/\/www.24baires.com\/index.php?rest_route=\/wp\/v2\/posts\/111622\/revisions\/111623"}],"wp:attachment":[{"href":"https:\/\/www.24baires.com\/index.php?rest_route=%2Fwp%2Fv2%2Fmedia&parent=111622"}],"wp:term":[{"taxonomy":"category","embeddable":true,"href":"https:\/\/www.24baires.com\/index.php?rest_route=%2Fwp%2Fv2%2Fcategories&post=111622"},{"taxonomy":"post_tag","embeddable":true,"href":"https:\/\/www.24baires.com\/index.php?rest_route=%2Fwp%2Fv2%2Ftags&post=111622"}],"curies":[{"name":"wp","href":"https:\/\/api.w.org\/{rel}","templated":true}]}}