{"id":111609,"date":"2019-08-13T18:00:45","date_gmt":"2019-08-13T21:00:45","guid":{"rendered":"http:\/\/www.24baires.com\/?p=111609"},"modified":"2019-08-13T16:14:18","modified_gmt":"2019-08-13T19:14:18","slug":"caretas-de-barro","status":"publish","type":"post","link":"https:\/\/www.24baires.com\/?p=111609","title":{"rendered":"Caretas de barro"},"content":{"rendered":"<p><img data-recalc-dims=\"1\" loading=\"lazy\" decoding=\"async\" src=\"https:\/\/i0.wp.com\/www.24baires.com\/wp-content\/uploads\/2019\/08\/macri.png?resize=560%2C343\" alt=\"\" width=\"560\" height=\"343\" class=\"aligncenter size-full wp-image-111610\" srcset=\"https:\/\/i0.wp.com\/www.24baires.com\/wp-content\/uploads\/2019\/08\/macri.png?w=560&amp;ssl=1 560w, https:\/\/i0.wp.com\/www.24baires.com\/wp-content\/uploads\/2019\/08\/macri.png?resize=300%2C184&amp;ssl=1 300w\" sizes=\"auto, (max-width: 560px) 100vw, 560px\" \/>El domingo 11 de agosto las y los argentinos elegimos candidatos a Presidente. El lunes 12, el Presidente eligi\u00f3 ser un irresponsable. Y sali\u00f3 por los grandes medios de comunicaci\u00f3n a intimidar, amedrentar y amenazar al pueblo argentino. Ya lo hab\u00eda hecho antes, cuando dijo que no lo pusi\u00e9ramos loco porque nos pod\u00eda hacer mucho da\u00f1o. Bueno, parece que no le cae en gracia no ser votado por la inmensa mayor\u00eda del electorado, parece que no le hace bien el rechazo, y se puso loco y sali\u00f3 a decir cualquier cosa, mientras la econom\u00eda se cae a pedazos minuto a minuto. Y s\u00ed, nos hizo y hace mucho da\u00f1o.<!--more--><\/p>\n<p>Hasta aqu\u00ed la culpa del desastre que el gobierno de Cambiemos comenz\u00f3 a desencadenar a pocos d\u00edas de asumir la representaci\u00f3n del Estado era achacada al gobierno anterior. A partir de este lunes es del gobierno que viene. Porque son aun m\u00e1s inescrupulosos hoy que ayer. Porque Macri y Vidal siempre fueron esto que vemos ahora, cuando el maquillaje de los globos y el baile hist\u00e9rico se cae con estr\u00e9pito insoslayable: sus caretas son de barro y est\u00e1 llovi\u00e9ndoles fuerte. Ahora, finalmente, quienes los votaron y quienes no, podemos verlos directamente a la cara, y vemos muecas de horror.<\/p>\n<p>Pretenden hundirnos en una nueva pesadilla, nos dicen que si los mercados estallan y el d\u00f3lar trepa con el v\u00e9rtigo del desastre, es nuestra culpa. Porque no lo votamos a \u00e9l ni a Vidal, porque le dijimos basta, porque decidimos reconstruir la Patria unidos, unidas. Entonces, ser\u00e1 nuestra culpa dar por tierra con el neoliberalismo, con esta casta de insensibles que nos gobiernan, pero la historia de terror que escriben d\u00eda a d\u00eda desde el macrismo toma los ribetes y giros de la desesperaci\u00f3n. Ojal\u00e1 sea una historia de terror de las de Stephen King, as\u00ed, al final, las y los pibes derrotan al payaso.<\/p>\n<p>Pero las urnas han hablado, han gritado. Y esta vez no es el odio lo que mueve las voluntades de tantos y tantas, no es la mentira y el absurdo a la orden de los poderosos de siempre, no. Es el amor, es la esperanza. Es por eso que es diferente, porque es a favor de todos, todas, todes y en contra de nadie. Y esa fuerza es indetenible, como el mar. Porque hemos sido testigo de la conformaci\u00f3n amplia y plural, de la unidad del campo popular, aquella que durante tanto tiempo pareci\u00f3 una esquiva quimera, lejana, una ilusi\u00f3n, una utop\u00eda. Pero como nosotros y nosotras generamos nuestras propias oportunidades en vez de esperar que pasen frente a nuestros ojos, aqu\u00ed estamos con generosidad, con respeto, con empat\u00eda, y con una inmensa alegr\u00eda. Porque tambi\u00e9n sabemos que lo que estamos construyendo es grande, es enorme, y nada tan glorioso podr\u00eda hacerse sin alegr\u00eda.<\/p>\n<p>Hemos empezado a vencer a la bestia del odio y la ignorancia, de la mentira, de la impunidad. Y lo hemos hecho con la herramienta que elegimos, algunos desde hace mucho tiempo: la pol\u00edtica. Porque aprendimos a pasar nuestras ideas y nuestras pr\u00e1cticas por un tamiz amoroso, inclusivo, diverso. Porque nos hemos abrazado fuerte, en la plaza, el d\u00eda que todas y todos nos convertimos en calabaza. Y no nos vamos a dejar de abrazar nunca m\u00e1s, eso tambi\u00e9n lo aprendimos. Y ah\u00ed, en el dolor, nos prometimos ser fuertes, entre las l\u00e1grimas. Nos prometimos resistir, por nosotros y nosotras, y por el otro, que es la Patria. Prometimos vencer.<\/p>\n<p>Y aqu\u00ed estamos, casi cuatro a\u00f1os despu\u00e9s, hombro con hombro, codo a codo, luchando. Estamos unidos y unidas, hemos comenzado a reconstruir los lazos fraternales que se resquebrajaron cuando confundimos prioridades. Hemos crecido, hemos madurado, nos queremos m\u00e1s, somos mejores. Y vamos a gobernar el pa\u00eds, la provincia y la ciudad de Mar del Plata. Porque no tenemos miedos, sino esperanzas. Porque no tenemos rencores, sino propuestas. Porque quienes ganaron estafando al electorado ahora pretenden juzgarlo y condenarlo cuando no los elijen. Entonces no tengamos dudas, tengamos certezas: no \u201cse van\u201d, qu\u00e9 simpleza, los vamos a sacar reventando las urnas de sue\u00f1os.<\/p>\n<p>Quiz\u00e1 este 9 de diciembre por primera vez en su vida Mauricio Macri sienta lo que \u00e9l le ha hecho sentir a millones de argentinas y argentinos durante estos 4 a\u00f1os, quiz\u00e1 ese d\u00eda sienta en carne propia el efecto desastroso de sus pol\u00edticas crueles cuando, a las doce de la noche \u00e9l tambi\u00e9n se quede sin trabajo. Claro que su futuro no ser\u00e1 el mismo que el de aquellas personas a las que el ajuste inescrupuloso, el recorte inhumano de su gobierno arroj\u00f3 a la pobreza y la indigencia. Esas personas que deben seguir resistiendo, porque falta poco, cada vez menos, para que la tortilla se vuelva, y los pobres coman pan en vez de desprecio, para que las y los pibes vayan a la escuela a aprender y no a pasar fr\u00edo. Para que las y los viejos no tengan que elegir entre comprar el remedio que necesitan para vivir o pagar la luz. Porque ya no habr\u00e1 m\u00e1s penas ni olvido, porque no ser\u00e1 s\u00f3lo el triunfo del pueblo unido y empoderado, ser\u00e1 justicia social. Y ser\u00e1 para siempre.<\/p>\n","protected":false},"excerpt":{"rendered":"<p>El domingo 11 de agosto las y los argentinos elegimos candidatos a Presidente. El lunes 12, el Presidente eligi\u00f3 ser un irresponsable. Y sali\u00f3 por los grandes medios de comunicaci\u00f3n a intimidar, amedrentar y amenazar al pueblo argentino. Ya lo hab\u00eda hecho antes, cuando dijo que no lo pusi\u00e9ramos loco porque nos pod\u00eda hacer mucho da\u00f1o. Bueno, parece que no [&#8230;]<\/p>\n","protected":false},"author":4,"featured_media":0,"comment_status":"open","ping_status":"open","sticky":false,"template":"","format":"standard","meta":{"_jetpack_newsletter_access":"","_jetpack_dont_email_post_to_subs":false,"_jetpack_newsletter_tier_id":0,"_jetpack_memberships_contains_paywalled_content":false,"_jetpack_memberships_contains_paid_content":false,"footnotes":""},"categories":[64],"tags":[],"class_list":["post-111609","post","type-post","status-publish","format-standard","hentry","category-opinion"],"jetpack_featured_media_url":"","jetpack_shortlink":"https:\/\/wp.me\/p2JWE0-t29","jetpack-related-posts":[{"id":115230,"url":"https:\/\/www.24baires.com\/?p=115230","url_meta":{"origin":111609,"position":0},"title":"FMI respalda a Argentina: \u00abNadie se beneficia de un pa\u00eds que cae al precipio de la deuda\u00bb","author":"AF","date":"03\/06\/2020","format":false,"excerpt":"La titular del FMI advirti\u00f3 a los acreedores que se arriesgan a no recuperar su dinero y advirti\u00f3 que \"en ocasiones es necesario realizar una reestructuraci\u00f3n reflexiva\". La directora Gerente del Fondo Monetario Internacional (FMI), Kristalina Georgieva, volvi\u00f3 a manifestar este mi\u00e9rcoles su respaldo al proceso de reestructuraci\u00f3n que lleva\u2026","rel":"","context":"En \u00abEconom\u00eda\u00bb","block_context":{"text":"Econom\u00eda","link":"https:\/\/www.24baires.com\/?cat=45"},"img":{"alt_text":"","src":"https:\/\/i0.wp.com\/www.24baires.com\/wp-content\/uploads\/2016\/04\/fmi.jpg?resize=350%2C200","width":350,"height":200,"srcset":"https:\/\/i0.wp.com\/www.24baires.com\/wp-content\/uploads\/2016\/04\/fmi.jpg?resize=350%2C200 1x, https:\/\/i0.wp.com\/www.24baires.com\/wp-content\/uploads\/2016\/04\/fmi.jpg?resize=525%2C300 1.5x"},"classes":[]},{"id":114868,"url":"https:\/\/www.24baires.com\/?p=114868","url_meta":{"origin":111609,"position":1},"title":"Fern\u00e1ndez y Kicillof negaron un plan para \u00abliberar masivamente a presos\u00bb","author":"AF","date":"29\/04\/2020","format":false,"excerpt":"El Presidente y el Gobernador se pronunciaron sobre el tema c\u00e1rceles y negaron las acusaciones en su contra. \"Son los jueces los que disponen las libertades\", aseguraron. El presidente Alberto Fern\u00e1ndez volvi\u00f3 a referirse a la salida en las c\u00e1rceles y apunt\u00f3 contra la \"malintencionada campa\u00f1a\" en redes y medios\u2026","rel":"","context":"En \u00abSociedad\u00bb","block_context":{"text":"Sociedad","link":"https:\/\/www.24baires.com\/?cat=1"},"img":{"alt_text":"","src":"https:\/\/i0.wp.com\/www.24baires.com\/wp-content\/uploads\/2020\/04\/kicillof-fernandez.jpg?resize=350%2C200","width":350,"height":200,"srcset":"https:\/\/i0.wp.com\/www.24baires.com\/wp-content\/uploads\/2020\/04\/kicillof-fernandez.jpg?resize=350%2C200 1x, https:\/\/i0.wp.com\/www.24baires.com\/wp-content\/uploads\/2020\/04\/kicillof-fernandez.jpg?resize=525%2C300 1.5x"},"classes":[]},{"id":113935,"url":"https:\/\/www.24baires.com\/?p=113935","url_meta":{"origin":111609,"position":2},"title":"Guzm\u00e1n se reunir\u00e1 con autoridades del FMI con el objetivo de avanzar en la renegociaci\u00f3n de la deuda","author":"GB","date":"28\/01\/2020","format":false,"excerpt":"El titular de la cartera de Econom\u00eda intentar\u00e1 dar pasos adelante para lograr que los pagos de pospongan. El ministro de Econom\u00eda, Mart\u00edn Guzm\u00e1n, se encuentra en Nueva York y tendr\u00e1 una reuni\u00f3n con autoridades del Fondo Monetario Internacional (FMI). El encuentro tiene el objetivo para el Gobierno nacional de\u2026","rel":"","context":"En \u00abEconom\u00eda\u00bb","block_context":{"text":"Econom\u00eda","link":"https:\/\/www.24baires.com\/?cat=45"},"img":{"alt_text":"","src":"https:\/\/i0.wp.com\/www.24baires.com\/wp-content\/uploads\/2020\/01\/guzman.jpg?resize=350%2C200","width":350,"height":200,"srcset":"https:\/\/i0.wp.com\/www.24baires.com\/wp-content\/uploads\/2020\/01\/guzman.jpg?resize=350%2C200 1x, https:\/\/i0.wp.com\/www.24baires.com\/wp-content\/uploads\/2020\/01\/guzman.jpg?resize=525%2C300 1.5x"},"classes":[]},{"id":120912,"url":"https:\/\/www.24baires.com\/?p=120912","url_meta":{"origin":111609,"position":3},"title":"Tras las medidas econ\u00f3micas, cae la imagen de Milei","author":"GB","date":"29\/01\/2024","format":false,"excerpt":"Consultora revel\u00f3 el detalle del impacto de las primeras medidas del gobierno de Javier Milei, destacando la persistencia de \"consensos precarios\" en la pol\u00edtica argentina y se\u00f1alando desaf\u00edos clave en el horizonte. La consultora Zub\u00e1n - C\u00f3rdoba revel\u00f3 los resultados de su encuesta en donde buscaron medir la imagen del\u2026","rel":"","context":"En \u00abPol\u00edtica\u00bb","block_context":{"text":"Pol\u00edtica","link":"https:\/\/www.24baires.com\/?cat=51"},"img":{"alt_text":"","src":"https:\/\/i0.wp.com\/www.24baires.com\/wp-content\/uploads\/2024\/01\/milei-cabwza.webp?resize=350%2C200","width":350,"height":200,"srcset":"https:\/\/i0.wp.com\/www.24baires.com\/wp-content\/uploads\/2024\/01\/milei-cabwza.webp?resize=350%2C200 1x, https:\/\/i0.wp.com\/www.24baires.com\/wp-content\/uploads\/2024\/01\/milei-cabwza.webp?resize=525%2C300 1.5x, https:\/\/i0.wp.com\/www.24baires.com\/wp-content\/uploads\/2024\/01\/milei-cabwza.webp?resize=700%2C400 2x"},"classes":[]},{"id":111975,"url":"https:\/\/www.24baires.com\/?p=111975","url_meta":{"origin":111609,"position":4},"title":"Arranca la campa\u00f1a de cara a las generales de octubre","author":"AF","date":"07\/09\/2019","format":false,"excerpt":"No pas\u00f3 un mes todav\u00eda desde las PASO y la Argentina no es la misma. No lo es ni desde lo econ\u00f3mico, ni desde lo pol\u00edtico ni desde lo social, Aqu\u00ed un breve repaso por uno de los meses m\u00e1s intensos de las \u00faltimas d\u00e9cadas. Este s\u00e1bado comienza oficialmente la\u2026","rel":"","context":"En \u00abPol\u00edtica\u00bb","block_context":{"text":"Pol\u00edtica","link":"https:\/\/www.24baires.com\/?cat=51"},"img":{"alt_text":"","src":"https:\/\/i0.wp.com\/www.24baires.com\/wp-content\/uploads\/2019\/08\/fern%C3%A1ndez-alberto-macri.jpg?resize=350%2C200","width":350,"height":200,"srcset":"https:\/\/i0.wp.com\/www.24baires.com\/wp-content\/uploads\/2019\/08\/fern%C3%A1ndez-alberto-macri.jpg?resize=350%2C200 1x, https:\/\/i0.wp.com\/www.24baires.com\/wp-content\/uploads\/2019\/08\/fern%C3%A1ndez-alberto-macri.jpg?resize=525%2C300 1.5x"},"classes":[]},{"id":118844,"url":"https:\/\/www.24baires.com\/?p=118844","url_meta":{"origin":111609,"position":5},"title":"\u00abEl da\u00f1o que hizo Macri a la Argentina es incalculable\u00bb","author":"AF","date":"10\/05\/2022","format":false,"excerpt":"En una entrevista con el diario El Pa\u00eds durante su visita a Espa\u00f1a, el Presidente expres\u00f3 su anhelo de que \"alguna vez la justicia investigue con seriedad\" los \"negociados\" realizados por el Gobierno de Cambiemos, asegur\u00f3 que no le \"preocupa\" el debate en el Frente de Todos, opin\u00f3 sobre el\u2026","rel":"","context":"En \u00abPol\u00edtica\u00bb","block_context":{"text":"Pol\u00edtica","link":"https:\/\/www.24baires.com\/?cat=51"},"img":{"alt_text":"","src":"https:\/\/i0.wp.com\/www.24baires.com\/wp-content\/uploads\/2022\/01\/alberto-fernandez.jpg?resize=350%2C200","width":350,"height":200,"srcset":"https:\/\/i0.wp.com\/www.24baires.com\/wp-content\/uploads\/2022\/01\/alberto-fernandez.jpg?resize=350%2C200 1x, https:\/\/i0.wp.com\/www.24baires.com\/wp-content\/uploads\/2022\/01\/alberto-fernandez.jpg?resize=525%2C300 1.5x, https:\/\/i0.wp.com\/www.24baires.com\/wp-content\/uploads\/2022\/01\/alberto-fernandez.jpg?resize=700%2C400 2x"},"classes":[]}],"jetpack_sharing_enabled":true,"jetpack_likes_enabled":true,"_links":{"self":[{"href":"https:\/\/www.24baires.com\/index.php?rest_route=\/wp\/v2\/posts\/111609","targetHints":{"allow":["GET"]}}],"collection":[{"href":"https:\/\/www.24baires.com\/index.php?rest_route=\/wp\/v2\/posts"}],"about":[{"href":"https:\/\/www.24baires.com\/index.php?rest_route=\/wp\/v2\/types\/post"}],"author":[{"embeddable":true,"href":"https:\/\/www.24baires.com\/index.php?rest_route=\/wp\/v2\/users\/4"}],"replies":[{"embeddable":true,"href":"https:\/\/www.24baires.com\/index.php?rest_route=%2Fwp%2Fv2%2Fcomments&post=111609"}],"version-history":[{"count":1,"href":"https:\/\/www.24baires.com\/index.php?rest_route=\/wp\/v2\/posts\/111609\/revisions"}],"predecessor-version":[{"id":111611,"href":"https:\/\/www.24baires.com\/index.php?rest_route=\/wp\/v2\/posts\/111609\/revisions\/111611"}],"wp:attachment":[{"href":"https:\/\/www.24baires.com\/index.php?rest_route=%2Fwp%2Fv2%2Fmedia&parent=111609"}],"wp:term":[{"taxonomy":"category","embeddable":true,"href":"https:\/\/www.24baires.com\/index.php?rest_route=%2Fwp%2Fv2%2Fcategories&post=111609"},{"taxonomy":"post_tag","embeddable":true,"href":"https:\/\/www.24baires.com\/index.php?rest_route=%2Fwp%2Fv2%2Ftags&post=111609"}],"curies":[{"name":"wp","href":"https:\/\/api.w.org\/{rel}","templated":true}]}}