{"id":111600,"date":"2019-08-13T11:00:36","date_gmt":"2019-08-13T14:00:36","guid":{"rendered":"http:\/\/www.24baires.com\/?p=111600"},"modified":"2019-08-13T09:49:19","modified_gmt":"2019-08-13T12:49:19","slug":"el-dueno-de-un-mayorista-pronostico-aumentos","status":"publish","type":"post","link":"https:\/\/www.24baires.com\/?p=111600","title":{"rendered":"El due\u00f1o de un mayorista pronostic\u00f3 aumentos"},"content":{"rendered":"<p><img data-recalc-dims=\"1\" loading=\"lazy\" decoding=\"async\" src=\"https:\/\/i0.wp.com\/www.24baires.com\/wp-content\/uploads\/2018\/08\/supermercado.jpg?resize=560%2C313\" alt=\"\" width=\"560\" height=\"313\" class=\"aligncenter size-full wp-image-103910\" srcset=\"https:\/\/i0.wp.com\/www.24baires.com\/wp-content\/uploads\/2018\/08\/supermercado.jpg?w=560&amp;ssl=1 560w, https:\/\/i0.wp.com\/www.24baires.com\/wp-content\/uploads\/2018\/08\/supermercado.jpg?resize=300%2C168&amp;ssl=1 300w\" sizes=\"auto, (max-width: 560px) 100vw, 560px\" \/>El titular de Maxiconsumo habl\u00f3 sobre el d\u00eda despu\u00e9s de la derrota del gobierno en las PASO en que el peso se devalu\u00f3 en m\u00e1s de un 23% y cont\u00f3 que la gente se volc\u00f3 masivamente a comprar v\u00edveres para stockearse.<!--more--><\/p>\n<p>El due\u00f1o de Maxiconsumo, V\u00edctor Fera, habl\u00f3 este martes sobre como impact\u00f3 el estrepitoso aumento del d\u00f3lar del lunes en las ventas de alimentos no perecederos y otros v\u00edveres y c\u00f3mo modificar\u00e1 los precios de los productos en lo inmediato. \u00abAyer tuvimos un 50% m\u00e1s de clientes\u00bb, asegur\u00f3.<\/p>\n<p>Fera cont\u00f3 que gran cantidad de personas fueron a comprar este lunes por temor a los aumentos, ya que en su hipermercado a\u00fan no subieron los precios conforme a la devaluaci\u00f3n de m\u00e1s del 20% que vivi\u00f3 el pa\u00eds un d\u00eda despu\u00e9s de la derrota del gobierno en las PASO.<\/p>\n<p>\u00abEstamos mirando lo que est\u00e1 pasando. A\u00fan no aumentamos, pero si el d\u00f3lar sigue as\u00ed vamos a tener que hacerlo. Hay empresas que no est\u00e1n saliendo a vender\u00bb, describi\u00f3 Fara en una entrevista en el programa De Ac\u00e1 en M\u00e1s.<\/p>\n<p>Resalt\u00f3 que pese al aumento de clientes de este lunes, en los \u00faltimos meses vivieron \u00absuspensi\u00f3n de venta\u00bb y resalt\u00f3 que la suba del dolar se traslada siempre a los precios. \u00abTodo lo que sea exportable es lo que m\u00e1s aumenta: aceite, harina, arroz. En la proporci\u00f3n que sube el d\u00f3lar, impacta en la canasta. Si el d\u00f3lar sube $10 se traslada con un $7 en la canasta\u00bb, explic\u00f3.<\/p>\n<p>Lament\u00f3 adem\u00e1s que a quien \u00abm\u00e1s pega esta inflaci\u00f3n es la clase que m\u00e1s necesita, los pobres\u00bb y aclar\u00f3: \u00abno estoy a favor, ni en contra del gobierno. S\u00f3lo estoy a favor de la gente que m\u00e1s necesita.\u00bb<\/p>\n","protected":false},"excerpt":{"rendered":"<p>El titular de Maxiconsumo habl\u00f3 sobre el d\u00eda despu\u00e9s de la derrota del gobierno en las PASO en que el peso se devalu\u00f3 en m\u00e1s de un 23% y cont\u00f3 que la gente se volc\u00f3 masivamente a comprar v\u00edveres para stockearse.<\/p>\n","protected":false},"author":8,"featured_media":0,"comment_status":"open","ping_status":"open","sticky":false,"template":"","format":"standard","meta":{"_jetpack_newsletter_access":"","_jetpack_dont_email_post_to_subs":false,"_jetpack_newsletter_tier_id":0,"_jetpack_memberships_contains_paywalled_content":false,"_jetpack_memberships_contains_paid_content":false,"footnotes":""},"categories":[45],"tags":[],"class_list":["post-111600","post","type-post","status-publish","format-standard","hentry","category-economia"],"jetpack_featured_media_url":"","jetpack_shortlink":"https:\/\/wp.me\/p2JWE0-t20","jetpack-related-posts":[{"id":15918,"url":"https:\/\/www.24baires.com\/?p=15918","url_meta":{"origin":111600,"position":0},"title":"Camioneros ahora bloquear\u00e1n las 31 sucursales de Maxiconsumo","author":"Grupo Sierra","date":"17\/02\/2013","format":false,"excerpt":"La medida del sindicato de Camioneros, liderado por Pablo Moyano, podr\u00eda afectar el abastecimiento de las g\u00f3ndolas y el acuerdo de precios. Con esta medida, se intenta una profundizaci\u00f3n del conflicto en la disputa que mantiene con la Federaci\u00f3n Argentina de Empleados de Comercio y Servicios, por el reencuadramiento sindical\u2026","rel":"","context":"En \u00abSociedad\u00bb","block_context":{"text":"Sociedad","link":"https:\/\/www.24baires.com\/?cat=1"},"img":{"alt_text":"","src":"","width":0,"height":0},"classes":[]},{"id":107413,"url":"https:\/\/www.24baires.com\/?p=107413","url_meta":{"origin":111600,"position":1},"title":"Por el precio del d\u00f3lar suspenden ventas de autos a la espera de nuevos precios","author":"GB","date":"28\/03\/2019","format":false,"excerpt":"Las concesionarias esperan nuevas listas de precios de abril, con aumentos que pueden trepar otro 6%. La suba del d\u00f3lar impacta en toda la econom\u00eda y el sector automotor es uno de los m\u00e1s afectados ya que m\u00e1s del 70% de los autos que se venden en el pa\u00eds llegan\u2026","rel":"","context":"En \u00abEconom\u00eda\u00bb","block_context":{"text":"Econom\u00eda","link":"https:\/\/www.24baires.com\/?cat=45"},"img":{"alt_text":"","src":"https:\/\/i0.wp.com\/www.24baires.com\/wp-content\/uploads\/2014\/06\/auto.jpg?resize=350%2C200","width":350,"height":200,"srcset":"https:\/\/i0.wp.com\/www.24baires.com\/wp-content\/uploads\/2014\/06\/auto.jpg?resize=350%2C200 1x, https:\/\/i0.wp.com\/www.24baires.com\/wp-content\/uploads\/2014\/06\/auto.jpg?resize=525%2C300 1.5x"},"classes":[]},{"id":111684,"url":"https:\/\/www.24baires.com\/?p=111684","url_meta":{"origin":111600,"position":2},"title":"Alberto Fern\u00e1ndez: \u00abDujovne dej\u00f3 el pa\u00eds envuelto en una gran crisis\u00bb","author":"AF","date":"18\/08\/2019","format":false,"excerpt":"\"Hizo falta que yo explicara m\u00ednimamente las cosas para que el mundo se calmara y ahora la preocupaci\u00f3n es c\u00f3mo va a hacer Macri para llevar adelante todo esto\", dijo. Sus planes de reforma del gabinete, inserci\u00f3n internacional y renegociaci\u00f3n con el FMI. Son muchas las visitas de los \u00faltimos\u2026","rel":"","context":"En \u00abPol\u00edtica\u00bb","block_context":{"text":"Pol\u00edtica","link":"https:\/\/www.24baires.com\/?cat=51"},"img":{"alt_text":"","src":"https:\/\/i0.wp.com\/www.24baires.com\/wp-content\/uploads\/2019\/06\/alberto-fernandez.jpg?resize=350%2C200","width":350,"height":200,"srcset":"https:\/\/i0.wp.com\/www.24baires.com\/wp-content\/uploads\/2019\/06\/alberto-fernandez.jpg?resize=350%2C200 1x, https:\/\/i0.wp.com\/www.24baires.com\/wp-content\/uploads\/2019\/06\/alberto-fernandez.jpg?resize=525%2C300 1.5x"},"classes":[]},{"id":80806,"url":"https:\/\/www.24baires.com\/?p=80806","url_meta":{"origin":111600,"position":3},"title":"Pablo Moyano le advirti\u00f3 a Macri: \u201cSe termin\u00f3 la luna de miel\u201d","author":"AF","date":"31\/03\/2016","format":false,"excerpt":"El sindicato de Camioneros marcha al Ministerio de Trabajo y enciende su alarma por el tarifazo en colectivos y trenes. El secretario general del Sindicato de Choferes de Camiones, Pablo Moyano, expres\u00f3 su malestar con las pol\u00edticas econ\u00f3micas del gobierno y advirti\u00f3 que \u201cse termin\u00f3 la luna de miel\u201d. \"El\u2026","rel":"","context":"En \u00abSociedad\u00bb","block_context":{"text":"Sociedad","link":"https:\/\/www.24baires.com\/?cat=1"},"img":{"alt_text":"moyano pablo","src":"https:\/\/i0.wp.com\/www.24baires.com\/wp-content\/uploads\/2013\/07\/moyano-pablo.jpg?resize=350%2C200","width":350,"height":200,"srcset":"https:\/\/i0.wp.com\/www.24baires.com\/wp-content\/uploads\/2013\/07\/moyano-pablo.jpg?resize=350%2C200 1x, https:\/\/i0.wp.com\/www.24baires.com\/wp-content\/uploads\/2013\/07\/moyano-pablo.jpg?resize=525%2C300 1.5x"},"classes":[]},{"id":107372,"url":"https:\/\/www.24baires.com\/?p=107372","url_meta":{"origin":111600,"position":4},"title":"El pr\u00f3ximo lunes suben las naftas y el gas","author":"GB","date":"26\/03\/2019","format":false,"excerpt":"Los aumentos se deben al traslado al precio de impuestos y al pedido de empresas. La inflaci\u00f3n y el d\u00f3lar, entre los factores de presi\u00f3n. Abril comenzar\u00e1 con nuevas alzas y, en el caso de los combustibles, con una fuerte incidencia de la evoluci\u00f3n del d\u00f3lar en lo que resta\u2026","rel":"","context":"En \u00abSociedad\u00bb","block_context":{"text":"Sociedad","link":"https:\/\/www.24baires.com\/?cat=1"},"img":{"alt_text":"","src":"https:\/\/i0.wp.com\/www.24baires.com\/wp-content\/uploads\/2019\/03\/combustible-aumenta.jpg?resize=350%2C200","width":350,"height":200,"srcset":"https:\/\/i0.wp.com\/www.24baires.com\/wp-content\/uploads\/2019\/03\/combustible-aumenta.jpg?resize=350%2C200 1x, https:\/\/i0.wp.com\/www.24baires.com\/wp-content\/uploads\/2019\/03\/combustible-aumenta.jpg?resize=525%2C300 1.5x"},"classes":[]},{"id":102820,"url":"https:\/\/www.24baires.com\/?p=102820","url_meta":{"origin":111600,"position":5},"title":"Se esperan fuertes aumentos de autos 0 km y freno en las ventas","author":"GB","date":"18\/06\/2018","format":false,"excerpt":"Los problemas econ\u00f3micos que Macri denomin\u00f3 \"turbulencias cambiarias\" no s\u00f3lo llevaron a la vuelta al FMI y el despido de tres importantes funcionarios, sino que tambi\u00e9n ya comienza a impactar en la industria automotriz, uno de las pocos que sosten\u00eda n\u00fameros positivos. Menos ventas y escalada de precios A pesar\u2026","rel":"","context":"En \u00abPol\u00edtica\u00bb","block_context":{"text":"Pol\u00edtica","link":"https:\/\/www.24baires.com\/?cat=51"},"img":{"alt_text":"","src":"https:\/\/i0.wp.com\/www.24baires.com\/wp-content\/uploads\/2015\/12\/autos-0km.jpg?resize=350%2C200","width":350,"height":200,"srcset":"https:\/\/i0.wp.com\/www.24baires.com\/wp-content\/uploads\/2015\/12\/autos-0km.jpg?resize=350%2C200 1x, https:\/\/i0.wp.com\/www.24baires.com\/wp-content\/uploads\/2015\/12\/autos-0km.jpg?resize=525%2C300 1.5x"},"classes":[]}],"jetpack_sharing_enabled":true,"jetpack_likes_enabled":true,"_links":{"self":[{"href":"https:\/\/www.24baires.com\/index.php?rest_route=\/wp\/v2\/posts\/111600","targetHints":{"allow":["GET"]}}],"collection":[{"href":"https:\/\/www.24baires.com\/index.php?rest_route=\/wp\/v2\/posts"}],"about":[{"href":"https:\/\/www.24baires.com\/index.php?rest_route=\/wp\/v2\/types\/post"}],"author":[{"embeddable":true,"href":"https:\/\/www.24baires.com\/index.php?rest_route=\/wp\/v2\/users\/8"}],"replies":[{"embeddable":true,"href":"https:\/\/www.24baires.com\/index.php?rest_route=%2Fwp%2Fv2%2Fcomments&post=111600"}],"version-history":[{"count":1,"href":"https:\/\/www.24baires.com\/index.php?rest_route=\/wp\/v2\/posts\/111600\/revisions"}],"predecessor-version":[{"id":111601,"href":"https:\/\/www.24baires.com\/index.php?rest_route=\/wp\/v2\/posts\/111600\/revisions\/111601"}],"wp:attachment":[{"href":"https:\/\/www.24baires.com\/index.php?rest_route=%2Fwp%2Fv2%2Fmedia&parent=111600"}],"wp:term":[{"taxonomy":"category","embeddable":true,"href":"https:\/\/www.24baires.com\/index.php?rest_route=%2Fwp%2Fv2%2Fcategories&post=111600"},{"taxonomy":"post_tag","embeddable":true,"href":"https:\/\/www.24baires.com\/index.php?rest_route=%2Fwp%2Fv2%2Ftags&post=111600"}],"curies":[{"name":"wp","href":"https:\/\/api.w.org\/{rel}","templated":true}]}}