{"id":11158,"date":"2013-01-03T20:02:04","date_gmt":"2013-01-03T23:02:04","guid":{"rendered":"http:\/\/www.24baires.com\/?p=11158"},"modified":"2013-01-03T20:02:04","modified_gmt":"2013-01-03T23:02:04","slug":"vamos-a-venir-todos-los-jueves-hasta-la-puerta-de-tribunales-hasta-que-nos-hartemos","status":"publish","type":"post","link":"https:\/\/www.24baires.com\/?p=11158","title":{"rendered":"\u201cVamos a venir todos los jueves hasta la puerta de Tribunales hasta que nos hartemos\u00bb"},"content":{"rendered":"<p>La titular de <strong>Madres de Plaza de Mayo<\/strong>, Hebe de Bonafini, critic\u00f3 a la Justicia por el rechazo al pedido de per saltum pedido por el Gobierno en la causa por la Ley de Medios y por la confirmaci\u00f3n de la extensi\u00f3n de la cautelar que beneficia al Grupo Clar\u00edn. \u00a0Bonafini hizo estas manifestaciones esta tarde en las escalinatas del Palacio de Justicia, donde las Madres llevaron a cabo una protesta por la decisi\u00f3n de la Corte Suprema -que dilata la entrada en plena vigencia de la Ley de Medios-, luego de realizar la tradicional ronda de los jueves en Plaza de Mayo.<!--more--><\/p>\n<p>En comparaci\u00f3n con los tiempos de la \u00faltima dictadura militar, Hebe consider\u00f3 que \u201cni la prensa ni los jueces han cambiado\u201d y record\u00f3 que \u201clos jueces son los mismos que no aceptaban los habeas corpus\u201d y que \u201cen Clar\u00edn y La Naci\u00f3n sal\u00eda que nuestros hijos eran muertos en enfrentamientos y en realidad eran viles fusilamientos\u201d.<\/p>\n<p>Ante cientos de militantes de diferentes organizaciones que acompa\u00f1aron a las Madres, Bonafini apunt\u00f3 contra el presidente de la Corte Suprema Ricardo Lorenzetti, a quien acus\u00f3 de \u201cjuntarse con (H\u00e9ctor) Magnetto (CEO del Grupo Clar\u00edn), convencido de su propia clase\u201d.<\/p>\n<p>En ese sentido, asegur\u00f3 que \u201cestos tipos est\u00e1n al lado de los grandes medios porque son pagos por ellos y por eso no quieren la ley de Medios\u201d.<\/p>\n<p>\u201cEstos tipos, que est\u00e1n aferrados al sill\u00f3n de la Corte, no se dan cuenta que un d\u00eda el pueblo, las Madres los vamos a juzgar en la Plaza y luego en los Tribunales que hoy desechan\u201d, afirm\u00f3 Bonafini, quien resalt\u00f3 al magistrado Ra\u00fal Zaffaroni.<\/p>\n<p>Al finalizar el acto, advirti\u00f3: \u201cVamos a venir todos los jueves hasta la puerta de Tribunales hasta que nos hartemos\u00bb.<\/p>\n<p>&nbsp;<\/p>\n<p>&nbsp;<\/p>\n<p>&nbsp;<\/p>\n<p>&nbsp;<\/p>\n<p>&nbsp;<\/p>\n<p>&nbsp;<\/p>\n<p>&nbsp;<\/p>\n<p>&nbsp;<\/p>\n<p>&nbsp;<\/p>\n<p>&nbsp;<\/p>\n","protected":false},"excerpt":{"rendered":"<p>La titular de Madres de Plaza de Mayo, Hebe de Bonafini, critic\u00f3 a la Justicia por el rechazo al pedido de per saltum pedido por el Gobierno en la causa por la Ley de Medios y por la confirmaci\u00f3n de la extensi\u00f3n de la cautelar que beneficia al Grupo Clar\u00edn. \u00a0Bonafini hizo estas manifestaciones esta tarde en las escalinatas del [&#8230;]<\/p>\n","protected":false},"author":11,"featured_media":0,"comment_status":"open","ping_status":"open","sticky":false,"template":"","format":"standard","meta":{"_jetpack_newsletter_access":"","_jetpack_dont_email_post_to_subs":false,"_jetpack_newsletter_tier_id":0,"_jetpack_memberships_contains_paywalled_content":false,"_jetpack_memberships_contains_paid_content":false,"footnotes":""},"categories":[54],"tags":[],"class_list":["post-11158","post","type-post","status-publish","format-standard","hentry","category-medios"],"jetpack_featured_media_url":"","jetpack_shortlink":"https:\/\/wp.me\/p2JWE0-2TY","jetpack-related-posts":[{"id":101332,"url":"https:\/\/www.24baires.com\/?p=101332","url_meta":{"origin":11158,"position":0},"title":"Bonafini, sobre la vuelta del bast\u00f3n en la Bonaerense: \u00abEs aterrador\u00bb","author":"GB","date":"28\/03\/2018","format":false,"excerpt":"En una dura carta, la titular de Madres cuestion\u00f3 a Vidal y a Ritondo y advirti\u00f3 que los polic\u00edas \"van a llevar ese palo para matar a cualquiera\". La titular de la Asociaci\u00f3n Madres de Plaza de Mayo, Hebe de Bonafini, le apunt\u00f3 a Mar\u00eda Eugenia Vidal y a Cristian\u2026","rel":"","context":"En \u00abSociedad\u00bb","block_context":{"text":"Sociedad","link":"https:\/\/www.24baires.com\/?cat=1"},"img":{"alt_text":"","src":"https:\/\/i0.wp.com\/www.24baires.com\/wp-content\/uploads\/2014\/01\/hebe-de-bonafini.jpg?resize=350%2C200","width":350,"height":200,"srcset":"https:\/\/i0.wp.com\/www.24baires.com\/wp-content\/uploads\/2014\/01\/hebe-de-bonafini.jpg?resize=350%2C200 1x, https:\/\/i0.wp.com\/www.24baires.com\/wp-content\/uploads\/2014\/01\/hebe-de-bonafini.jpg?resize=525%2C300 1.5x"},"classes":[]},{"id":119564,"url":"https:\/\/www.24baires.com\/?p=119564","url_meta":{"origin":11158,"position":1},"title":"Muri\u00f3 a los 93 a\u00f1os Hebe de Bonafini, presidenta de Madres de Plaza de Ma","author":"GB","date":"20\/11\/2022","format":false,"excerpt":"La presidenta de Madres de Plaza de Mayo, Hebe de Bonafini, falleci\u00f3 hoy a los 93 a\u00f1os en el Hospital Italiano de La Plata Hebe de Bonafini muri\u00f3 hoy a los 93 a\u00f1os. La presidenta de Madres de Plaza de Mayo hab\u00eda sido dada de alta el 13 de octubre,\u2026","rel":"","context":"En \u00abSociedad\u00bb","block_context":{"text":"Sociedad","link":"https:\/\/www.24baires.com\/?cat=1"},"img":{"alt_text":"","src":"https:\/\/i0.wp.com\/www.24baires.com\/wp-content\/uploads\/2014\/01\/hebe-de-bonafini.jpg?resize=350%2C200","width":350,"height":200,"srcset":"https:\/\/i0.wp.com\/www.24baires.com\/wp-content\/uploads\/2014\/01\/hebe-de-bonafini.jpg?resize=350%2C200 1x, https:\/\/i0.wp.com\/www.24baires.com\/wp-content\/uploads\/2014\/01\/hebe-de-bonafini.jpg?resize=525%2C300 1.5x, https:\/\/i0.wp.com\/www.24baires.com\/wp-content\/uploads\/2014\/01\/hebe-de-bonafini.jpg?resize=700%2C400 2x"},"classes":[]},{"id":10973,"url":"https:\/\/www.24baires.com\/?p=10973","url_meta":{"origin":11158,"position":2},"title":"Madres marchan a Tribunales para que se trate la Ley de Medios a pesar de la feria","author":"AF","date":"02\/01\/2013","format":false,"excerpt":"En el marco de la presentaci\u00f3n de la jefatura de Gabinete y el Afsca para que se habilite la feria judicial para tratar la Ley de Medios, luego de que la Corte Suprema de Justicia de la Naci\u00f3n rechazara el per saltum y confirmara la extensi\u00f3n de la medida cautelar\u2026","rel":"","context":"En \u00abMedios\u00bb","block_context":{"text":"Medios","link":"https:\/\/www.24baires.com\/?cat=54"},"img":{"alt_text":"MADRES PLAZA DE MAYO","src":"https:\/\/i0.wp.com\/www.24baires.com\/wp-content\/uploads\/2013\/01\/MADRES-PLAZA-DE-MAYO.jpg?resize=350%2C200","width":350,"height":200,"srcset":"https:\/\/i0.wp.com\/www.24baires.com\/wp-content\/uploads\/2013\/01\/MADRES-PLAZA-DE-MAYO.jpg?resize=350%2C200 1x, https:\/\/i0.wp.com\/www.24baires.com\/wp-content\/uploads\/2013\/01\/MADRES-PLAZA-DE-MAYO.jpg?resize=525%2C300 1.5x"},"classes":[]},{"id":101348,"url":"https:\/\/www.24baires.com\/?p=101348","url_meta":{"origin":11158,"position":3},"title":"Bonafini sobre Meijide: \u00abNunca le import\u00f3 su hijo, queda claro, si no, no pedir\u00eda la libertad de Astiz\u00bb","author":"AF","date":"29\/03\/2018","format":false,"excerpt":"As\u00ed lo sostuvo Hebe. La titular de la Asociaci\u00f3n de Madres de Plaza de Mayo apunt\u00f3 contra la ex miembro de la Conadep, Graciela Fern\u00e1ndez Meijide, luego de haber apoyado la prisi\u00f3n domiciliaria del genocida Astiz. Hebe de Bonafini, titular de la Asociaci\u00f3n de Madres de Plaza de Mayo, sali\u00f3\u2026","rel":"","context":"En \u00abSociedad\u00bb","block_context":{"text":"Sociedad","link":"https:\/\/www.24baires.com\/?cat=1"},"img":{"alt_text":"","src":"https:\/\/i0.wp.com\/www.24baires.com\/wp-content\/uploads\/2018\/03\/bonafini-meijide.jpg?resize=350%2C200","width":350,"height":200,"srcset":"https:\/\/i0.wp.com\/www.24baires.com\/wp-content\/uploads\/2018\/03\/bonafini-meijide.jpg?resize=350%2C200 1x, https:\/\/i0.wp.com\/www.24baires.com\/wp-content\/uploads\/2018\/03\/bonafini-meijide.jpg?resize=525%2C300 1.5x"},"classes":[]},{"id":118672,"url":"https:\/\/www.24baires.com\/?p=118672","url_meta":{"origin":11158,"position":4},"title":"Kicillof particip\u00f3 del acto por el D\u00eda de la Memoria, Verdad y la Justicia","author":"GB","date":"24\/03\/2022","format":false,"excerpt":"El gobernador de la Provincia, Axel Kicillof, estuvo presente junto a las Madres de Plaza de Mayo, Hebe de Bonafini y Herenia S\u00e1nchez Viamonte, para conmemorar el d\u00eda por la Memoria, la Verdad y la Justicia. El gobernador de la Provincia, Axel Kicillof, estuvo presente en Casa de Gobierno donde\u2026","rel":"","context":"En \u00abMemoria\u00bb","block_context":{"text":"Memoria","link":"https:\/\/www.24baires.com\/?cat=50"},"img":{"alt_text":"","src":"https:\/\/i0.wp.com\/www.24baires.com\/wp-content\/uploads\/2022\/03\/24M_acto_gob_ddhh-1024x682.jpeg?resize=350%2C200","width":350,"height":200,"srcset":"https:\/\/i0.wp.com\/www.24baires.com\/wp-content\/uploads\/2022\/03\/24M_acto_gob_ddhh-1024x682.jpeg?resize=350%2C200 1x, https:\/\/i0.wp.com\/www.24baires.com\/wp-content\/uploads\/2022\/03\/24M_acto_gob_ddhh-1024x682.jpeg?resize=525%2C300 1.5x"},"classes":[]},{"id":85887,"url":"https:\/\/www.24baires.com\/?p=85887","url_meta":{"origin":11158,"position":5},"title":"Ordenan detener a Hebe: \u00abQue me lleven presa, no les tengo miedo\u00bb dijo","author":"Grupo Sierra","date":"04\/08\/2016","format":false,"excerpt":"La titular de la Asociaci\u00f3n Madres de Plaza de Mayo, Hebe de Bonafini, no se present\u00f3 a declarar en los tribunales federales de Comodoro Py en la causa Sue\u00f1os Compartidos en la que est\u00e1 imputada, por lo que el juez Marcelo Mart\u00ednez de Giorgi orden\u00f3 su captura. Pese a que\u2026","rel":"","context":"En \u00abJUDICIALES\u00bb","block_context":{"text":"JUDICIALES","link":"https:\/\/www.24baires.com\/?cat=68"},"img":{"alt_text":"hebe madres","src":"https:\/\/i0.wp.com\/www.24baires.com\/wp-content\/uploads\/2016\/08\/hebe-madres.jpg?resize=350%2C200","width":350,"height":200,"srcset":"https:\/\/i0.wp.com\/www.24baires.com\/wp-content\/uploads\/2016\/08\/hebe-madres.jpg?resize=350%2C200 1x, https:\/\/i0.wp.com\/www.24baires.com\/wp-content\/uploads\/2016\/08\/hebe-madres.jpg?resize=525%2C300 1.5x"},"classes":[]}],"jetpack_sharing_enabled":true,"jetpack_likes_enabled":true,"_links":{"self":[{"href":"https:\/\/www.24baires.com\/index.php?rest_route=\/wp\/v2\/posts\/11158","targetHints":{"allow":["GET"]}}],"collection":[{"href":"https:\/\/www.24baires.com\/index.php?rest_route=\/wp\/v2\/posts"}],"about":[{"href":"https:\/\/www.24baires.com\/index.php?rest_route=\/wp\/v2\/types\/post"}],"author":[{"embeddable":true,"href":"https:\/\/www.24baires.com\/index.php?rest_route=\/wp\/v2\/users\/11"}],"replies":[{"embeddable":true,"href":"https:\/\/www.24baires.com\/index.php?rest_route=%2Fwp%2Fv2%2Fcomments&post=11158"}],"version-history":[{"count":4,"href":"https:\/\/www.24baires.com\/index.php?rest_route=\/wp\/v2\/posts\/11158\/revisions"}],"predecessor-version":[{"id":11162,"href":"https:\/\/www.24baires.com\/index.php?rest_route=\/wp\/v2\/posts\/11158\/revisions\/11162"}],"wp:attachment":[{"href":"https:\/\/www.24baires.com\/index.php?rest_route=%2Fwp%2Fv2%2Fmedia&parent=11158"}],"wp:term":[{"taxonomy":"category","embeddable":true,"href":"https:\/\/www.24baires.com\/index.php?rest_route=%2Fwp%2Fv2%2Fcategories&post=11158"},{"taxonomy":"post_tag","embeddable":true,"href":"https:\/\/www.24baires.com\/index.php?rest_route=%2Fwp%2Fv2%2Ftags&post=11158"}],"curies":[{"name":"wp","href":"https:\/\/api.w.org\/{rel}","templated":true}]}}