{"id":111578,"date":"2019-08-12T12:12:44","date_gmt":"2019-08-12T15:12:44","guid":{"rendered":"http:\/\/www.24baires.com\/?p=111578"},"modified":"2019-08-12T12:12:44","modified_gmt":"2019-08-12T15:12:44","slug":"la-respuesta-de-los-mercados-a-macri-el-dolar-trepo-a-62-pesos","status":"publish","type":"post","link":"https:\/\/www.24baires.com\/?p=111578","title":{"rendered":"La respuesta de los mercados a Macri:  el d\u00f3lar trep\u00f3 a 62 pesos"},"content":{"rendered":"<p><img data-recalc-dims=\"1\" loading=\"lazy\" decoding=\"async\" src=\"https:\/\/i0.wp.com\/www.24baires.com\/wp-content\/uploads\/2019\/08\/d%C3%B3lar.jpg?resize=560%2C314\" alt=\"\" width=\"560\" height=\"314\" class=\"aligncenter size-full wp-image-111462\" srcset=\"https:\/\/i0.wp.com\/www.24baires.com\/wp-content\/uploads\/2019\/08\/d%C3%B3lar.jpg?w=560&amp;ssl=1 560w, https:\/\/i0.wp.com\/www.24baires.com\/wp-content\/uploads\/2019\/08\/d%C3%B3lar.jpg?resize=300%2C168&amp;ssl=1 300w\" sizes=\"auto, (max-width: 560px) 100vw, 560px\" \/>El viernes hab\u00eda cerrado a $46,55; este lunes, luego de la aplastante derrota del Gobierno, se ofrece a $62,32.<!--more--><\/p>\n<p>El d\u00f3lar sube fuerte este lunes luego de que en las PASO el Frente de Todos fuera la fuerza m\u00e1s votada a nivel nacional con el 47,65% de los sufragios.<\/p>\n<p>Seg\u00fan informa \u00e1mbito.com, la moneda estadounidese se vende hoy casi 17 pesos m\u00e1s cara respecto al valor con el cerr\u00f3 el viernes a $62,32 en promedio en bancos y casas de cambio de la city porte\u00f1a.<\/p>\n<p>El d\u00f3lar abri\u00f3 por encima de los $50<br \/>\nEl alza en la cotizaci\u00f3n del billete de verde es de un 34%, luego de que la rueda arrancara con un d\u00f3lar a $51,45.<\/p>\n<p>En las operaciones electr\u00f3nicas ya se hab\u00eda anticipado el escenario: en bancos privados se vend\u00eda por arriba de los $49.<\/p>\n","protected":false},"excerpt":{"rendered":"<p>El viernes hab\u00eda cerrado a $46,55; este lunes, luego de la aplastante derrota del Gobierno, se ofrece a $62,32.<\/p>\n","protected":false},"author":8,"featured_media":0,"comment_status":"open","ping_status":"open","sticky":false,"template":"","format":"standard","meta":{"_jetpack_newsletter_access":"","_jetpack_dont_email_post_to_subs":false,"_jetpack_newsletter_tier_id":0,"_jetpack_memberships_contains_paywalled_content":false,"_jetpack_memberships_contains_paid_content":false,"footnotes":""},"categories":[45],"tags":[],"class_list":["post-111578","post","type-post","status-publish","format-standard","hentry","category-economia"],"jetpack_featured_media_url":"","jetpack_shortlink":"https:\/\/wp.me\/p2JWE0-t1E","jetpack-related-posts":[{"id":108410,"url":"https:\/\/www.24baires.com\/?p=108410","url_meta":{"origin":111578,"position":0},"title":"El d\u00f3lar arranca la semana en baja","author":"GB","date":"27\/05\/2019","format":false,"excerpt":"La moneda estadounidense se vende 26 centavos m\u00e1s barata respecto al valor con el cerr\u00f3 el viernes, d\u00eda en el que tambi\u00e9n hab\u00eda descendido. El d\u00f3lar vuelve a bajar este lunes, luego de que el viernes descendiera su cotizaci\u00f3n unos 20 centavos y cerrara en promedio a $46,06 en bancos\u2026","rel":"","context":"En \u00abEconom\u00eda\u00bb","block_context":{"text":"Econom\u00eda","link":"https:\/\/www.24baires.com\/?cat=45"},"img":{"alt_text":"","src":"https:\/\/i0.wp.com\/www.24baires.com\/wp-content\/uploads\/2018\/07\/d%C3%B3lar-300x168.jpg?resize=350%2C200","width":350,"height":200},"classes":[]},{"id":111363,"url":"https:\/\/www.24baires.com\/?p=111363","url_meta":{"origin":111578,"position":1},"title":"El d\u00f3lar arranca la semana con otra suba","author":"AF","date":"29\/07\/2019","format":false,"excerpt":"La moneda estadounidense se vende este lunes 39 centavos m\u00e1s cara respecto al valor con el cerr\u00f3 el pasado viernes. El d\u00f3lar sube este lunes luego de que la semana pasada acumulara un aumento de 89 centavos, en medio de la expectativa que hay en el mercado cambiario por las\u2026","rel":"","context":"En \u00abEconom\u00eda\u00bb","block_context":{"text":"Econom\u00eda","link":"https:\/\/www.24baires.com\/?cat=45"},"img":{"alt_text":"","src":"https:\/\/i0.wp.com\/www.24baires.com\/wp-content\/uploads\/2018\/07\/d%C3%B3lar.jpg?resize=350%2C200","width":350,"height":200,"srcset":"https:\/\/i0.wp.com\/www.24baires.com\/wp-content\/uploads\/2018\/07\/d%C3%B3lar.jpg?resize=350%2C200 1x, https:\/\/i0.wp.com\/www.24baires.com\/wp-content\/uploads\/2018\/07\/d%C3%B3lar.jpg?resize=525%2C300 1.5x"},"classes":[]},{"id":108545,"url":"https:\/\/www.24baires.com\/?p=108545","url_meta":{"origin":111578,"position":2},"title":"El d\u00f3lar arranca junio estable","author":"GB","date":"03\/06\/2019","format":false,"excerpt":"Tras la suba de 74 centavos que acumul\u00f3 durante mayo, la moneda estadounidense se vende al mismo valor con el cerr\u00f3 el pasado viernes. El d\u00f3lar arranca junio estable, luego de que el mes pasado acumulara un aumento del 1,6%. Seg\u00fan informa \u00e1mbito.com, la moneda estadounidense se vende este lunes\u2026","rel":"","context":"En \u00abEconom\u00eda\u00bb","block_context":{"text":"Econom\u00eda","link":"https:\/\/www.24baires.com\/?cat=45"},"img":{"alt_text":"","src":"https:\/\/i0.wp.com\/www.24baires.com\/wp-content\/uploads\/2018\/07\/d%C3%B3lar.jpg?resize=350%2C200","width":350,"height":200,"srcset":"https:\/\/i0.wp.com\/www.24baires.com\/wp-content\/uploads\/2018\/07\/d%C3%B3lar.jpg?resize=350%2C200 1x, https:\/\/i0.wp.com\/www.24baires.com\/wp-content\/uploads\/2018\/07\/d%C3%B3lar.jpg?resize=525%2C300 1.5x"},"classes":[]},{"id":96120,"url":"https:\/\/www.24baires.com\/?p=96120","url_meta":{"origin":111578,"position":3},"title":"El d\u00f3lar volvi\u00f3 a subir y se vende a $17,82","author":"AF","date":"24\/07\/2017","format":false,"excerpt":"Desde el desembarco de Mauricio Macri en la Casa Rosada el peso hab\u00eda alcanzado, hasta el viernes pasado, una devaluaci\u00f3n de casi el 82%. Este lunes en el inicio de las negociaciones mantiene su tendencia a la depreciaci\u00f3n. El Banco Central no interviene para sostenerlo. Luego de una semana en\u2026","rel":"","context":"En \u00abEconom\u00eda\u00bb","block_context":{"text":"Econom\u00eda","link":"https:\/\/www.24baires.com\/?cat=45"},"img":{"alt_text":"","src":"https:\/\/i0.wp.com\/www.24baires.com\/wp-content\/uploads\/2013\/12\/banco-central.jpg?resize=350%2C200","width":350,"height":200,"srcset":"https:\/\/i0.wp.com\/www.24baires.com\/wp-content\/uploads\/2013\/12\/banco-central.jpg?resize=350%2C200 1x, https:\/\/i0.wp.com\/www.24baires.com\/wp-content\/uploads\/2013\/12\/banco-central.jpg?resize=525%2C300 1.5x"},"classes":[]},{"id":102024,"url":"https:\/\/www.24baires.com\/?p=102024","url_meta":{"origin":111578,"position":4},"title":"El d\u00f3lar contin\u00faa en ascenso: tuvo un pico de $23,66","author":"AF","date":"08\/05\/2018","format":false,"excerpt":"La moneda estadounidense trep\u00f3 m\u00e1s de $1 este martes y lleg\u00f3 a venderse a $23,66 en horas del mediod\u00eda. Luego tuvo una fuerte baja y se vende a $23.10. El d\u00f3lar trep\u00f3 m\u00e1s de 1 peso este martes a $ 23,66 en agencias y bancos de la city porte\u00f1a. En\u2026","rel":"","context":"En \u00abEconom\u00eda\u00bb","block_context":{"text":"Econom\u00eda","link":"https:\/\/www.24baires.com\/?cat=45"},"img":{"alt_text":"","src":"https:\/\/i0.wp.com\/www.24baires.com\/wp-content\/uploads\/2014\/07\/d%C3%B3lares.jpg?resize=350%2C200","width":350,"height":200,"srcset":"https:\/\/i0.wp.com\/www.24baires.com\/wp-content\/uploads\/2014\/07\/d%C3%B3lares.jpg?resize=350%2C200 1x, https:\/\/i0.wp.com\/www.24baires.com\/wp-content\/uploads\/2014\/07\/d%C3%B3lares.jpg?resize=525%2C300 1.5x"},"classes":[]},{"id":102187,"url":"https:\/\/www.24baires.com\/?p=102187","url_meta":{"origin":111578,"position":5},"title":"El d\u00f3lar volvi\u00f3 a subir tras el \u00absupermartes\u00bb","author":"AF","date":"16\/05\/2018","format":false,"excerpt":"Hab\u00eda empezado en baja pero en la \u00faltima hora la cotizaci\u00f3n lleg\u00f3 a $ 24,80 minorista. Ayer se desinfl\u00f3 89 centavos luego que el Central intervino. La cotizaci\u00f3n del d\u00f3lar minorista subi\u00f3 hoy 13 centavos, al cerrar a un promedio de 24,80 pesos, mientras que a nivel mayorista avanz\u00f3 24\u2026","rel":"","context":"En \u00abEconom\u00eda\u00bb","block_context":{"text":"Econom\u00eda","link":"https:\/\/www.24baires.com\/?cat=45"},"img":{"alt_text":"","src":"https:\/\/i0.wp.com\/www.24baires.com\/wp-content\/uploads\/2014\/07\/d%C3%B3lares.jpg?resize=350%2C200","width":350,"height":200,"srcset":"https:\/\/i0.wp.com\/www.24baires.com\/wp-content\/uploads\/2014\/07\/d%C3%B3lares.jpg?resize=350%2C200 1x, https:\/\/i0.wp.com\/www.24baires.com\/wp-content\/uploads\/2014\/07\/d%C3%B3lares.jpg?resize=525%2C300 1.5x"},"classes":[]}],"jetpack_sharing_enabled":true,"jetpack_likes_enabled":true,"_links":{"self":[{"href":"https:\/\/www.24baires.com\/index.php?rest_route=\/wp\/v2\/posts\/111578","targetHints":{"allow":["GET"]}}],"collection":[{"href":"https:\/\/www.24baires.com\/index.php?rest_route=\/wp\/v2\/posts"}],"about":[{"href":"https:\/\/www.24baires.com\/index.php?rest_route=\/wp\/v2\/types\/post"}],"author":[{"embeddable":true,"href":"https:\/\/www.24baires.com\/index.php?rest_route=\/wp\/v2\/users\/8"}],"replies":[{"embeddable":true,"href":"https:\/\/www.24baires.com\/index.php?rest_route=%2Fwp%2Fv2%2Fcomments&post=111578"}],"version-history":[{"count":1,"href":"https:\/\/www.24baires.com\/index.php?rest_route=\/wp\/v2\/posts\/111578\/revisions"}],"predecessor-version":[{"id":111579,"href":"https:\/\/www.24baires.com\/index.php?rest_route=\/wp\/v2\/posts\/111578\/revisions\/111579"}],"wp:attachment":[{"href":"https:\/\/www.24baires.com\/index.php?rest_route=%2Fwp%2Fv2%2Fmedia&parent=111578"}],"wp:term":[{"taxonomy":"category","embeddable":true,"href":"https:\/\/www.24baires.com\/index.php?rest_route=%2Fwp%2Fv2%2Fcategories&post=111578"},{"taxonomy":"post_tag","embeddable":true,"href":"https:\/\/www.24baires.com\/index.php?rest_route=%2Fwp%2Fv2%2Ftags&post=111578"}],"curies":[{"name":"wp","href":"https:\/\/api.w.org\/{rel}","templated":true}]}}