{"id":111477,"date":"2019-08-06T16:35:44","date_gmt":"2019-08-06T19:35:44","guid":{"rendered":"http:\/\/www.24baires.com\/?p=111477"},"modified":"2019-08-06T16:35:44","modified_gmt":"2019-08-06T19:35:44","slug":"el-indio-solari-sobre-macri-esta-gente-se-tiene-que-ir","status":"publish","type":"post","link":"https:\/\/www.24baires.com\/?p=111477","title":{"rendered":"El Indio Solari sobre Macri: \u00abEsta gente se tiene que ir\u00bb"},"content":{"rendered":"<p><img data-recalc-dims=\"1\" loading=\"lazy\" decoding=\"async\" src=\"https:\/\/i0.wp.com\/www.24baires.com\/wp-content\/uploads\/2014\/04\/indio-solari.jpg?resize=560%2C372\" alt=\"\" width=\"560\" height=\"372\" class=\"aligncenter size-full wp-image-43785\" srcset=\"https:\/\/i0.wp.com\/www.24baires.com\/wp-content\/uploads\/2014\/04\/indio-solari.jpg?w=560&amp;ssl=1 560w, https:\/\/i0.wp.com\/www.24baires.com\/wp-content\/uploads\/2014\/04\/indio-solari.jpg?resize=300%2C199&amp;ssl=1 300w\" sizes=\"auto, (max-width: 560px) 100vw, 560px\" \/>\u201cLa prueba de que un gobierno es bueno es que la gente pueda comer y tenga su casa. Lo dem\u00e1s es piripip\u00ed\u201d, expres\u00f3 el ex l\u00edder de Los Redondos al criticar a Cambiemos. En esa l\u00ednea, insinu\u00f3 su respaldo al Frente de Todos. \u00abPol\u00edticamente no he vivido mejor que en el gobierno de Cristina\u00bb, consider\u00f3.<!--more--><\/p>\n<p>A d\u00edas de las elecciones primarias, el Indio Solari reflexion\u00f3 sobre la realidad pol\u00edtica y  confes\u00f3 el malestar que le produce la situaci\u00f3n l\u00edmite a la que lleg\u00f3 el pa\u00eds con el gobierno de Cambiemos. \u201cEsta gente se tiene que ir. Y si no me tengo que ir yo\u201d, opin\u00f3 el m\u00fasico, que cuestion\u00f3 a quienes todav\u00eda no decidieron su voto. \u201c\u00bfQu\u00e9 quer\u00e9s que te diga? No te doy margen para nada. Te est\u00e1n re cagando el pa\u00eds y la gente piensa que los medios son neutros\u00bb, afirm\u00f3 en di\u00e1logo con el periodista y escritor Marcelo Figueras.<\/p>\n<p>Las definiciones pol\u00edticas de uno de los cantantes m\u00e1s populares del rock nacional se conocieron a d\u00edas de las Primarias Abiertas, Simult\u00e1neas y Obligatorias (PASO), las elecciones que se disputar\u00e1n este domingo y en donde se confirmar\u00e1n las candidaturas para las pr\u00f3ximas elecciones generales. <\/p>\n<p>El exl\u00edder de Patricio Rey y sus Redonditos de Ricota reflexion\u00f3 sobre la situaci\u00f3n econ\u00f3mica actual. \u00abCuando veo que se est\u00e1n muriendo los pendejos, de alguna manera esta gente se tiene que ir. Y si no me tengo que ir yo\u201d, remarc\u00f3 el m\u00fasico en la entrevista emitida por el Destape Radio. <\/p>\n<p>\u00abCreo que si todav\u00eda no la embocaron es que est\u00e1 muy dif\u00edcil encontrarte algo\u00bb<br \/>\n\u201cVi una sociedad que viv\u00eda mejor. No tuve la suerte de ver presidentes respetables que puedan hablar a los foros internacionales sin leer y decir cosas que son la posta. Despu\u00e9s apareci\u00f3 lo de los choreos y qu\u00e9 se yo. Creo que si todav\u00eda no la embocaron es que est\u00e1 muy dif\u00edcil encontrarte algo\u00bb, dijo sobre la persecuci\u00f3n judicial que vive la expresidenta Cristina Fern\u00e1ndez de Kirchner.<\/p>\n<p>Frente a las denuncias por corrupci\u00f3n que enfrenta la expresidenta, el Indio Solari remarc\u00f3 la sensaci\u00f3n que le produce el hecho de que Macri aparezca en los Panam\u00e1 Papers. \u201cCuando vos no aparec\u00e9s en los Panama Papers y aparece el Presidente dec\u00eds: &#8216;\u00bfC\u00f3mo es la cosa?&#8217; Es raro\u201d, desliz\u00f3, al tiempo que aclar\u00f3 que no puede \u201cfusionarse\u201d con la sociedad porque fue la misma sociedad la que puso \u201ca este hombre ah\u00ed\u201d.<\/p>\n<p>\u00abPol\u00edticamente no he vivido mejor que en el gobierno de Cristina. No estamos gobernados por este gobierno en este momento, estamos gobernados por el FMI. No creo en la praxis pol\u00edtica. Todos los pol\u00edticos est\u00e1n defendiendo la inclusi\u00f3n de los j\u00f3venes en la pol\u00edtica, pero a m\u00ed la manera no me convence. Creo que habr\u00eda que invertir m\u00e1s en cultura que en las Taser\u00bb, dijo tambi\u00e9n el m\u00fasico.<\/p>\n<p>\u201cEl neoliberalismo quiere que la gente est\u00e9 librada a su suerte\u00bb<br \/>\nSobre la grave situaci\u00f3n econ\u00f3mica que atraviesa el pa\u00eds, el cantante hizo foco sobre la \u201cinercia\u201d que deja la inflaci\u00f3n y que afecta a todos los aspectos de la vida. \u201cLa prueba de que un gobierno es bueno es que la gente pueda comer y tenga su casa. Lo dem\u00e1s es piripip\u00ed\u201d, dijo sin medias tintas el m\u00fasico. \u201cCuando hay un derrame del PBI y llega a la gente que puede comer, viajar y vivir feliz es un gobierno nuevo\u201d, opin\u00f3 en contraste con el modelo que plantea el gobierno actual.<\/p>\n","protected":false},"excerpt":{"rendered":"<p>\u201cLa prueba de que un gobierno es bueno es que la gente pueda comer y tenga su casa. Lo dem\u00e1s es piripip\u00ed\u201d, expres\u00f3 el ex l\u00edder de Los Redondos al criticar a Cambiemos. En esa l\u00ednea, insinu\u00f3 su respaldo al Frente de Todos. \u00abPol\u00edticamente no he vivido mejor que en el gobierno de Cristina\u00bb, consider\u00f3.<\/p>\n","protected":false},"author":4,"featured_media":0,"comment_status":"open","ping_status":"open","sticky":false,"template":"","format":"standard","meta":{"_jetpack_newsletter_access":"","_jetpack_dont_email_post_to_subs":false,"_jetpack_newsletter_tier_id":0,"_jetpack_memberships_contains_paywalled_content":false,"_jetpack_memberships_contains_paid_content":false,"footnotes":""},"categories":[41],"tags":[],"class_list":["post-111477","post","type-post","status-publish","format-standard","hentry","category-espectaculos"],"jetpack_featured_media_url":"","jetpack_shortlink":"https:\/\/wp.me\/p2JWE0-t01","jetpack-related-posts":[{"id":92991,"url":"https:\/\/www.24baires.com\/?p=92991","url_meta":{"origin":111477,"position":0},"title":"Tragedia en Olavarr\u00eda: dos muertos y un herido grave en el recital del Indio Solari","author":"GB","date":"12\/03\/2017","format":false,"excerpt":"El recital del Indio Solari en Olavarr\u00eda convoc\u00f3 a m\u00e1s de 200 mil personas y tuvo un saldo tr\u00e1gico. El Cantante hab\u00eda suspendido el show en el tercer tema para que auxilien a personas que hab\u00edan ca\u00eddo al piso. El recital del Indio Solari en Olavarr\u00eda qued\u00f3 enlutado por la\u2026","rel":"","context":"En \u00abSociedad\u00bb","block_context":{"text":"Sociedad","link":"https:\/\/www.24baires.com\/?cat=1"},"img":{"alt_text":"","src":"https:\/\/i0.wp.com\/www.24baires.com\/wp-content\/uploads\/2017\/03\/recital-indio.jpg?resize=350%2C200","width":350,"height":200,"srcset":"https:\/\/i0.wp.com\/www.24baires.com\/wp-content\/uploads\/2017\/03\/recital-indio.jpg?resize=350%2C200 1x, https:\/\/i0.wp.com\/www.24baires.com\/wp-content\/uploads\/2017\/03\/recital-indio.jpg?resize=525%2C300 1.5x"},"classes":[]},{"id":93020,"url":"https:\/\/www.24baires.com\/?p=93020","url_meta":{"origin":111477,"position":1},"title":"Senador del PJ le apunt\u00f3 a la Provincia y al municipio por la tragedia","author":"GB","date":"13\/03\/2017","format":false,"excerpt":"H\u00e9ctor Vitale, que form\u00f3 parte del gobierno municipal que prohibi\u00f3 un recital de Los Redondos en 1997, sostuvo que \"el Estado estuvo ausente en todo nivel\". Dijo que el show \"le hizo da\u00f1o a la ciudad\" porque \"no estaba preparada para tanta gente\". El senador bonaerense y ex secretario de\u2026","rel":"","context":"En \u00abPol\u00edtica\u00bb","block_context":{"text":"Pol\u00edtica","link":"https:\/\/www.24baires.com\/?cat=51"},"img":{"alt_text":"","src":"https:\/\/i0.wp.com\/www.24baires.com\/wp-content\/uploads\/2017\/03\/recital-indio2.jpg?resize=350%2C200","width":350,"height":200,"srcset":"https:\/\/i0.wp.com\/www.24baires.com\/wp-content\/uploads\/2017\/03\/recital-indio2.jpg?resize=350%2C200 1x, https:\/\/i0.wp.com\/www.24baires.com\/wp-content\/uploads\/2017\/03\/recital-indio2.jpg?resize=525%2C300 1.5x"},"classes":[]},{"id":108139,"url":"https:\/\/www.24baires.com\/?p=108139","url_meta":{"origin":111477,"position":2},"title":"No habr\u00e1 m\u00e1s misas en vivo","author":"AF","date":"13\/05\/2019","format":false,"excerpt":"En una entrevista proyectada a trav\u00e9s de una pantalla, el m\u00fasico confirm\u00f3 que no volver\u00e1 a tocar en vivo. Pero s\u00ed podr\u00eda hacer un show en su estudio para transmitir v\u00eda streaming. La presentaci\u00f3n de la autobiograf\u00eda del Indio Solari, en la Feria del Libro, se vivi\u00f3 como la previa\u2026","rel":"","context":"En \u00abEspectaculos\u00bb","block_context":{"text":"Espectaculos","link":"https:\/\/www.24baires.com\/?cat=41"},"img":{"alt_text":"","src":"https:\/\/i0.wp.com\/www.24baires.com\/wp-content\/uploads\/2013\/06\/indio-solari.jpg?resize=350%2C200","width":350,"height":200,"srcset":"https:\/\/i0.wp.com\/www.24baires.com\/wp-content\/uploads\/2013\/06\/indio-solari.jpg?resize=350%2C200 1x, https:\/\/i0.wp.com\/www.24baires.com\/wp-content\/uploads\/2013\/06\/indio-solari.jpg?resize=525%2C300 1.5x"},"classes":[]},{"id":54449,"url":"https:\/\/www.24baires.com\/?p=54449","url_meta":{"origin":111477,"position":3},"title":"Comenz\u00f3 la venta de entradas para el show del Indio Solari en Mendoza","author":"AF","date":"29\/09\/2014","format":false,"excerpt":"Desde este lunes, comenz\u00f3 el expendio de entradas en 13 puntos de venta del pa\u00eds para el segundo show que el Indio Solari ofrecer\u00e1 el pr\u00f3ximo 13 de diciembre en el aut\u00f3dromo Jorge \u00c1ngel Pena, en San Mart\u00edn. En Mendoza auguran que concurrir\u00e1n m\u00e1s personas que las 120.000 que asistieron\u2026","rel":"","context":"En \u00abEspectaculos\u00bb","block_context":{"text":"Espectaculos","link":"https:\/\/www.24baires.com\/?cat=41"},"img":{"alt_text":"indio","src":"https:\/\/i0.wp.com\/www.24baires.com\/wp-content\/uploads\/2014\/05\/indio.jpg?resize=350%2C200","width":350,"height":200,"srcset":"https:\/\/i0.wp.com\/www.24baires.com\/wp-content\/uploads\/2014\/05\/indio.jpg?resize=350%2C200 1x, https:\/\/i0.wp.com\/www.24baires.com\/wp-content\/uploads\/2014\/05\/indio.jpg?resize=525%2C300 1.5x"},"classes":[]},{"id":29850,"url":"https:\/\/www.24baires.com\/?p=29850","url_meta":{"origin":111477,"position":4},"title":"Salen a la venta 50 mil nuevas entradas para el recital del Indio Solari","author":"GB","date":"09\/08\/2013","format":false,"excerpt":"El gobernador de Mendoza, Francisco P\u00e9rez, anunci\u00f3 que el recital del Indio cambi\u00f3 otra vez de sede y se realizar\u00e1 el 14 de septiembre en el Aut\u00f3dromo del departamento de San Mart\u00edn, a 50 kil\u00f3metros de la capital provincial. El recital de que Carlos \"El Indio\" Solari cambi\u00f3 nuevamente de\u2026","rel":"","context":"En \u00abEspectaculos\u00bb","block_context":{"text":"Espectaculos","link":"https:\/\/www.24baires.com\/?cat=41"},"img":{"alt_text":"Indio Solari","src":"https:\/\/i0.wp.com\/www.24baires.com\/wp-content\/uploads\/2013\/08\/Indio-Solari.jpg?resize=350%2C200","width":350,"height":200,"srcset":"https:\/\/i0.wp.com\/www.24baires.com\/wp-content\/uploads\/2013\/08\/Indio-Solari.jpg?resize=350%2C200 1x, https:\/\/i0.wp.com\/www.24baires.com\/wp-content\/uploads\/2013\/08\/Indio-Solari.jpg?resize=525%2C300 1.5x"},"classes":[]},{"id":27209,"url":"https:\/\/www.24baires.com\/?p=27209","url_meta":{"origin":111477,"position":5},"title":"El pr\u00f3ximo 9 de julio se estrenar\u00e1 un documental sobre el Indio Solari","author":"AF","date":"29\/06\/2013","format":false,"excerpt":"El pr\u00f3ximo 9 de julio, a trav\u00e9s de Vorterix, se estrena oficialmente Piedra que late. El documental dirigido por Julio Leiva que retrata uno de los multitudinarios shows del ex-cantante de los Redondos en Tandil. A dos meses del desembarco del Indio Solari en Mendoza, en el \u00fanico concierto que\u2026","rel":"","context":"En \u00abEspectaculos\u00bb","block_context":{"text":"Espectaculos","link":"https:\/\/www.24baires.com\/?cat=41"},"img":{"alt_text":"indio solari","src":"https:\/\/i0.wp.com\/www.24baires.com\/wp-content\/uploads\/2013\/06\/indio-solari.jpg?resize=350%2C200","width":350,"height":200,"srcset":"https:\/\/i0.wp.com\/www.24baires.com\/wp-content\/uploads\/2013\/06\/indio-solari.jpg?resize=350%2C200 1x, https:\/\/i0.wp.com\/www.24baires.com\/wp-content\/uploads\/2013\/06\/indio-solari.jpg?resize=525%2C300 1.5x"},"classes":[]}],"jetpack_sharing_enabled":true,"jetpack_likes_enabled":true,"_links":{"self":[{"href":"https:\/\/www.24baires.com\/index.php?rest_route=\/wp\/v2\/posts\/111477","targetHints":{"allow":["GET"]}}],"collection":[{"href":"https:\/\/www.24baires.com\/index.php?rest_route=\/wp\/v2\/posts"}],"about":[{"href":"https:\/\/www.24baires.com\/index.php?rest_route=\/wp\/v2\/types\/post"}],"author":[{"embeddable":true,"href":"https:\/\/www.24baires.com\/index.php?rest_route=\/wp\/v2\/users\/4"}],"replies":[{"embeddable":true,"href":"https:\/\/www.24baires.com\/index.php?rest_route=%2Fwp%2Fv2%2Fcomments&post=111477"}],"version-history":[{"count":1,"href":"https:\/\/www.24baires.com\/index.php?rest_route=\/wp\/v2\/posts\/111477\/revisions"}],"predecessor-version":[{"id":111478,"href":"https:\/\/www.24baires.com\/index.php?rest_route=\/wp\/v2\/posts\/111477\/revisions\/111478"}],"wp:attachment":[{"href":"https:\/\/www.24baires.com\/index.php?rest_route=%2Fwp%2Fv2%2Fmedia&parent=111477"}],"wp:term":[{"taxonomy":"category","embeddable":true,"href":"https:\/\/www.24baires.com\/index.php?rest_route=%2Fwp%2Fv2%2Fcategories&post=111477"},{"taxonomy":"post_tag","embeddable":true,"href":"https:\/\/www.24baires.com\/index.php?rest_route=%2Fwp%2Fv2%2Ftags&post=111477"}],"curies":[{"name":"wp","href":"https:\/\/api.w.org\/{rel}","templated":true}]}}