{"id":111466,"date":"2019-08-05T19:09:03","date_gmt":"2019-08-05T22:09:03","guid":{"rendered":"http:\/\/www.24baires.com\/?p=111466"},"modified":"2019-08-05T19:09:03","modified_gmt":"2019-08-05T22:09:03","slug":"las-ventas-de-comercios-minoristas-cayeron-75-interanual-en-julio","status":"publish","type":"post","link":"https:\/\/www.24baires.com\/?p=111466","title":{"rendered":"Las ventas de comercios minoristas cayeron 7,5% interanual en julio"},"content":{"rendered":"<p><img data-recalc-dims=\"1\" loading=\"lazy\" decoding=\"async\" src=\"https:\/\/i0.wp.com\/www.24baires.com\/wp-content\/uploads\/2018\/12\/comercio.jpg?resize=560%2C315\" alt=\"\" width=\"560\" height=\"315\" class=\"aligncenter size-full wp-image-105975\" srcset=\"https:\/\/i0.wp.com\/www.24baires.com\/wp-content\/uploads\/2018\/12\/comercio.jpg?w=560&amp;ssl=1 560w, https:\/\/i0.wp.com\/www.24baires.com\/wp-content\/uploads\/2018\/12\/comercio.jpg?resize=300%2C169&amp;ssl=1 300w\" sizes=\"auto, (max-width: 560px) 100vw, 560px\" \/>As\u00ed lo inform\u00f3 la Confederaci\u00f3n Argentina de la Mediana Empresa (CAME). La disminuci\u00f3n en las ventas interanuales alcanz\u00f3 al 66,4% de los comercios consultados.<!--more--><\/p>\n<p>Las ventas de comercios minoristas cayeron 7,5% interanual en julio, pero \u00abmejoraron\u00bb con relaci\u00f3n a junio, inform\u00f3 la Confederaci\u00f3n Argentina de la Mediana Empresa (CAME).<\/p>\n<p>La disminuci\u00f3n en las ventas interanuales alcanz\u00f3 al 66,4% de los comercios consultados, cuando en junio hab\u00eda sido del 74,6%.<\/p>\n<p>En medio del derrumbe, las ventas subieron un paup\u00e9rrimo 4,5%, que, seg\u00fan CAME, el programa promovido por el gobierno kirchnerista Ahora 12 \u00abfue clave para movilizar sectores como electrodom\u00e9sticos, electr\u00f3nicos, computaci\u00f3n y celulares\u00bb.<\/p>\n<p>\u00abEl principal factor que incidi\u00f3 en el comportamiento de la demanda del mes fue el relanzamiento del Ahora 12. Para algunos rubros este programa fue un sostenedor del consumo, mientras que para otros est\u00e1 siendo la llave de una incipiente reactivaci\u00f3n\u00bb, dijeron.<\/p>\n<p>El relevamiento para evaluar la evoluci\u00f3n interanual de las ventas minoristas del mes se realiz\u00f3 entre el martes 30 de julio y el s\u00e1bado 2 de agosto, y cubri\u00f3 un universo de 1.100 comercios pymes de Ciudad de Buenos Aires, Gran Buenos Aires y el interior del pa\u00eds.<\/p>\n","protected":false},"excerpt":{"rendered":"<p>As\u00ed lo inform\u00f3 la Confederaci\u00f3n Argentina de la Mediana Empresa (CAME). La disminuci\u00f3n en las ventas interanuales alcanz\u00f3 al 66,4% de los comercios consultados.<\/p>\n","protected":false},"author":4,"featured_media":0,"comment_status":"open","ping_status":"open","sticky":false,"template":"","format":"standard","meta":{"_jetpack_newsletter_access":"","_jetpack_dont_email_post_to_subs":false,"_jetpack_newsletter_tier_id":0,"_jetpack_memberships_contains_paywalled_content":false,"_jetpack_memberships_contains_paid_content":false,"footnotes":""},"categories":[45],"tags":[],"class_list":["post-111466","post","type-post","status-publish","format-standard","hentry","category-economia"],"jetpack_featured_media_url":"","jetpack_shortlink":"https:\/\/wp.me\/p2JWE0-sZQ","jetpack-related-posts":[{"id":111689,"url":"https:\/\/www.24baires.com\/?p=111689","url_meta":{"origin":111466,"position":0},"title":"D\u00eda del Ni\u00f1o: m\u00e1s del 60% de los comercios retrajo sus ventas","author":"GB","date":"19\/08\/2019","format":false,"excerpt":"Es un informa de la Confederaci\u00f3n Argentina de la Mediana Empresa (CAME) que adem\u00e1s determin\u00f3 que las ventas minoristas por el D\u00eda del Ni\u00f1o en negocios pymes cayeron un 3,3% con respecto al a\u00f1o anterior. El D\u00eda del Ni\u00f1o del pasado fin de semana se vio directamente afectado por el\u2026","rel":"","context":"En \u00abEconom\u00eda\u00bb","block_context":{"text":"Econom\u00eda","link":"https:\/\/www.24baires.com\/?cat=45"},"img":{"alt_text":"","src":"https:\/\/i0.wp.com\/www.24baires.com\/wp-content\/uploads\/2015\/08\/jugueter%C3%ADa.jpg?resize=350%2C200","width":350,"height":200,"srcset":"https:\/\/i0.wp.com\/www.24baires.com\/wp-content\/uploads\/2015\/08\/jugueter%C3%ADa.jpg?resize=350%2C200 1x, https:\/\/i0.wp.com\/www.24baires.com\/wp-content\/uploads\/2015\/08\/jugueter%C3%ADa.jpg?resize=525%2C300 1.5x"},"classes":[]},{"id":113210,"url":"https:\/\/www.24baires.com\/?p=113210","url_meta":{"origin":111466,"position":1},"title":"Las ventas minoristas cayeron 7,1% interanual en noviembre","author":"GB","date":"02\/12\/2019","format":false,"excerpt":"Contin\u00faan los datos desalentadores. Un informe indic\u00f3 que las ventas acumulan en el a\u00f1o una baja de 12,3%. La Confederaci\u00f3n Argentina de la Mediana Empresa (CAME) revel\u00f3 que los n\u00fameros que alcanzaron las ventas minoristas del mes de noviembre, frente a igual mes del a\u00f1o pasado, son preocupantes, dado que\u2026","rel":"","context":"En \u00abEconom\u00eda\u00bb","block_context":{"text":"Econom\u00eda","link":"https:\/\/www.24baires.com\/?cat=45"},"img":{"alt_text":"","src":"https:\/\/i0.wp.com\/www.24baires.com\/wp-content\/uploads\/2016\/12\/supermercado.jpg?resize=350%2C200","width":350,"height":200,"srcset":"https:\/\/i0.wp.com\/www.24baires.com\/wp-content\/uploads\/2016\/12\/supermercado.jpg?resize=350%2C200 1x, https:\/\/i0.wp.com\/www.24baires.com\/wp-content\/uploads\/2016\/12\/supermercado.jpg?resize=525%2C300 1.5x"},"classes":[]},{"id":115264,"url":"https:\/\/www.24baires.com\/?p=115264","url_meta":{"origin":111466,"position":2},"title":"Las ventas minoristas cayeron un 51% durante mayo","author":"AF","date":"07\/06\/2020","format":false,"excerpt":"Es un dato comparado con 2019. Desde la Confederaci\u00f3n Argentina de la Mediana Empresa (CAME) aseguran que es por el congelamiento de la econom\u00eda debido a la pandemia. Las ventas minoristas pymes cayeron un 50,8 por ciento anual en mayo, respecto del mismo mes de 2019, inform\u00f3 este domingo la\u2026","rel":"","context":"En \u00abSociedad\u00bb","block_context":{"text":"Sociedad","link":"https:\/\/www.24baires.com\/?cat=1"},"img":{"alt_text":"","src":"https:\/\/i0.wp.com\/www.24baires.com\/wp-content\/uploads\/2018\/10\/negocio.jpg?resize=350%2C200","width":350,"height":200,"srcset":"https:\/\/i0.wp.com\/www.24baires.com\/wp-content\/uploads\/2018\/10\/negocio.jpg?resize=350%2C200 1x, https:\/\/i0.wp.com\/www.24baires.com\/wp-content\/uploads\/2018\/10\/negocio.jpg?resize=525%2C300 1.5x"},"classes":[]},{"id":121065,"url":"https:\/\/www.24baires.com\/?p=121065","url_meta":{"origin":111466,"position":3},"title":"Los comercios sufren el ajuste: las ventas minoristas cayeron 25,5%","author":"GB","date":"04\/03\/2024","format":false,"excerpt":"Comparadas con el mismo per\u00edodo del a\u00f1o pasado, el primer bimestre registr\u00f3 una ca\u00edda acumulada del 27%. Las ventas en los comercios minoristas pymes registraron en febrero en promedio una ca\u00edda de 25,5% interanual a precios constantes, mientras que frente a enero pasado retrocedieron 7,4%, seg\u00fan un relevamiento realizado por\u2026","rel":"","context":"En \u00abConsumidores\u00bb","block_context":{"text":"Consumidores","link":"https:\/\/www.24baires.com\/?cat=78"},"img":{"alt_text":"","src":"https:\/\/i0.wp.com\/www.24baires.com\/wp-content\/uploads\/2018\/12\/compras-navidad.jpg?resize=350%2C200","width":350,"height":200,"srcset":"https:\/\/i0.wp.com\/www.24baires.com\/wp-content\/uploads\/2018\/12\/compras-navidad.jpg?resize=350%2C200 1x, https:\/\/i0.wp.com\/www.24baires.com\/wp-content\/uploads\/2018\/12\/compras-navidad.jpg?resize=525%2C300 1.5x, https:\/\/i0.wp.com\/www.24baires.com\/wp-content\/uploads\/2018\/12\/compras-navidad.jpg?resize=700%2C400 2x"},"classes":[]},{"id":106680,"url":"https:\/\/www.24baires.com\/?p=106680","url_meta":{"origin":111466,"position":4},"title":"Casi el 80% de los comercios informaron menos ventas en enero","author":"AF","date":"04\/02\/2019","format":false,"excerpt":"En la comparaci\u00f3n interanual en enero se registr\u00f3 un 11,6% menos de ventas. Los rubros que m\u00e1s cayeron fueron \"Bijouterie\", \"Calzado y Marroquiner\u00eda\" y Muebles. El gobierno de Mauricio Macri no logra encontrarle la vuelta a la recesi\u00f3n y el consumo sigue en ca\u00edda libre. De acuerdo con la Confederaci\u00f3n\u2026","rel":"","context":"En \u00abEconom\u00eda\u00bb","block_context":{"text":"Econom\u00eda","link":"https:\/\/www.24baires.com\/?cat=45"},"img":{"alt_text":"","src":"https:\/\/i0.wp.com\/www.24baires.com\/wp-content\/uploads\/2018\/10\/negocio.jpg?resize=350%2C200","width":350,"height":200,"srcset":"https:\/\/i0.wp.com\/www.24baires.com\/wp-content\/uploads\/2018\/10\/negocio.jpg?resize=350%2C200 1x, https:\/\/i0.wp.com\/www.24baires.com\/wp-content\/uploads\/2018\/10\/negocio.jpg?resize=525%2C300 1.5x"},"classes":[]},{"id":97174,"url":"https:\/\/www.24baires.com\/?p=97174","url_meta":{"origin":111466,"position":5},"title":"Agosto registr\u00f3 una fuerte ca\u00edda en las ventas minoristas","author":"GB","date":"04\/09\/2017","format":false,"excerpt":"Las ventas cayeron 0,3 por ciento en relaci\u00f3n a igual mes del a\u00f1o anterior y acumularon en ocho meses una baja de 2,6 por ciento interanual, seg\u00fan un estudio de CAME. Adem\u00e1s, el informe sostiene que loa comerciantes debieron aplicar \u201cdescuentos muy agresivos para salir a la caza de compradores\u201d.\u2026","rel":"","context":"En \u00abEconom\u00eda\u00bb","block_context":{"text":"Econom\u00eda","link":"https:\/\/www.24baires.com\/?cat=45"},"img":{"alt_text":"","src":"https:\/\/i0.wp.com\/www.24baires.com\/wp-content\/uploads\/2017\/09\/disminuyen-las-ventas.jpg?resize=350%2C200","width":350,"height":200,"srcset":"https:\/\/i0.wp.com\/www.24baires.com\/wp-content\/uploads\/2017\/09\/disminuyen-las-ventas.jpg?resize=350%2C200 1x, https:\/\/i0.wp.com\/www.24baires.com\/wp-content\/uploads\/2017\/09\/disminuyen-las-ventas.jpg?resize=525%2C300 1.5x"},"classes":[]}],"jetpack_sharing_enabled":true,"jetpack_likes_enabled":true,"_links":{"self":[{"href":"https:\/\/www.24baires.com\/index.php?rest_route=\/wp\/v2\/posts\/111466","targetHints":{"allow":["GET"]}}],"collection":[{"href":"https:\/\/www.24baires.com\/index.php?rest_route=\/wp\/v2\/posts"}],"about":[{"href":"https:\/\/www.24baires.com\/index.php?rest_route=\/wp\/v2\/types\/post"}],"author":[{"embeddable":true,"href":"https:\/\/www.24baires.com\/index.php?rest_route=\/wp\/v2\/users\/4"}],"replies":[{"embeddable":true,"href":"https:\/\/www.24baires.com\/index.php?rest_route=%2Fwp%2Fv2%2Fcomments&post=111466"}],"version-history":[{"count":1,"href":"https:\/\/www.24baires.com\/index.php?rest_route=\/wp\/v2\/posts\/111466\/revisions"}],"predecessor-version":[{"id":111467,"href":"https:\/\/www.24baires.com\/index.php?rest_route=\/wp\/v2\/posts\/111466\/revisions\/111467"}],"wp:attachment":[{"href":"https:\/\/www.24baires.com\/index.php?rest_route=%2Fwp%2Fv2%2Fmedia&parent=111466"}],"wp:term":[{"taxonomy":"category","embeddable":true,"href":"https:\/\/www.24baires.com\/index.php?rest_route=%2Fwp%2Fv2%2Fcategories&post=111466"},{"taxonomy":"post_tag","embeddable":true,"href":"https:\/\/www.24baires.com\/index.php?rest_route=%2Fwp%2Fv2%2Ftags&post=111466"}],"curies":[{"name":"wp","href":"https:\/\/api.w.org\/{rel}","templated":true}]}}