{"id":111400,"date":"2019-07-31T10:22:12","date_gmt":"2019-07-31T13:22:12","guid":{"rendered":"http:\/\/www.24baires.com\/?p=111400"},"modified":"2019-07-31T14:24:12","modified_gmt":"2019-07-31T17:24:12","slug":"cerro-una-importante-autopartista-de-brandsen","status":"publish","type":"post","link":"https:\/\/www.24baires.com\/?p=111400","title":{"rendered":"Cerr\u00f3 una importante autopartista de Brandsen"},"content":{"rendered":"<p><img data-recalc-dims=\"1\" loading=\"lazy\" decoding=\"async\" src=\"https:\/\/i0.wp.com\/www.24baires.com\/wp-content\/uploads\/2019\/03\/automotriz.jpg?resize=560%2C349\" alt=\"\" width=\"560\" height=\"349\" class=\"aligncenter size-full wp-image-107055\" srcset=\"https:\/\/i0.wp.com\/www.24baires.com\/wp-content\/uploads\/2019\/03\/automotriz.jpg?w=560&amp;ssl=1 560w, https:\/\/i0.wp.com\/www.24baires.com\/wp-content\/uploads\/2019\/03\/automotriz.jpg?resize=300%2C187&amp;ssl=1 300w\" sizes=\"auto, (max-width: 560px) 100vw, 560px\" \/>La ex PSA Peugeot ten\u00eda suspendidos a sus empleados y ahora les ofrece indemnizaciones. Busca pagarles el 50% en efectivo y el resto en 18 cuotas.<!--more--><\/p>\n<p>La autopartista Clapp, ex PSA Peugeot, decidi\u00f3 terminar con sus operaciones y despidi\u00f3 a 40 trabajadores de su planta en Brandsen. Les ofreci\u00f3 el pago de indemnizaciones del 50% al contado y el resto en 18 cuotas.<\/p>\n<p>La empresa ven\u00eda con suspensiones y falta de insumos para producir. Los Directivos del Gremio de la UOM de La Plata, junto a delegados y unas 20 personas, se reunieron este mi\u00e9rcoles con directivos de la empresa.<\/p>\n<p>El sector autopartista es uno de los que m\u00e1s sufri\u00f3 el impacto de la ca\u00edda del consumo y la producci\u00f3n. La industria automotriz est\u00e1 en crisis desde hace varios meses e inclusive el Gobierno debi\u00f3 lanzar un plan con fuertes descuentos para estimular la venta de veh\u00edculos.<\/p>\n<p>Por su parte, trabajadores de Dino Mattioli, otra autopartista que dej\u00f3 de producir recientemente -ubicada en Virrey del Pino- reclaman el pago de tres quincenas adeudadas.<\/p>\n<p>Los empleados realizaron el pasado lunes una protesta en la puerta de la planta para reclamar por el pago. \u00abEstamos convencidos de que buscan vaciar y quebrar la firma\u00bb, apunt\u00f3 Daniel Ben, delegado de la UOM. \u00abNos soltaron la mano, nos dijeron que no iba a haber m\u00e1s trabajo y que hagamos lo que quisi\u00e9ramos con la empresa\u00bb.<\/p>\n","protected":false},"excerpt":{"rendered":"<p>La ex PSA Peugeot ten\u00eda suspendidos a sus empleados y ahora les ofrece indemnizaciones. Busca pagarles el 50% en efectivo y el resto en 18 cuotas.<\/p>\n","protected":false},"author":4,"featured_media":0,"comment_status":"open","ping_status":"open","sticky":false,"template":"","format":"standard","meta":{"_jetpack_newsletter_access":"","_jetpack_dont_email_post_to_subs":false,"_jetpack_newsletter_tier_id":0,"_jetpack_memberships_contains_paywalled_content":false,"_jetpack_memberships_contains_paid_content":false,"footnotes":""},"categories":[45],"tags":[],"class_list":["post-111400","post","type-post","status-publish","format-standard","hentry","category-economia"],"jetpack_featured_media_url":"","jetpack_shortlink":"https:\/\/wp.me\/p2JWE0-sYM","jetpack-related-posts":[{"id":107166,"url":"https:\/\/www.24baires.com\/?p=107166","url_meta":{"origin":111400,"position":0},"title":"Iveco suspendi\u00f3 a 900 trabajadores","author":"AF","date":"11\/03\/2019","format":false,"excerpt":"El titular de Smata advirti\u00f3 que la situaci\u00f3n en el sector automotriz, lejos de mejorar, seguir\u00e1 empeorando y se\u00f1al\u00f3 que lleg\u00f3 el momento de adoptar medidas de fuerza con continuidad. La f\u00e1brica de camiones Iveco confirm\u00f3 este lunes la suspensi\u00f3n de 900 trabajadores en su planta de la localidad cordobesa\u2026","rel":"","context":"En \u00abSociedad\u00bb","block_context":{"text":"Sociedad","link":"https:\/\/www.24baires.com\/?cat=1"},"img":{"alt_text":"","src":"https:\/\/i0.wp.com\/www.24baires.com\/wp-content\/uploads\/2019\/03\/iveco.jpg?resize=350%2C200","width":350,"height":200,"srcset":"https:\/\/i0.wp.com\/www.24baires.com\/wp-content\/uploads\/2019\/03\/iveco.jpg?resize=350%2C200 1x, https:\/\/i0.wp.com\/www.24baires.com\/wp-content\/uploads\/2019\/03\/iveco.jpg?resize=525%2C300 1.5x"},"classes":[]},{"id":47058,"url":"https:\/\/www.24baires.com\/?p=47058","url_meta":{"origin":111400,"position":1},"title":"Reuni\u00f3n entre Capitanich y Scioli por la planta tomada en Escobar","author":"Grupo Sierra","date":"30\/05\/2014","format":false,"excerpt":"Se trata de la autopartista Gestamp, donde trabajadores protestan contra suspensiones y despidos, lo que deriv\u00f3 en la paralizaci\u00f3n de las terminales Ford, Volkswagen y Peugeot El jefe de Gabinete, Jorge Capitanich, anunci\u00f3 hoy que convoc\u00f3 al gobernador bonaerense, Daniel Scioli, con el prop\u00f3sito de evaluar la situaci\u00f3n de la\u2026","rel":"","context":"En \u00abProvincia\u00bb","block_context":{"text":"Provincia","link":"https:\/\/www.24baires.com\/?cat=40"},"img":{"alt_text":"scioli y capitanich","src":"https:\/\/i0.wp.com\/www.24baires.com\/wp-content\/uploads\/2014\/01\/scioli-y-capitanich.jpg?resize=350%2C200","width":350,"height":200,"srcset":"https:\/\/i0.wp.com\/www.24baires.com\/wp-content\/uploads\/2014\/01\/scioli-y-capitanich.jpg?resize=350%2C200 1x, https:\/\/i0.wp.com\/www.24baires.com\/wp-content\/uploads\/2014\/01\/scioli-y-capitanich.jpg?resize=525%2C300 1.5x"},"classes":[]},{"id":107037,"url":"https:\/\/www.24baires.com\/?p=107037","url_meta":{"origin":111400,"position":2},"title":"Peugeot suspendi\u00f3 a mil trabajadores","author":"AF","date":"28\/02\/2019","format":false,"excerpt":"La automotriz multinacional suspendi\u00f3 a mil trabajadores de su planta de El Palomar, que hace solo dos a\u00f1os fue reinaugurada por el presidente Mauricio Macri. All\u00ed el mandatario hab\u00eda celebrado \u201cla confianza\u201d de Peugeot y lleg\u00f3 a vaticinar que \u201cen 2019, los mismos autos que salgan en Francia van a\u2026","rel":"","context":"En \u00abSociedad\u00bb","block_context":{"text":"Sociedad","link":"https:\/\/www.24baires.com\/?cat=1"},"img":{"alt_text":"","src":"https:\/\/i0.wp.com\/www.24baires.com\/wp-content\/uploads\/2019\/02\/macri.jpg?resize=350%2C200","width":350,"height":200,"srcset":"https:\/\/i0.wp.com\/www.24baires.com\/wp-content\/uploads\/2019\/02\/macri.jpg?resize=350%2C200 1x, https:\/\/i0.wp.com\/www.24baires.com\/wp-content\/uploads\/2019\/02\/macri.jpg?resize=525%2C300 1.5x"},"classes":[]},{"id":29134,"url":"https:\/\/www.24baires.com\/?p=29134","url_meta":{"origin":111400,"position":3},"title":"Tres empresas extranjeras de automotores anunciaron inversiones millonarias en el pa\u00eds","author":"AF","date":"29\/07\/2013","format":false,"excerpt":"Tres anuncios provenientes del sector de la industria automotriz son los m\u00e1s destacados. Entre ellos est\u00e1 el de la empresa Volvo, que anunci\u00f3 que invertir\u00e1 15 millones de d\u00f3lares. Varias empresas internacionales anunciaron inversiones en la Argentina y confirmaron las perspectivas favorables para las firmas extranjeras en el pa\u00eds, indic\u00f3\u2026","rel":"","context":"En \u00abEconom\u00eda\u00bb","block_context":{"text":"Econom\u00eda","link":"https:\/\/www.24baires.com\/?cat=45"},"img":{"alt_text":"volvo","src":"https:\/\/i0.wp.com\/www.24baires.com\/wp-content\/uploads\/2013\/07\/volvo-300x204.jpg?resize=350%2C200","width":350,"height":200},"classes":[]},{"id":104901,"url":"https:\/\/www.24baires.com\/?p=104901","url_meta":{"origin":111400,"position":4},"title":"Tandil: cerr\u00f3 la hist\u00f3rica metal\u00fargica y despidi\u00f3 a m\u00e1s de 100 trabajadores","author":"GB","date":"12\/10\/2018","format":false,"excerpt":"Con 70 a\u00f1os, era una de las f\u00e1bricas tradicionales de la ciudad. El cierre cal\u00f3 hondo en la sociedad tandilense. Un golpe duro para la gesti\u00f3n del intendente Miguel Lunghi. El 16 de octubre se espera una multitudinaria marcha. Cerr\u00f3 \u201cMetal\u00fargica Tandil\u201d, la hist\u00f3rica f\u00e1brica serrana de autopartes. La decisi\u00f3n\u2026","rel":"","context":"En \u00abMunicipios\u00bb","block_context":{"text":"Municipios","link":"https:\/\/www.24baires.com\/?cat=44"},"img":{"alt_text":"","src":"https:\/\/i0.wp.com\/www.24baires.com\/wp-content\/uploads\/2018\/10\/tandil-fabrica.jpg?resize=350%2C200","width":350,"height":200,"srcset":"https:\/\/i0.wp.com\/www.24baires.com\/wp-content\/uploads\/2018\/10\/tandil-fabrica.jpg?resize=350%2C200 1x, https:\/\/i0.wp.com\/www.24baires.com\/wp-content\/uploads\/2018\/10\/tandil-fabrica.jpg?resize=525%2C300 1.5x"},"classes":[]},{"id":93101,"url":"https:\/\/www.24baires.com\/?p=93101","url_meta":{"origin":111400,"position":5},"title":"Macri: \u00abLa econom\u00eda empieza a dar sus primeros pasos de crecimiento\u00bb","author":"AF","date":"16\/03\/2017","format":false,"excerpt":"El presidente Mauricio Macri afirm\u00f3 que la econom\u00eda \u201cempieza a dar sus primeros en el camino del crecimiento\u201d despu\u00e9s de varios a\u00f1os y un ejemplo de ello, dijo, es la reinauguraci\u00f3n de la planta de PSA-Peugeot en El Palomar, con una inversi\u00f3n de U$S 320 millones. El presidente Mauricio Macri\u2026","rel":"","context":"En \u00abPol\u00edtica\u00bb","block_context":{"text":"Pol\u00edtica","link":"https:\/\/www.24baires.com\/?cat=51"},"img":{"alt_text":"","src":"https:\/\/i0.wp.com\/www.24baires.com\/wp-content\/uploads\/2017\/02\/macri-conferencia.jpg?resize=350%2C200","width":350,"height":200,"srcset":"https:\/\/i0.wp.com\/www.24baires.com\/wp-content\/uploads\/2017\/02\/macri-conferencia.jpg?resize=350%2C200 1x, https:\/\/i0.wp.com\/www.24baires.com\/wp-content\/uploads\/2017\/02\/macri-conferencia.jpg?resize=525%2C300 1.5x"},"classes":[]}],"jetpack_sharing_enabled":true,"jetpack_likes_enabled":true,"_links":{"self":[{"href":"https:\/\/www.24baires.com\/index.php?rest_route=\/wp\/v2\/posts\/111400","targetHints":{"allow":["GET"]}}],"collection":[{"href":"https:\/\/www.24baires.com\/index.php?rest_route=\/wp\/v2\/posts"}],"about":[{"href":"https:\/\/www.24baires.com\/index.php?rest_route=\/wp\/v2\/types\/post"}],"author":[{"embeddable":true,"href":"https:\/\/www.24baires.com\/index.php?rest_route=\/wp\/v2\/users\/4"}],"replies":[{"embeddable":true,"href":"https:\/\/www.24baires.com\/index.php?rest_route=%2Fwp%2Fv2%2Fcomments&post=111400"}],"version-history":[{"count":1,"href":"https:\/\/www.24baires.com\/index.php?rest_route=\/wp\/v2\/posts\/111400\/revisions"}],"predecessor-version":[{"id":111401,"href":"https:\/\/www.24baires.com\/index.php?rest_route=\/wp\/v2\/posts\/111400\/revisions\/111401"}],"wp:attachment":[{"href":"https:\/\/www.24baires.com\/index.php?rest_route=%2Fwp%2Fv2%2Fmedia&parent=111400"}],"wp:term":[{"taxonomy":"category","embeddable":true,"href":"https:\/\/www.24baires.com\/index.php?rest_route=%2Fwp%2Fv2%2Fcategories&post=111400"},{"taxonomy":"post_tag","embeddable":true,"href":"https:\/\/www.24baires.com\/index.php?rest_route=%2Fwp%2Fv2%2Ftags&post=111400"}],"curies":[{"name":"wp","href":"https:\/\/api.w.org\/{rel}","templated":true}]}}