{"id":11139,"date":"2013-01-03T18:27:29","date_gmt":"2013-01-03T21:27:29","guid":{"rendered":"http:\/\/www.24baires.com\/?p=11139"},"modified":"2013-01-03T18:29:35","modified_gmt":"2013-01-03T21:29:35","slug":"por-que-no-se-escucha-la-fm-107-1-en-la-autovia-2","status":"publish","type":"post","link":"https:\/\/www.24baires.com\/?p=11139","title":{"rendered":"\u00bfPor qu\u00e9 no se escucha la FM 107.1 en la Autov\u00eda 2?"},"content":{"rendered":"<p><a href=\"http:\/\/www.24baires.com\/politica\/4522-legislador-provincial-del-fap-sera-veedor-en-las-elecciones-estadounidenses\/attachment\/farias-pablo-2\/\" rel=\"attachment wp-att-4527\"><img data-recalc-dims=\"1\" loading=\"lazy\" decoding=\"async\" class=\"alignleft size-medium wp-image-4527\" alt=\"farias pablo 2\" src=\"https:\/\/i0.wp.com\/www.24baires.com\/wp-content\/uploads\/2012\/11\/farias-pablo-2.jpg?resize=300%2C266\" width=\"300\" height=\"266\" srcset=\"https:\/\/i0.wp.com\/www.24baires.com\/wp-content\/uploads\/2012\/11\/farias-pablo-2.jpg?resize=300%2C266&amp;ssl=1 300w, https:\/\/i0.wp.com\/www.24baires.com\/wp-content\/uploads\/2012\/11\/farias-pablo-2.jpg?w=560&amp;ssl=1 560w\" sizes=\"auto, (max-width: 300px) 100vw, 300px\" \/><\/a>El diputado provincial del GEN en el Frente Amplio Progresista Pablo Far\u00edas solicit\u00f3 que el Poder Ejecutivo Provincial indique cu\u00e1les son los motivos por los que la FM 107.1, frecuencia que se utiliza para brindarle informaci\u00f3n a los usuarios de las rutas 2 y 11, dej\u00f3 de funcionar.<!--more--><\/p>\n<p>\u201cDesde hace algunos meses la emisora no se sintoniza, por ejemplo, en la Autov\u00eda 2, impidiendo que los que circulan por la mencionada v\u00eda tengan la posibilidad de conocer el estado del tr\u00e1nsito, las condiciones de manejo, la existencia de accidentes automovil\u00edsticos, la presencia de cortes por trabajos programados, y tantas otras contingencias que el servicio de radio cubr\u00eda\u201d.<\/p>\n<p>Una de las obligaciones que le corresponde a los concesionarios del Corredor Vial Integrado del Atl\u00e1ntico es la de dise\u00f1ar un sistema de informaci\u00f3n a los usuarios que les permita estar informados de la condici\u00f3n de las rutas. \u201cHasta hace un tiempo este deber de dar aviso a los usuarios sobre el estado de los caminos se cumpl\u00eda \u2013aunque no en la totalidad de la extensi\u00f3n del trazado de la ruta provincial N\u00b0 2- mediante la utilizaci\u00f3n de la frecuencia de radio FM 107.1\u201d, inform\u00f3 Pablo Far\u00edas. Y agreg\u00f3 que \u201cante el reclamo de los usuarios, venimos observando que desde hace un tiempo esta frecuencia ya no se escucha en la ruta, raz\u00f3n por la cual le pregunto al gobernador Scioli por qu\u00e9 motivos no se est\u00e1 cumpliendo con esta responsabilidad que forma parte de la seguridad vial\u201d.<\/p>\n<p>Tambi\u00e9n, el diputado del GEN manifest\u00f3 que \u201ca partir de la semana pasada los peajes que se prolongan a lo largo de las rutas que vienen hacia la costa bonaerense han incrementado su valor un 15% aproximadamente, mientras que una de las condiciones que la Ley le exige a los concesionarios para el cuidado de los viajeros no est\u00e1 funcionando. El sistema de informaci\u00f3n para usuarios es obligatorio y no se est\u00e1 cumpliendo. Si este problema persiste el concesionario est\u00e1 forzado a ofrecer alg\u00fan m\u00e9todo alternativo de informaci\u00f3n a las personas que transitan por la ruta\u201d.<\/p>\n<p>Adem\u00e1s, \u201che presentado un proyecto de declaraci\u00f3n para que la Autoridad Federal de Servicios de Comunicaci\u00f3n Audiovisual comunique las razones por los cuales se ha interrumpido el funcionamiento de la radio\u201d, asegur\u00f3 el diputado provincial del GEN Pablo Far\u00edas.<\/p>\n","protected":false},"excerpt":{"rendered":"<p>El diputado provincial del GEN en el Frente Amplio Progresista Pablo Far\u00edas solicit\u00f3 que el Poder Ejecutivo Provincial indique cu\u00e1les son los motivos por los que la FM 107.1, frecuencia que se utiliza para brindarle informaci\u00f3n a los usuarios de las rutas 2 y 11, dej\u00f3 de funcionar.<\/p>\n","protected":false},"author":4,"featured_media":0,"comment_status":"open","ping_status":"open","sticky":false,"template":"","format":"standard","meta":{"_jetpack_newsletter_access":"","_jetpack_dont_email_post_to_subs":false,"_jetpack_newsletter_tier_id":0,"_jetpack_memberships_contains_paywalled_content":false,"_jetpack_memberships_contains_paid_content":false,"footnotes":""},"categories":[1],"tags":[],"class_list":["post-11139","post","type-post","status-publish","format-standard","hentry","category-sociedad"],"jetpack_featured_media_url":"","jetpack_shortlink":"https:\/\/wp.me\/p2JWE0-2TF","jetpack-related-posts":[{"id":62408,"url":"https:\/\/www.24baires.com\/?p=62408","url_meta":{"origin":11139,"position":0},"title":"En hora pico, no se cobrar\u00e1 peaje en Samboromb\u00f3n","author":"AF","date":"28\/02\/2015","format":false,"excerpt":"La Direcci\u00f3n de Vialidad de la provincia de Buenos Aires, comunic\u00f3 que durante este fin de semana en el puente emplazado sobre el R\u00edo Salado de la Autov\u00eda 2, seguir\u00e1 habilitada provisoriamente la calzada hacia Mar del Plata para ambos sentidos de circulaci\u00f3n, ocasionando una reducci\u00f3n de calzada en aproximadamente\u2026","rel":"","context":"En \u00abSociedad\u00bb","block_context":{"text":"Sociedad","link":"https:\/\/www.24baires.com\/?cat=1"},"img":{"alt_text":"peajeruta2","src":"https:\/\/i0.wp.com\/www.24baires.com\/wp-content\/uploads\/2013\/03\/peajeruta2.jpg?resize=350%2C200","width":350,"height":200,"srcset":"https:\/\/i0.wp.com\/www.24baires.com\/wp-content\/uploads\/2013\/03\/peajeruta2.jpg?resize=350%2C200 1x, https:\/\/i0.wp.com\/www.24baires.com\/wp-content\/uploads\/2013\/03\/peajeruta2.jpg?resize=525%2C300 1.5x"},"classes":[]},{"id":61879,"url":"https:\/\/www.24baires.com\/?p=61879","url_meta":{"origin":11139,"position":1},"title":"Contin\u00faan los cruces por el estado de la Ruta 88","author":"Grupo Sierra","date":"17\/02\/2015","format":false,"excerpt":"Ciudadanos boanerenses reclaman al Gobierno provincial la creaci\u00f3n de la Autov\u00eda 88, pero el Ministro Arl\u00eda reconoci\u00f3 que no hay posibilidades de afrontar la inversi\u00f3n. Crecen las demandas de los vecinos por los numerosos accidentes por el mal estado de las rutas bonaerenses. Senadores massistas exigen la renuncia del funcionario\u2026","rel":"","context":"En \u00abProvincia\u00bb","block_context":{"text":"Provincia","link":"https:\/\/www.24baires.com\/?cat=40"},"img":{"alt_text":"Ruta-Mechongu\u00e9 88","src":"https:\/\/i0.wp.com\/www.24baires.com\/wp-content\/uploads\/2015\/02\/Ruta-Mechongu%C3%A9-88.jpg?resize=350%2C200","width":350,"height":200,"srcset":"https:\/\/i0.wp.com\/www.24baires.com\/wp-content\/uploads\/2015\/02\/Ruta-Mechongu%C3%A9-88.jpg?resize=350%2C200 1x, https:\/\/i0.wp.com\/www.24baires.com\/wp-content\/uploads\/2015\/02\/Ruta-Mechongu%C3%A9-88.jpg?resize=525%2C300 1.5x"},"classes":[]},{"id":15475,"url":"https:\/\/www.24baires.com\/?p=15475","url_meta":{"origin":11139,"position":2},"title":"Intenso flujo automovil\u00edstico desde la Costa: M\u00e1s de 2600 autos por hora","author":"Grupo Sierra","date":"12\/02\/2013","format":false,"excerpt":"El flujo vehicular que circulaba por la autov\u00eda 2 y las rutas provinciales 11 y 36 se presentaba cargado, con 2.615 autom\u00f3viles por hora que fueron contabilizados a la altura del peaje Samboromb\u00f3n. Pasadas las 17 comenz\u00f3 a incrementarse el tr\u00e1nsito y la autov\u00eda 2 ya se presentaba cargada, con\u2026","rel":"","context":"En \u00abSociedad\u00bb","block_context":{"text":"Sociedad","link":"https:\/\/www.24baires.com\/?cat=1"},"img":{"alt_text":"findelargo carnaval rutas","src":"https:\/\/i0.wp.com\/www.24baires.com\/wp-content\/uploads\/2013\/02\/findelargo-carnaval-rutas.jpg?resize=350%2C200","width":350,"height":200,"srcset":"https:\/\/i0.wp.com\/www.24baires.com\/wp-content\/uploads\/2013\/02\/findelargo-carnaval-rutas.jpg?resize=350%2C200 1x, https:\/\/i0.wp.com\/www.24baires.com\/wp-content\/uploads\/2013\/02\/findelargo-carnaval-rutas.jpg?resize=525%2C300 1.5x"},"classes":[]},{"id":1489,"url":"https:\/\/www.24baires.com\/?p=1489","url_meta":{"origin":11139,"position":3},"title":"Autonomistas de Quequ\u00e9n satisfechos por su reclamo en la Autov\u00eda 2","author":"AF","date":"09\/10\/2012","format":false,"excerpt":"Los autonomistas de Quequ\u00e9n volvieron a publicitar su reclamo para la creaci\u00f3n de un nuevo municipio y los principales receptores del pedido fueron todos los turistas que regresaban ayer de la Costa Atl\u00e1ntica, luego de pasar el fin de semana largo correspondiente al 12 de octubre. El grupo de manifestantes\u2026","rel":"","context":"En \u00abMunicipios\u00bb","block_context":{"text":"Municipios","link":"https:\/\/www.24baires.com\/?cat=44"},"img":{"alt_text":"","src":"https:\/\/i0.wp.com\/www.24baires.com\/wp-content\/uploads\/2012\/10\/autonomistasquequen.jpg?resize=350%2C200","width":350,"height":200},"classes":[]},{"id":63432,"url":"https:\/\/www.24baires.com\/?p=63432","url_meta":{"origin":11139,"position":4},"title":"Comenz\u00f3 el \u00e9xodo tur\u00edstico: m\u00e1s de 2.200 autos por hora circulan hacia la Costa","author":"GB","date":"20\/03\/2015","format":false,"excerpt":"Unos 2.200 veh\u00edculos por hora circulaban esta tarde por la autov\u00eda 2 en sentido a la Costa Atl\u00e1ntica por lo que el tr\u00e1nsito se desplazaba con normalidad y sin demoras en el inicio del fin de semana largo por los feriados del 23 y 24 de marzo, inform\u00f3 La Direcci\u00f3n\u2026","rel":"","context":"En \u00abTurismo\u00bb","block_context":{"text":"Turismo","link":"https:\/\/www.24baires.com\/?cat=69"},"img":{"alt_text":"autos finde largo junio","src":"https:\/\/i0.wp.com\/www.24baires.com\/wp-content\/uploads\/2013\/06\/autos-finde-largo-junio.jpg?resize=350%2C200","width":350,"height":200,"srcset":"https:\/\/i0.wp.com\/www.24baires.com\/wp-content\/uploads\/2013\/06\/autos-finde-largo-junio.jpg?resize=350%2C200 1x, https:\/\/i0.wp.com\/www.24baires.com\/wp-content\/uploads\/2013\/06\/autos-finde-largo-junio.jpg?resize=525%2C300 1.5x"},"classes":[]},{"id":71166,"url":"https:\/\/www.24baires.com\/?p=71166","url_meta":{"origin":11139,"position":5},"title":"Por las inundaciones, tambi\u00e9n se cerr\u00f3 la Ruta 57","author":"AF","date":"26\/08\/2015","format":false,"excerpt":"La ruta provincial 57 qued\u00f3 cerrada al tr\u00e1nsito hoy en inmediaciones de la Autov\u00eda 2 como consecuencia de las inundaciones que se registran por la crecida de la cuenca del R\u00edo Salado en el centro de la provincia de Buenos Aires y que mantienen tambi\u00e9n cerradas las rutas 41, 46\u2026","rel":"","context":"En \u00abProvincia\u00bb","block_context":{"text":"Provincia","link":"https:\/\/www.24baires.com\/?cat=40"},"img":{"alt_text":"ruta inundada","src":"https:\/\/i0.wp.com\/www.24baires.com\/wp-content\/uploads\/2015\/08\/ruta-inundada.jpg?resize=350%2C200","width":350,"height":200,"srcset":"https:\/\/i0.wp.com\/www.24baires.com\/wp-content\/uploads\/2015\/08\/ruta-inundada.jpg?resize=350%2C200 1x, https:\/\/i0.wp.com\/www.24baires.com\/wp-content\/uploads\/2015\/08\/ruta-inundada.jpg?resize=525%2C300 1.5x"},"classes":[]}],"jetpack_sharing_enabled":true,"jetpack_likes_enabled":true,"_links":{"self":[{"href":"https:\/\/www.24baires.com\/index.php?rest_route=\/wp\/v2\/posts\/11139","targetHints":{"allow":["GET"]}}],"collection":[{"href":"https:\/\/www.24baires.com\/index.php?rest_route=\/wp\/v2\/posts"}],"about":[{"href":"https:\/\/www.24baires.com\/index.php?rest_route=\/wp\/v2\/types\/post"}],"author":[{"embeddable":true,"href":"https:\/\/www.24baires.com\/index.php?rest_route=\/wp\/v2\/users\/4"}],"replies":[{"embeddable":true,"href":"https:\/\/www.24baires.com\/index.php?rest_route=%2Fwp%2Fv2%2Fcomments&post=11139"}],"version-history":[{"count":3,"href":"https:\/\/www.24baires.com\/index.php?rest_route=\/wp\/v2\/posts\/11139\/revisions"}],"predecessor-version":[{"id":11142,"href":"https:\/\/www.24baires.com\/index.php?rest_route=\/wp\/v2\/posts\/11139\/revisions\/11142"}],"wp:attachment":[{"href":"https:\/\/www.24baires.com\/index.php?rest_route=%2Fwp%2Fv2%2Fmedia&parent=11139"}],"wp:term":[{"taxonomy":"category","embeddable":true,"href":"https:\/\/www.24baires.com\/index.php?rest_route=%2Fwp%2Fv2%2Fcategories&post=11139"},{"taxonomy":"post_tag","embeddable":true,"href":"https:\/\/www.24baires.com\/index.php?rest_route=%2Fwp%2Fv2%2Ftags&post=11139"}],"curies":[{"name":"wp","href":"https:\/\/api.w.org\/{rel}","templated":true}]}}