{"id":11132,"date":"2013-01-03T17:30:34","date_gmt":"2013-01-03T20:30:34","guid":{"rendered":"http:\/\/www.24baires.com\/?p=11132"},"modified":"2013-01-03T18:21:26","modified_gmt":"2013-01-03T21:21:26","slug":"robledo-puch-el-mayor-asesino-serial-de-la-historia-de-argentina-pidio-su-libertad-condicional","status":"publish","type":"post","link":"https:\/\/www.24baires.com\/?p=11132","title":{"rendered":"Robledo Puch, el mayor asesino de la historia argentina, pidi\u00f3 su libertad condicional"},"content":{"rendered":"<p><a href=\"http:\/\/www.24baires.com\/sociedad\/11132-robledo-puch-el-mayor-asesino-serial-de-la-historia-de-argentina-pidio-su-libertad-condicional\/attachment\/robledo-puch\/\" rel=\"attachment wp-att-11133\"><img data-recalc-dims=\"1\" loading=\"lazy\" decoding=\"async\" class=\"aligncenter size-full wp-image-11133\" alt=\"Robledo Puch\" src=\"https:\/\/i0.wp.com\/www.24baires.com\/wp-content\/uploads\/2013\/01\/Robledo-Puch.jpg?resize=500%2C375\" width=\"500\" height=\"375\" srcset=\"https:\/\/i0.wp.com\/www.24baires.com\/wp-content\/uploads\/2013\/01\/Robledo-Puch.jpg?w=500&amp;ssl=1 500w, https:\/\/i0.wp.com\/www.24baires.com\/wp-content\/uploads\/2013\/01\/Robledo-Puch.jpg?resize=300%2C225&amp;ssl=1 300w\" sizes=\"auto, (max-width: 500px) 100vw, 500px\" \/><\/a><\/p>\n<p>El mayor asesino serial de la historia argentina, sentenciado a una pena de reclusi\u00f3n perpetua por m\u00e1s de una decena de homicidios, sostiene a trav\u00e9s de su defensa que la condena impuesta en su contra ya est\u00e1 agotada.<!--more--><br \/>\nCarlos Eduardo Robledo Puch, considerado el mayor asesino serial de la historia argentina y sentenciado a una pena de reclusi\u00f3n perpetua por m\u00e1s de una decena de homicidios, pidi\u00f3 la libertad condicional, al sostener que la condena impuesta en su contra ya est\u00e1 agotada.<\/p>\n<p>La defensa del \u201c\u00e1ngel de la muerte\u201d pidi\u00f3 a la Sala de feria de la C\u00e1mara en lo penal de San Isidro el otorgamiento del beneficio de la libertad condicional, al considerar que la pena de reclusi\u00f3n perpetua en su contra ya fue agotada.<\/p>\n<p>La Sala de feria que se pronunciar\u00e1 en breve ante el pedido de la defensa est\u00e1 integrada por los camaristas Luis Cayuela, Ernesto Garc\u00eda Maa\u00f1\u00f3n y Juan Eduardo Stepaniuc.<\/p>\n<p>Cabe recordar que previamente, Robledo Puch intent\u00f3 en distintas instancias acogerse al beneficio de la libertad condicional, pero ese pedido no prosper\u00f3.<\/p>\n<p>Incluso en 2009 la Sala II de Casaci\u00f3n Bonaerense no hizo lugar a un planteo similar que present\u00f3 la defensa.<\/p>\n<p>Ya en 2008, la C\u00e1mara de Apelaci\u00f3n y Garant\u00edas de San Isidro hab\u00eda rechazado otro pedido de los abogados de Robledo Puch y, en ese momento, se dispuso la negaci\u00f3n de la excarcelaci\u00f3n por sus actitudes \u201cdesidiosas y la falta de iniciativa\u201d.<\/p>\n<p>Robledo Puch fue detenido en 1972, cuando s\u00f3lo ten\u00eda 20 a\u00f1os, y en 1980 la Justicia lo conden\u00f3 a la pena de reclusi\u00f3n perpetua con accesoria de reclusi\u00f3n por tiempo indeterminado, al ser hallado culpable de 11 homicidios, 17 robos y dos abusos deshonestos.<\/p>\n<p>&nbsp;<\/p>\n<p>&nbsp;<\/p>\n<p>&nbsp;<\/p>\n<p>&nbsp;<\/p>\n<p>&nbsp;<\/p>\n<p>&nbsp;<\/p>\n<p>&nbsp;<\/p>\n<p>&nbsp;<\/p>\n<p>&nbsp;<\/p>\n<p>&nbsp;<\/p>\n<p>&nbsp;<\/p>\n<p>&nbsp;<\/p>\n<p>&nbsp;<\/p>\n<p>&nbsp;<\/p>\n<p>&nbsp;<\/p>\n<p>&nbsp;<\/p>\n<p>&nbsp;<\/p>\n<p>&nbsp;<\/p>\n<p>&nbsp;<\/p>\n<p>&nbsp;<\/p>\n<p>&nbsp;<\/p>\n<p>&nbsp;<\/p>\n<p>&nbsp;<\/p>\n<p>&nbsp;<\/p>\n<p>&nbsp;<\/p>\n<p>&nbsp;<\/p>\n","protected":false},"excerpt":{"rendered":"<p>El mayor asesino serial de la historia argentina, sentenciado a una pena de reclusi\u00f3n perpetua por m\u00e1s de una decena de homicidios, sostiene a trav\u00e9s de su defensa que la condena impuesta en su contra ya est\u00e1 agotada.<\/p>\n","protected":false},"author":4,"featured_media":0,"comment_status":"open","ping_status":"open","sticky":false,"template":"","format":"standard","meta":{"_jetpack_newsletter_access":"","_jetpack_dont_email_post_to_subs":false,"_jetpack_newsletter_tier_id":0,"_jetpack_memberships_contains_paywalled_content":false,"_jetpack_memberships_contains_paid_content":false,"footnotes":""},"categories":[1],"tags":[],"class_list":["post-11132","post","type-post","status-publish","format-standard","hentry","category-sociedad"],"jetpack_featured_media_url":"","jetpack_shortlink":"https:\/\/wp.me\/p2JWE0-2Ty","jetpack-related-posts":[{"id":35160,"url":"https:\/\/www.24baires.com\/?p=35160","url_meta":{"origin":11132,"position":0},"title":"Robledo Puch, el m\u00e1ximo asesino de la historia argentina, pidi\u00f3 la inyecci\u00f3n letal","author":"AF","date":"14\/11\/2013","format":false,"excerpt":"El m\u00e1ximo asesino de la historia criminal argentina suplic\u00f3 que le otorgaran la libertad en un escrito judicial en el que aclar\u00f3 que si la respuesta es negativa, preferir\u00eda que le apliquen \"una inyecci\u00f3n letal\". Puch contin\u00faa cumpliendo la condena de reclusi\u00f3n perpetua en la penal de Sierra Chica, lugar\u2026","rel":"","context":"En \u00abSociedad\u00bb","block_context":{"text":"Sociedad","link":"https:\/\/www.24baires.com\/?cat=1"},"img":{"alt_text":"robledo puch","src":"https:\/\/i0.wp.com\/www.24baires.com\/wp-content\/uploads\/2013\/11\/robledo-puch-300x187.jpg?resize=350%2C200","width":350,"height":200},"classes":[]},{"id":63651,"url":"https:\/\/www.24baires.com\/?p=63651","url_meta":{"origin":11132,"position":1},"title":"La Corte Suprema ratific\u00f3 que Robledo Puch contin\u00fae preso","author":"GB","date":"27\/03\/2015","format":false,"excerpt":"El m\u00e1ximo tribunal rechaz\u00f3 un recurso presentado por el mayor asesino m\u00faltiple de la historia criminal argentina, contra la sentencia que le deneg\u00f3 la libertad condicional. Los ministros Ricardo Lorenzetti, Elena Highton de Nolasco y Juan Carlos Maqueda rechazaron revisar la decisi\u00f3n de la Suprema Corte de Justicia de la\u2026","rel":"","context":"En \u00abJUDICIALES\u00bb","block_context":{"text":"JUDICIALES","link":"https:\/\/www.24baires.com\/?cat=68"},"img":{"alt_text":"robledo puch","src":"https:\/\/i0.wp.com\/www.24baires.com\/wp-content\/uploads\/2015\/03\/robledo-puch.jpg?resize=350%2C200","width":350,"height":200,"srcset":"https:\/\/i0.wp.com\/www.24baires.com\/wp-content\/uploads\/2015\/03\/robledo-puch.jpg?resize=350%2C200 1x, https:\/\/i0.wp.com\/www.24baires.com\/wp-content\/uploads\/2015\/03\/robledo-puch.jpg?resize=525%2C300 1.5x"},"classes":[]},{"id":82502,"url":"https:\/\/www.24baires.com\/?p=82502","url_meta":{"origin":11132,"position":2},"title":"Trasladan al asesino Robledo Puch para estudios m\u00e9dicos luego de 44 a\u00f1os de c\u00e1rcel","author":"AF","date":"10\/05\/2016","format":false,"excerpt":"El m\u00e1ximo asesino de la historia criminal argentina, que ya lleva 44 a\u00f1os detenido, fue trasladado desde la c\u00e1rcel de Sierra Chica escoltado por una decena de efectivos para ser sometido a estudios. Escoltado por una decena de efectivos del Servicio Penitenciario Bonaerense y de la polic\u00eda provicnial, Robledo Puch\u2026","rel":"","context":"En \u00abGeneral\u00bb","block_context":{"text":"General","link":"https:\/\/www.24baires.com\/?cat=67"},"img":{"alt_text":"robledo puch","src":"https:\/\/i0.wp.com\/www.24baires.com\/wp-content\/uploads\/2016\/05\/robledo-puch.jpg?resize=350%2C200","width":350,"height":200,"srcset":"https:\/\/i0.wp.com\/www.24baires.com\/wp-content\/uploads\/2016\/05\/robledo-puch.jpg?resize=350%2C200 1x, https:\/\/i0.wp.com\/www.24baires.com\/wp-content\/uploads\/2016\/05\/robledo-puch.jpg?resize=525%2C300 1.5x"},"classes":[]},{"id":71057,"url":"https:\/\/www.24baires.com\/?p=71057","url_meta":{"origin":11132,"position":3},"title":"La Justicia decidi\u00f3 que Robledo Puch siga preso","author":"GB","date":"24\/08\/2015","format":false,"excerpt":"La Corte Suprema rechaz\u00f3 intervenir como \"tribunal originario\" en un pedido del mayor asesino serial de la historia del pa\u00eds. \"La presentaci\u00f3n no constituye acci\u00f3n o recurso alguno que habilite la competencia ordinaria o extraordinaria de la Corte Suprema\", sostuvieron los jueces Ricardo Lorenzetti, Elena Highton de Nolasco y Juan\u2026","rel":"","context":"En \u00abJUDICIALES\u00bb","block_context":{"text":"JUDICIALES","link":"https:\/\/www.24baires.com\/?cat=68"},"img":{"alt_text":"robledo puch","src":"https:\/\/i0.wp.com\/www.24baires.com\/wp-content\/uploads\/2015\/03\/robledo-puch.jpg?resize=350%2C200","width":350,"height":200,"srcset":"https:\/\/i0.wp.com\/www.24baires.com\/wp-content\/uploads\/2015\/03\/robledo-puch.jpg?resize=350%2C200 1x, https:\/\/i0.wp.com\/www.24baires.com\/wp-content\/uploads\/2015\/03\/robledo-puch.jpg?resize=525%2C300 1.5x"},"classes":[]},{"id":41509,"url":"https:\/\/www.24baires.com\/?p=41509","url_meta":{"origin":11132,"position":4},"title":"Etchecolatz pidi\u00f3 libertad condicional y lo rechazaron","author":"Grupo Sierra","date":"04\/03\/2014","format":false,"excerpt":"La justicia federal de La Plata rechaz\u00f3 un pedido de libertad condicional que present\u00f3 el represor Miguel Etchecolatz, condenado a cadena perpetua en tres ocasiones por cr\u00edmenes de lesa humanidad durante la \u00faltima dictadura. La defensa de Etchecolatz, de 84 a\u00f1os, pidi\u00f3 ese beneficio al Tribunal Oral Federal 1 (TOF)\u2026","rel":"","context":"En \u00abJUDICIALES\u00bb","block_context":{"text":"JUDICIALES","link":"https:\/\/www.24baires.com\/?cat=68"},"img":{"alt_text":"etchecolatz","src":"https:\/\/i0.wp.com\/www.24baires.com\/wp-content\/uploads\/2014\/02\/etchecolatz.jpg?resize=350%2C200","width":350,"height":200,"srcset":"https:\/\/i0.wp.com\/www.24baires.com\/wp-content\/uploads\/2014\/02\/etchecolatz.jpg?resize=350%2C200 1x, https:\/\/i0.wp.com\/www.24baires.com\/wp-content\/uploads\/2014\/02\/etchecolatz.jpg?resize=525%2C300 1.5x"},"classes":[]},{"id":107622,"url":"https:\/\/www.24baires.com\/?p=107622","url_meta":{"origin":11132,"position":5},"title":"CNU: excarcelaron a Otero, uno de los condenados a perpetua","author":"GB","date":"11\/04\/2019","format":false,"excerpt":"Se trata de uno de los tres integrantes de la Concentraci\u00f3n Nacional Universitaria que hab\u00eda sido condenado a perpetua en 2016 por delitos de lesa humanidad. La C\u00e1mara de Casaci\u00f3n Penal dispuso la excarcelaci\u00f3n de Fernando Alberto Otero, uno de los tres integrantes de la Concentraci\u00f3n Nacional Uninersitaria (CNU) que\u2026","rel":"","context":"En \u00abMemoria\u00bb","block_context":{"text":"Memoria","link":"https:\/\/www.24baires.com\/?cat=50"},"img":{"alt_text":"","src":"https:\/\/i0.wp.com\/www.24baires.com\/wp-content\/uploads\/2017\/04\/cnu.jpg?resize=350%2C200","width":350,"height":200,"srcset":"https:\/\/i0.wp.com\/www.24baires.com\/wp-content\/uploads\/2017\/04\/cnu.jpg?resize=350%2C200 1x, https:\/\/i0.wp.com\/www.24baires.com\/wp-content\/uploads\/2017\/04\/cnu.jpg?resize=525%2C300 1.5x"},"classes":[]}],"jetpack_sharing_enabled":true,"jetpack_likes_enabled":true,"_links":{"self":[{"href":"https:\/\/www.24baires.com\/index.php?rest_route=\/wp\/v2\/posts\/11132","targetHints":{"allow":["GET"]}}],"collection":[{"href":"https:\/\/www.24baires.com\/index.php?rest_route=\/wp\/v2\/posts"}],"about":[{"href":"https:\/\/www.24baires.com\/index.php?rest_route=\/wp\/v2\/types\/post"}],"author":[{"embeddable":true,"href":"https:\/\/www.24baires.com\/index.php?rest_route=\/wp\/v2\/users\/4"}],"replies":[{"embeddable":true,"href":"https:\/\/www.24baires.com\/index.php?rest_route=%2Fwp%2Fv2%2Fcomments&post=11132"}],"version-history":[{"count":3,"href":"https:\/\/www.24baires.com\/index.php?rest_route=\/wp\/v2\/posts\/11132\/revisions"}],"predecessor-version":[{"id":11136,"href":"https:\/\/www.24baires.com\/index.php?rest_route=\/wp\/v2\/posts\/11132\/revisions\/11136"}],"wp:attachment":[{"href":"https:\/\/www.24baires.com\/index.php?rest_route=%2Fwp%2Fv2%2Fmedia&parent=11132"}],"wp:term":[{"taxonomy":"category","embeddable":true,"href":"https:\/\/www.24baires.com\/index.php?rest_route=%2Fwp%2Fv2%2Fcategories&post=11132"},{"taxonomy":"post_tag","embeddable":true,"href":"https:\/\/www.24baires.com\/index.php?rest_route=%2Fwp%2Fv2%2Ftags&post=11132"}],"curies":[{"name":"wp","href":"https:\/\/api.w.org\/{rel}","templated":true}]}}