{"id":1113,"date":"2012-10-05T18:01:19","date_gmt":"2012-10-05T21:01:19","guid":{"rendered":"http:\/\/www.24baires.com\/?p=1113"},"modified":"2012-10-06T18:06:34","modified_gmt":"2012-10-06T21:06:34","slug":"me-dijeron-que-ni-los-derechos-humanos-ni-la-presidenta-me-iban-a-salvar","status":"publish","type":"post","link":"https:\/\/www.24baires.com\/?p=1113","title":{"rendered":"\u00abMe dijeron que ni los derechos humanos ni la Presidenta me iban a salvar\u00bb"},"content":{"rendered":"<p><img data-recalc-dims=\"1\" loading=\"lazy\" decoding=\"async\" class=\"aligncenter size-full wp-image-1115\" title=\"severook\" src=\"https:\/\/i0.wp.com\/www.24baires.com\/wp-content\/uploads\/2012\/10\/severook1.jpg?resize=560%2C401\" alt=\"\" width=\"560\" height=\"401\" srcset=\"https:\/\/i0.wp.com\/www.24baires.com\/wp-content\/uploads\/2012\/10\/severook1.jpg?w=560&amp;ssl=1 560w, https:\/\/i0.wp.com\/www.24baires.com\/wp-content\/uploads\/2012\/10\/severook1.jpg?resize=300%2C214&amp;ssl=1 300w\" sizes=\"auto, (max-width: 560px) 100vw, 560px\" \/>Alfonso Severo, testigo del caso Ferreyra, dio detalles de su secuestro al declarar hoy viernes \u00a0ante la Justicia. Dijo que dos hombres lo mantuvieron cautivo en una furgoneta hasta que el jueves a la noche lo liberaron en Gerli. Ratific\u00f3 que fue golpeado y maniatado con precintos de pl\u00e1stico.<!--more--><\/p>\n<p>Severo declar\u00f3 durante unas cinco horas el Juzgado de Garant\u00edas N\u00b09, a cargo del magistrado Luis Silvio Carzoglio, donde relat\u00f3 lo ocurrido durante su desaparici\u00f3n.<\/p>\n<p>\u201cMe dijeron que me dejara de joder con el ferrocarril, que no iba a volver\u201d y \u201cque ni los derechos humanos, ni la Presidenta me iban a salvar\u201d, sostuvo en uno de los tramos de su declaraci\u00f3n.<\/p>\n<p>Severo detall\u00f3 que estuvo secuestrado en una furgoneta, acostado boca abajo, maniatado y tapado con una frazada.<\/p>\n<p>En su relato, ratific\u00f3 que el mi\u00e9rcoles por la noche dos hombres armados y encapuchados que iban en una moto le cruzaron el auto, se bajaron y lo obligaron a meterse en la camioneta. All\u00ed lo golpearon y maniataron con precintos de pl\u00e1stico.<\/p>\n<p>En ese veh\u00edculo pas\u00f3 las 24 horas de cautiverio hasta que el jueves por la noche arrancaron y lo liberaron en Gerli, seg\u00fan agreg\u00f3.<\/p>\n<p>Severo sali\u00f3 de su domicilio esta ma\u00f1ana con custodia policial y se dirigi\u00f3 al Polo Judicial de Avellaneda, dependiente del Departamento Judicial de Lomas de Zamora, ubicado en avenida Mitre al 2600 de esa ciudad bonaerense.<\/p>\n<p>Tras su aparici\u00f3n, anoche, Severo fue trasladado al hospital Finochietto de Avellaneda, donde recibi\u00f3 el alta m\u00e9dica a las 0.30 luego de ser sometido a una serie de estudios.<\/p>\n<p>El ministro de Justicia, Julio Alak, destac\u00f3 hoy la importancia de la declaraci\u00f3n p\u00fablica del testigo, que tras su liberaci\u00f3n denunci\u00f3 esta madrugada que su secuestro \u00abestaba dirigido a la Presidenta de la Naci\u00f3n\u00bb, Cristina Fern\u00e1ndez de Kirchner.<\/p>\n<p>\u00abLa aseveraci\u00f3n que hizo Severo es para investigar porque se est\u00e1 denunciando un hecho grav\u00edsimo, porque denuncia que se est\u00e1 creando una suerte de situaci\u00f3n institucional delicada para amedrentar a la Presidenta, al Gobierno y al Parlamento para que no avance en un acto decisivo como es dar por cumplido el proceso de desinversi\u00f3n que tiene que finalizar el 7 de diciembre\u00bb, apunt\u00f3 Alak.<\/p>\n<p>En el marco de una conferencia de prensa en la que denunci\u00f3 una \u00abmaniobra\u00bb del grupo Clar\u00edn en la designaci\u00f3n de un juez natural para que falle sobre la constitucionalidad de una cl\u00e1usula de la Ley de Medios, Alak agradeci\u00f3 la declaraci\u00f3n p\u00fablica del testigo en el juicio que se lleva adelante por el homicidio del militante Mariano Ferreyra.<\/p>\n<p>\u00abLe agradezco a Severo la informaci\u00f3n que proporcion\u00f3 en cuanto a que su secuestro pod\u00eda ser una manera de amedrentar a la Presidenta, que se ha caracterizado siempre por su enorme valent\u00eda que le permiti\u00f3 llevar adelante un programa de transformaci\u00f3n in\u00e9dita en Argentina junto a N\u00e9stor Kirchner\u00bb, se\u00f1al\u00f3 el ministro de Justicia.<\/p>\n","protected":false},"excerpt":{"rendered":"<p>Alfonso Severo, testigo del caso Ferreyra, dio detalles de su secuestro al declarar hoy viernes \u00a0ante la Justicia. Dijo que dos hombres lo mantuvieron cautivo en una furgoneta hasta que el jueves a la noche lo liberaron en Gerli. Ratific\u00f3 que fue golpeado y maniatado con precintos de pl\u00e1stico.<\/p>\n","protected":false},"author":4,"featured_media":0,"comment_status":"open","ping_status":"open","sticky":false,"template":"","format":"standard","meta":{"_jetpack_newsletter_access":"","_jetpack_dont_email_post_to_subs":false,"_jetpack_newsletter_tier_id":0,"_jetpack_memberships_contains_paywalled_content":false,"_jetpack_memberships_contains_paid_content":false,"footnotes":""},"categories":[1],"tags":[],"class_list":["post-1113","post","type-post","status-publish","format-standard","hentry","category-sociedad"],"jetpack_featured_media_url":"","jetpack_shortlink":"https:\/\/wp.me\/p2JWE0-hX","jetpack-related-posts":[{"id":2166,"url":"https:\/\/www.24baires.com\/?p=2166","url_meta":{"origin":1113,"position":0},"title":"El caso Severo y las complicidades peligrosas de Clar\u00edn y La Naci\u00f3n","author":"Grupo Sierra","date":"14\/10\/2012","format":false,"excerpt":"El secuestro del ex ferroviario Alfonso Severo, testigo clave en la causa que investiga a los responsables del asesinato de Mariano Ferreyra, puso al descubierto la metodolog\u00eda de la llamada \u201ccadena privada e ilegal de mentiras\u201d. La ausencia de informaci\u00f3n sobre su los hechos que derivaron en su desaparici\u00f3n y\u2026","rel":"","context":"En \u00abMedios\u00bb","block_context":{"text":"Medios","link":"https:\/\/www.24baires.com\/?cat=54"},"img":{"alt_text":"","src":"","width":0,"height":0},"classes":[]},{"id":5168,"url":"https:\/\/www.24baires.com\/?p=5168","url_meta":{"origin":1113,"position":1},"title":"Cr\u00f3nicas del horror en el \u00abCircuito Camps\u00bb","author":"Grupo Sierra","date":"12\/11\/2012","format":false,"excerpt":"Durante su alegato en el juicio que se desarrolla en La Plata, la fiscal\u00eda relat\u00f3 la serie de delitos cometidos durante la \u00faltima dictadura en los seis centros clandestinos de detenci\u00f3n que estaban al mando del genocida Ram\u00f3n Camps, ex jefe de la Polic\u00eda Bonaerense. Torturas con picana, submarinos secos,\u2026","rel":"","context":"En \u00abMemoria\u00bb","block_context":{"text":"Memoria","link":"https:\/\/www.24baires.com\/?cat=50"},"img":{"alt_text":"","src":"","width":0,"height":0},"classes":[]},{"id":103140,"url":"https:\/\/www.24baires.com\/?p=103140","url_meta":{"origin":1113,"position":2},"title":"Contin\u00faan la tensi\u00f3n en Cambiemos: ahora, Pe\u00f1a sali\u00f3 a desmentir a Carri\u00f3","author":"AF","date":"03\/07\/2018","format":false,"excerpt":"La l\u00edder de la Coalici\u00f3n C\u00edvica y ac\u00e9rrima detractora del aborto legal dijo que al Presidente lo hab\u00edan enga\u00f1ado y que por eso habilit\u00f3 el debate en Diputados. La respuesta del jefe de Gabinete. El jefe de Gabinete, Marcos Pe\u00f1a, sali\u00f3 este martes al cruce de la diputada oficialista Elisa\u2026","rel":"","context":"En \u00abPol\u00edtica\u00bb","block_context":{"text":"Pol\u00edtica","link":"https:\/\/www.24baires.com\/?cat=51"},"img":{"alt_text":"","src":"https:\/\/i0.wp.com\/www.24baires.com\/wp-content\/uploads\/2014\/04\/carri%C3%B3.jpg?resize=350%2C200","width":350,"height":200,"srcset":"https:\/\/i0.wp.com\/www.24baires.com\/wp-content\/uploads\/2014\/04\/carri%C3%B3.jpg?resize=350%2C200 1x, https:\/\/i0.wp.com\/www.24baires.com\/wp-content\/uploads\/2014\/04\/carri%C3%B3.jpg?resize=525%2C300 1.5x"},"classes":[]},{"id":44577,"url":"https:\/\/www.24baires.com\/?p=44577","url_meta":{"origin":1113,"position":3},"title":"Jury a Hooft: pidieron su destituci\u00f3n por ser \u00abfuncional a la dictadura\u00bb","author":"GB","date":"23\/04\/2014","format":false,"excerpt":"MAR DEL PLATA-Seg\u00fan la acusaci\u00f3n, el magistrado tuvo un rol central para liberar judicialmente la zona durante la \"Noche de las corbatas\". El secuestro de los laboralistas hab\u00eda generado un estado de alerta en el Colegio de Abogados, que lleg\u00f3 a pedir una entrevista con el dictador Videla. Destacaron que\u2026","rel":"","context":"En \u00abMemoria\u00bb","block_context":{"text":"Memoria","link":"https:\/\/www.24baires.com\/?cat=50"},"img":{"alt_text":"hooft","src":"https:\/\/i0.wp.com\/www.24baires.com\/wp-content\/uploads\/2014\/03\/hooft2.jpg?resize=350%2C200","width":350,"height":200,"srcset":"https:\/\/i0.wp.com\/www.24baires.com\/wp-content\/uploads\/2014\/03\/hooft2.jpg?resize=350%2C200 1x, https:\/\/i0.wp.com\/www.24baires.com\/wp-content\/uploads\/2014\/03\/hooft2.jpg?resize=525%2C300 1.5x"},"classes":[]},{"id":23737,"url":"https:\/\/www.24baires.com\/?p=23737","url_meta":{"origin":1113,"position":4},"title":"Piden avanzar en la investigaci\u00f3n de directivos de La Nueva Provincia","author":"AF","date":"17\/05\/2013","format":false,"excerpt":"Jorge Molina, ex trabajador del diario bahiense La Nueva Provincia (LNP) e integrante de la Comisi\u00f3n de Apoyo a los Juicios por Cr\u00edmenes de Lesa Humanidad de Bah\u00eda Blanca, dialog\u00f3 sobre la decisi\u00f3n del juez federal Santiago Mart\u00ednez, quien rechaz\u00f3 \"por el momento\" el pedido de indagatoria y detenci\u00f3n del\u2026","rel":"","context":"En \u00abLocales\u00bb","block_context":{"text":"Locales","link":"https:\/\/www.24baires.com\/?cat=38"},"img":{"alt_text":"","src":"","width":0,"height":0},"classes":[]},{"id":1160,"url":"https:\/\/www.24baires.com\/?p=1160","url_meta":{"origin":1113,"position":5},"title":"Ferrobaires niega haber calificado de \u00abmentiroso\u00bb a Severo","author":"AF","date":"06\/10\/2012","format":false,"excerpt":"El Gobierno bonaerense desminti\u00f3 que la empresa estatal Ferrobaires haya enviado un comunicado acusando de \u201cmentiroso\u201d al testigo Alfonso Severo, secuestrado durante 24 horas el d\u00eda en que deb\u00eda declarar en el juicio por la muerte de Mariano Ferreyra. La intervenci\u00f3n de la empresa, controlada por la Provincia desde principios\u2026","rel":"","context":"En \u00abSociedad\u00bb","block_context":{"text":"Sociedad","link":"https:\/\/www.24baires.com\/?cat=1"},"img":{"alt_text":"","src":"","width":0,"height":0},"classes":[]}],"jetpack_sharing_enabled":true,"jetpack_likes_enabled":true,"_links":{"self":[{"href":"https:\/\/www.24baires.com\/index.php?rest_route=\/wp\/v2\/posts\/1113","targetHints":{"allow":["GET"]}}],"collection":[{"href":"https:\/\/www.24baires.com\/index.php?rest_route=\/wp\/v2\/posts"}],"about":[{"href":"https:\/\/www.24baires.com\/index.php?rest_route=\/wp\/v2\/types\/post"}],"author":[{"embeddable":true,"href":"https:\/\/www.24baires.com\/index.php?rest_route=\/wp\/v2\/users\/4"}],"replies":[{"embeddable":true,"href":"https:\/\/www.24baires.com\/index.php?rest_route=%2Fwp%2Fv2%2Fcomments&post=1113"}],"version-history":[{"count":0,"href":"https:\/\/www.24baires.com\/index.php?rest_route=\/wp\/v2\/posts\/1113\/revisions"}],"wp:attachment":[{"href":"https:\/\/www.24baires.com\/index.php?rest_route=%2Fwp%2Fv2%2Fmedia&parent=1113"}],"wp:term":[{"taxonomy":"category","embeddable":true,"href":"https:\/\/www.24baires.com\/index.php?rest_route=%2Fwp%2Fv2%2Fcategories&post=1113"},{"taxonomy":"post_tag","embeddable":true,"href":"https:\/\/www.24baires.com\/index.php?rest_route=%2Fwp%2Fv2%2Ftags&post=1113"}],"curies":[{"name":"wp","href":"https:\/\/api.w.org\/{rel}","templated":true}]}}