{"id":11124,"date":"2013-01-03T17:04:19","date_gmt":"2013-01-03T20:04:19","guid":{"rendered":"http:\/\/www.24baires.com\/?p=11124"},"modified":"2013-01-03T17:04:19","modified_gmt":"2013-01-03T20:04:19","slug":"de-lucia-confirmo-que-el-14-de-enero-abriran-la-paritaria-docente","status":"publish","type":"post","link":"https:\/\/www.24baires.com\/?p=11124","title":{"rendered":"De Luc\u00eda confirm\u00f3 que el 14 de enero abrir\u00e1n la paritaria docente"},"content":{"rendered":"<p>La ministra de Educaci\u00f3n bonaerense dijo que \u201cqueremos darnos el tiempo para discutir cuestiones cualitativas y cuantitativas a nivel salarial\u201d.<!--more--><br \/>\nLa ministra de Educaci\u00f3n bonaerense, Nora De Luc\u00eda, ratific\u00f3 que la paritaria docente se abrir\u00e1, como estaba previsto, el 14 de enero y que las clases comenzar\u00e1n el 25 de febrero.<\/p>\n<p>Confirm\u00f3 \u201cnos vamos a reunir y eso va a marcar un cambio en la trayectoria de paritaria\u201d y destac\u00f3 que \u201cel gobernador con los gremios ha trabajado fuertemente con un cierre armonioso del a\u00f1o y queremos darnos el tiempo para discutir cuestiones cualitativas y cuantitativas a nivel salarial\u201d.<\/p>\n<p>&nbsp;<\/p>\n<p>&nbsp;<\/p>\n<p>&nbsp;<\/p>\n<p>&nbsp;<\/p>\n<p>&nbsp;<\/p>\n<p>&nbsp;<\/p>\n<p>&nbsp;<\/p>\n<p>&nbsp;<\/p>\n<p>&nbsp;<\/p>\n<p>&nbsp;<\/p>\n<p>&nbsp;<\/p>\n<p>&nbsp;<\/p>\n<p>&nbsp;<\/p>\n<p>&nbsp;<\/p>\n<p>&nbsp;<\/p>\n<p>&nbsp;<\/p>\n<p>&nbsp;<\/p>\n<p>&nbsp;<\/p>\n<p>&nbsp;<\/p>\n<p>&nbsp;<\/p>\n<p>&nbsp;<\/p>\n<p>&nbsp;<\/p>\n<p>&nbsp;<\/p>\n<p>&nbsp;<\/p>\n<p>&nbsp;<\/p>\n<p>&nbsp;<\/p>\n<p>&nbsp;<\/p>\n<p>&nbsp;<\/p>\n<p>&nbsp;<\/p>\n<p>&nbsp;<\/p>\n<p>&nbsp;<\/p>\n<p>&nbsp;<\/p>\n","protected":false},"excerpt":{"rendered":"<p>La ministra de Educaci\u00f3n bonaerense dijo que \u201cqueremos darnos el tiempo para discutir cuestiones cualitativas y cuantitativas a nivel salarial\u201d.<\/p>\n","protected":false},"author":4,"featured_media":0,"comment_status":"open","ping_status":"open","sticky":false,"template":"","format":"standard","meta":{"_jetpack_newsletter_access":"","_jetpack_dont_email_post_to_subs":false,"_jetpack_newsletter_tier_id":0,"_jetpack_memberships_contains_paywalled_content":false,"_jetpack_memberships_contains_paid_content":false,"footnotes":""},"categories":[1],"tags":[],"class_list":["post-11124","post","type-post","status-publish","format-standard","hentry","category-sociedad"],"jetpack_featured_media_url":"","jetpack_shortlink":"https:\/\/wp.me\/p2JWE0-2Tq","jetpack-related-posts":[{"id":59872,"url":"https:\/\/www.24baires.com\/?p=59872","url_meta":{"origin":11124,"position":0},"title":"\u201cEn Educaci\u00f3n no nos tomamos vacaciones\u201d asegur\u00f3 Nora De Luc\u00eda","author":"Grupo Sierra","date":"10\/01\/2015","format":false,"excerpt":"La directora general de Cultura y Educaci\u00f3n de la Provincia, Nora De Lucia, manifest\u00f3 su optimismo sobre el normal inicio del ciclo lectivo que tendr\u00e1 lugar el pr\u00f3ximo 2 de marzo. La titular de la cartera educativa bonaerense manifest\u00f3 por Radio Provincia su satisfacci\u00f3n por los avances en la negociaci\u00f3n\u2026","rel":"","context":"En \u00abProvincia\u00bb","block_context":{"text":"Provincia","link":"https:\/\/www.24baires.com\/?cat=40"},"img":{"alt_text":"de lucia","src":"https:\/\/i0.wp.com\/www.24baires.com\/wp-content\/uploads\/2015\/01\/de-lucia.jpg?resize=350%2C200","width":350,"height":200,"srcset":"https:\/\/i0.wp.com\/www.24baires.com\/wp-content\/uploads\/2015\/01\/de-lucia.jpg?resize=350%2C200 1x, https:\/\/i0.wp.com\/www.24baires.com\/wp-content\/uploads\/2015\/01\/de-lucia.jpg?resize=525%2C300 1.5x"},"classes":[]},{"id":58249,"url":"https:\/\/www.24baires.com\/?p=58249","url_meta":{"origin":11124,"position":1},"title":"De Luc\u00eda asegur\u00f3 que \u00abNo hay aumento definido para docentes\u00bb","author":"AF","date":"07\/12\/2014","format":false,"excerpt":"La ministra de Educaci\u00f3n bonaerense Nora de Lucia afirm\u00f3 que \"no hay porcentaje de aumento definido porque se discute en la mesa paritaria con gremios\". Adem\u00e1s, destac\u00f3 que \u201cla perspectiva es abordar la negociaci\u00f3n con el tiempo necesario para tratar todos los temas\u201d. De Luc\u00eda dijo que \u201chay tres comisiones\u2026","rel":"","context":"En \u00abSociedad\u00bb","block_context":{"text":"Sociedad","link":"https:\/\/www.24baires.com\/?cat=1"},"img":{"alt_text":"Nora-de-Lucia","src":"https:\/\/i0.wp.com\/www.24baires.com\/wp-content\/uploads\/2014\/01\/Nora-de-Lucia.jpg?resize=350%2C200","width":350,"height":200,"srcset":"https:\/\/i0.wp.com\/www.24baires.com\/wp-content\/uploads\/2014\/01\/Nora-de-Lucia.jpg?resize=350%2C200 1x, https:\/\/i0.wp.com\/www.24baires.com\/wp-content\/uploads\/2014\/01\/Nora-de-Lucia.jpg?resize=525%2C300 1.5x"},"classes":[]},{"id":113696,"url":"https:\/\/www.24baires.com\/?p=113696","url_meta":{"origin":11124,"position":2},"title":"Paritaria nacional: planean convocar a los docentes en enero","author":"GB","date":"07\/01\/2020","format":false,"excerpt":"As\u00ed lo confirm\u00f3 el ministro de Educaci\u00f3n, Nicol\u00e1s Trotta, quien asegur\u00f3 que \"est\u00e1n buscando la mejor alternativa para que los estudiantes est\u00e9n en las aulas en marzo\". El ministro de Educaci\u00f3n, Nicol\u00e1s Trotta, sostuvo que el Gobierno nacional trabaja para \"instrumentar, a mediados de este mes, la convocatoria a una\u2026","rel":"","context":"En \u00abPol\u00edtica\u00bb","block_context":{"text":"Pol\u00edtica","link":"https:\/\/www.24baires.com\/?cat=51"},"img":{"alt_text":"","src":"https:\/\/i0.wp.com\/www.24baires.com\/wp-content\/uploads\/2020\/01\/misnistro-educacion.jpg?resize=350%2C200","width":350,"height":200,"srcset":"https:\/\/i0.wp.com\/www.24baires.com\/wp-content\/uploads\/2020\/01\/misnistro-educacion.jpg?resize=350%2C200 1x, https:\/\/i0.wp.com\/www.24baires.com\/wp-content\/uploads\/2020\/01\/misnistro-educacion.jpg?resize=525%2C300 1.5x"},"classes":[]},{"id":58331,"url":"https:\/\/www.24baires.com\/?p=58331","url_meta":{"origin":11124,"position":3},"title":"La Provincia abre la paritaria salarial con docentes","author":"AF","date":"09\/12\/2014","format":false,"excerpt":"El gobierno bonaerense y los gremios docentes iniciar\u00e1n hoy la paritaria 2015 en la cual los sindicatos adelantaron su expectativa de \"ir a fondo con un planteo salarial que contemple la recuperaci\u00f3n del poder adquisitivo del haber \", mientras el gobierno provincial pretende, con la convocatoria este mes, cerrar acuerdos\u2026","rel":"","context":"En \u00abProvincia\u00bb","block_context":{"text":"Provincia","link":"https:\/\/www.24baires.com\/?cat=40"},"img":{"alt_text":"marcha docente","src":"https:\/\/i0.wp.com\/www.24baires.com\/wp-content\/uploads\/2013\/09\/marcha-docente.jpg?resize=350%2C200","width":350,"height":200,"srcset":"https:\/\/i0.wp.com\/www.24baires.com\/wp-content\/uploads\/2013\/09\/marcha-docente.jpg?resize=350%2C200 1x, https:\/\/i0.wp.com\/www.24baires.com\/wp-content\/uploads\/2013\/09\/marcha-docente.jpg?resize=525%2C300 1.5x"},"classes":[]},{"id":11712,"url":"https:\/\/www.24baires.com\/?p=11712","url_meta":{"origin":11124,"position":4},"title":"Docentes bonaerenses aseguran que no negociar\u00e1n aumentos inferiores al 21%","author":"AF","date":"10\/01\/2013","format":false,"excerpt":"La pr\u00f3xima semana los gremios docentes ser\u00e1n recibidos por las autoridades provinciales para discutir los salarios del 2013. El secretario de Interior de SUTEBA, Ra\u00fal Calamante, confirm\u00f3 que las negociaciones no podr\u00e1n encararse con un aumento inferior al 21 por ciento. El pr\u00f3ximo lunes, la ministra de Educaci\u00f3n de la\u2026","rel":"","context":"En \u00abSociedad\u00bb","block_context":{"text":"Sociedad","link":"https:\/\/www.24baires.com\/?cat=1"},"img":{"alt_text":"calamante","src":"https:\/\/i0.wp.com\/www.24baires.com\/wp-content\/uploads\/2013\/01\/calamante-214x300.jpg?resize=350%2C200","width":350,"height":200},"classes":[]},{"id":9727,"url":"https:\/\/www.24baires.com\/?p=9727","url_meta":{"origin":11124,"position":5},"title":"Otro gremio en conflicto con Scioli: ahora los trabajadores de la salud","author":"Grupo Sierra","date":"19\/12\/2012","format":false,"excerpt":"Sostienen que a diferencia de los docentes, no se comunicaron con ellos para discutir las paritarias. \u201cCuando Scioli tuvo que darnos la mala noticia del pago escalonado del aguinaldo, nos mand\u00f3 a llamar y nos recibi\u00f3 en su despacho pero en las buenas no nos tuvo en cuenta\u201d, sostuvo el\u2026","rel":"","context":"En \u00abProvincia\u00bb","block_context":{"text":"Provincia","link":"https:\/\/www.24baires.com\/?cat=40"},"img":{"alt_text":"","src":"","width":0,"height":0},"classes":[]}],"jetpack_sharing_enabled":true,"jetpack_likes_enabled":true,"_links":{"self":[{"href":"https:\/\/www.24baires.com\/index.php?rest_route=\/wp\/v2\/posts\/11124","targetHints":{"allow":["GET"]}}],"collection":[{"href":"https:\/\/www.24baires.com\/index.php?rest_route=\/wp\/v2\/posts"}],"about":[{"href":"https:\/\/www.24baires.com\/index.php?rest_route=\/wp\/v2\/types\/post"}],"author":[{"embeddable":true,"href":"https:\/\/www.24baires.com\/index.php?rest_route=\/wp\/v2\/users\/4"}],"replies":[{"embeddable":true,"href":"https:\/\/www.24baires.com\/index.php?rest_route=%2Fwp%2Fv2%2Fcomments&post=11124"}],"version-history":[{"count":2,"href":"https:\/\/www.24baires.com\/index.php?rest_route=\/wp\/v2\/posts\/11124\/revisions"}],"predecessor-version":[{"id":11126,"href":"https:\/\/www.24baires.com\/index.php?rest_route=\/wp\/v2\/posts\/11124\/revisions\/11126"}],"wp:attachment":[{"href":"https:\/\/www.24baires.com\/index.php?rest_route=%2Fwp%2Fv2%2Fmedia&parent=11124"}],"wp:term":[{"taxonomy":"category","embeddable":true,"href":"https:\/\/www.24baires.com\/index.php?rest_route=%2Fwp%2Fv2%2Fcategories&post=11124"},{"taxonomy":"post_tag","embeddable":true,"href":"https:\/\/www.24baires.com\/index.php?rest_route=%2Fwp%2Fv2%2Ftags&post=11124"}],"curies":[{"name":"wp","href":"https:\/\/api.w.org\/{rel}","templated":true}]}}