{"id":111054,"date":"2019-07-03T18:12:16","date_gmt":"2019-07-03T21:12:16","guid":{"rendered":"http:\/\/www.24baires.com\/?p=111054"},"modified":"2019-07-03T18:12:16","modified_gmt":"2019-07-03T21:12:16","slug":"nos-necesitamos","status":"publish","type":"post","link":"https:\/\/www.24baires.com\/?p=111054","title":{"rendered":"Nos necesitamos"},"content":{"rendered":"<p><img data-recalc-dims=\"1\" loading=\"lazy\" decoding=\"async\" class=\"aligncenter size-full wp-image-86398\" src=\"https:\/\/i0.wp.com\/www.24baires.com\/wp-content\/uploads\/2016\/08\/situacion-de-calle.jpg?resize=560%2C262\" alt=\"\" width=\"560\" height=\"262\" srcset=\"https:\/\/i0.wp.com\/www.24baires.com\/wp-content\/uploads\/2016\/08\/situacion-de-calle.jpg?w=560&amp;ssl=1 560w, https:\/\/i0.wp.com\/www.24baires.com\/wp-content\/uploads\/2016\/08\/situacion-de-calle.jpg?resize=300%2C140&amp;ssl=1 300w\" sizes=\"auto, (max-width: 560px) 100vw, 560px\" \/>Estos d\u00edas de fr\u00edo tienen una ambig\u00fcedad cruel: por un lado comenzamos la campa\u00f1a electoral, la esperanza est\u00e1 en marcha, tenemos la voluntad y la capacidad de devolverle la alegr\u00eda al pueblo, as\u00ed como los derechos que nos han robado, e ir por m\u00e1s. Estamos contentas y contentos, porque siempre militamos con alegr\u00eda. Y por otro lado, la realidad cotidiana, como c\u00famulo de padecimientos y desesperaciones, no se puede ignorar. Ni\u00f1os y ni\u00f1as, beb\u00e9s, hombres, mujeres, ancianos. Decenas. Cientos. Miles. No tienen nada, pero nada. Porque decir que no tienen casa es simplificarlo demasiado. No tienen, ni siquiera, la atenci\u00f3n del Estado, que ausente e insensible, observa c\u00f3mo mueren en las calles, porque es ah\u00ed donde viven. O donde sobreviv\u00edan hasta ese momento, cuando el cuerpo estragado de miseria, no aguant\u00f3 m\u00e1s.<!--more--><\/p>\n<p>Si no los viste, dej\u00e1, no los vas a ver nunca. Pero si sab\u00e9s de qu\u00e9 hablo, entender\u00e1s. Entender\u00e1s que no podemos seguir as\u00ed, que aunque vos y yo tengamos techo, comida caliente y abrigo, tambi\u00e9n podemos ser v\u00edctimas del fr\u00edo. Del otro fr\u00edo, el de la indiferencia, el que invade los cuerpos y las mentes de quienes pasan al lado de los colchones y las bolsas, de los cochecitos y la ropa amontonada, de las personas durmiendo en la vereda y no sienten nada.<\/p>\n<p>Entonces sabr\u00e1s que no alcanza con dar la ropa que no us\u00e1s y ofrecer un plato de comida caliente. Sabr\u00e1s que, adem\u00e1s, lo que tenemos que hacer es militar con todas nuestras fuerzas para que estos chetos insensibles que nos gobiernan se vayan de una vez y para siempre. Tenemos que reventar las urnas de votos para volver a tener un Estado presente, para volver a tener las herramientas necesarias para empezar a dar las respuestas y las soluciones que la gente necesita de manera imperiosa. Porque hay que empezar desde muy atr\u00e1s esta vez, la crisis brutal en la que nos sumergi\u00f3 Macri, Vidal, Arroyo y toda esa runfla es muy profunda y compleja. Hambre, desempleo, escuelas cerradas por el fr\u00edo. M\u00e1s hambre, violencia, represi\u00f3n, odio. M\u00e1s y m\u00e1s hambre. Gatillo f\u00e1cil, injusticias por doquier.<\/p>\n<p>Pero hay esperanza, porque si nos indigna y nos duele que un tipo que no conocimos muera tirado en un colch\u00f3n sucio y h\u00famedo, en una calle fr\u00eda, por ah\u00ed, es porque sentimos por el otro, por la otra, y esa es la base fundamental de la esperanza que estamos construyendo. Porque no nos vamos a quedar de brazos cruzados viendo este exterminio de pobres por goteo, porque debemos ser nosotros y nosotras quienes abracen a los que sufren, quienes trabajen en ganar las elecciones para que en diciembre asuma un gobierno popular. Tenemos la responsabilidad hist\u00f3rica, porque si entendemos la realidad y no actuamos, seremos m\u00e1s que testigos de estos cr\u00edmenes, seremos c\u00f3mplices.<\/p>\n<p>Quienes peor la pasan ya no pueden esperar, nos necesitamos. Es ahora. Es con vos, es conmigo. Es con todos, todas. Es con todes. Es en la diversidad, es con alegr\u00eda. Es cada d\u00eda, con esfuerzo, con solidaridad, con generosidad. Tenemos la fuerza para hacerlo. Y tenemos las ganas, el conocimiento y la voluntad. Arrasaremos con el desprecio de Cambiemos, voto a voto. Conquistemos corazones, hagamos comprender que nadie ser\u00e1 feliz mientras haya quienes sufran, podemos hacerlo. Y que no quepan dudas que lo vamos a lograr.<\/p>\n","protected":false},"excerpt":{"rendered":"<p>Estos d\u00edas de fr\u00edo tienen una ambig\u00fcedad cruel: por un lado comenzamos la campa\u00f1a electoral, la esperanza est\u00e1 en marcha, tenemos la voluntad y la capacidad de devolverle la alegr\u00eda al pueblo, as\u00ed como los derechos que nos han robado, e ir por m\u00e1s. Estamos contentas y contentos, porque siempre militamos con alegr\u00eda. Y por otro lado, la realidad cotidiana, [&#8230;]<\/p>\n","protected":false},"author":4,"featured_media":0,"comment_status":"open","ping_status":"open","sticky":false,"template":"","format":"standard","meta":{"_jetpack_newsletter_access":"","_jetpack_dont_email_post_to_subs":false,"_jetpack_newsletter_tier_id":0,"_jetpack_memberships_contains_paywalled_content":false,"_jetpack_memberships_contains_paid_content":false,"footnotes":""},"categories":[64],"tags":[],"class_list":["post-111054","post","type-post","status-publish","format-standard","hentry","category-opinion"],"jetpack_featured_media_url":"","jetpack_shortlink":"https:\/\/wp.me\/p2JWE0-sTc","jetpack-related-posts":[{"id":34369,"url":"https:\/\/www.24baires.com\/?p=34369","url_meta":{"origin":111054,"position":0},"title":"Se acabaron los privilegios, gan\u00f3 la Democracia","author":"AF","date":"30\/10\/2013","format":false,"excerpt":"Desde temprano arrancamos con los rumores, que si, que sal\u00eda la constitucionalidad, que sal\u00eda pero con posibles caricias a Clar\u00edn, como la de los \u201cderechos adquiridos\u201d por los cuales no deb\u00eda desinvertir. Si sal\u00eda as\u00ed era horrible, si sal\u00eda as\u00ed no sal\u00eda, perd\u00edamos la larga lucha de la democratizaci\u00f3n de\u2026","rel":"","context":"En \u00abOpini\u00f3n\u00bb","block_context":{"text":"Opini\u00f3n","link":"https:\/\/www.24baires.com\/?cat=64"},"img":{"alt_text":"ley-de-medios","src":"https:\/\/i0.wp.com\/www.24baires.com\/wp-content\/uploads\/2013\/10\/ley-de-medios.jpg?resize=350%2C200","width":350,"height":200,"srcset":"https:\/\/i0.wp.com\/www.24baires.com\/wp-content\/uploads\/2013\/10\/ley-de-medios.jpg?resize=350%2C200 1x, https:\/\/i0.wp.com\/www.24baires.com\/wp-content\/uploads\/2013\/10\/ley-de-medios.jpg?resize=525%2C300 1.5x"},"classes":[]},{"id":76379,"url":"https:\/\/www.24baires.com\/?p=76379","url_meta":{"origin":111054,"position":1},"title":"M\u00e1ximo respondi\u00f3: \u00abDe la rebeli\u00f3n fiscal pasamos a pagar impuestos con alegr\u00eda\u00bb","author":"GB","date":"14\/12\/2015","format":false,"excerpt":"El diputado del Frente para la Victoria (FpV), M\u00e1ximo Kirchner, se refiri\u00f3 a lo que dijo el presidente Mauricio Macri sobre pagar el impuesto a las ganancias con alegr\u00eda y dijo que antes llamaban a no pagarlos y hacer una rebeli\u00f3n fiscal. \"Hay varias aristas en lo de las retenciones:\u2026","rel":"","context":"En \u00abPol\u00edtica\u00bb","block_context":{"text":"Pol\u00edtica","link":"https:\/\/www.24baires.com\/?cat=51"},"img":{"alt_text":"m\u00e1ximo kirchner","src":"https:\/\/i0.wp.com\/www.24baires.com\/wp-content\/uploads\/2015\/07\/m%C3%A1ximo-kirchner.jpg?resize=350%2C200","width":350,"height":200,"srcset":"https:\/\/i0.wp.com\/www.24baires.com\/wp-content\/uploads\/2015\/07\/m%C3%A1ximo-kirchner.jpg?resize=350%2C200 1x, https:\/\/i0.wp.com\/www.24baires.com\/wp-content\/uploads\/2015\/07\/m%C3%A1ximo-kirchner.jpg?resize=525%2C300 1.5x"},"classes":[]},{"id":48775,"url":"https:\/\/www.24baires.com\/?p=48775","url_meta":{"origin":111054,"position":2},"title":"Los buitres del f\u00fatbol","author":"GB","date":"26\/06\/2014","format":false,"excerpt":"Y si se ponen contentos cuando los Fondos Buitres quieren llevarse lo tuyo, lo m\u00edo y tambi\u00e9n lo de ellos, \u00bfc\u00f3mo no van a querer que a la Selecci\u00f3n Argentina le vaya mal en Brasil? Pensalo, es l\u00f3gico. No, ya s\u00e9 que no es l\u00f3gico querer que te vaya mal,\u2026","rel":"","context":"En \u00abOpini\u00f3n\u00bb","block_context":{"text":"Opini\u00f3n","link":"https:\/\/www.24baires.com\/?cat=64"},"img":{"alt_text":"paion","src":"https:\/\/i0.wp.com\/www.24baires.com\/wp-content\/uploads\/2014\/06\/paion.jpg?resize=350%2C200","width":350,"height":200,"srcset":"https:\/\/i0.wp.com\/www.24baires.com\/wp-content\/uploads\/2014\/06\/paion.jpg?resize=350%2C200 1x, https:\/\/i0.wp.com\/www.24baires.com\/wp-content\/uploads\/2014\/06\/paion.jpg?resize=525%2C300 1.5x"},"classes":[]},{"id":61452,"url":"https:\/\/www.24baires.com\/?p=61452","url_meta":{"origin":111054,"position":3},"title":"Agarrate Catalina le puso ritmo al \u00abCarnaval de emociones\u00bb","author":"Grupo Sierra","date":"08\/02\/2015","format":false,"excerpt":"La agrupaci\u00f3n uruguaya present\u00f3 su espect\u00e1culo \"El viaje\" en la primera jornada del \u201cCarnaval de emociones\u201d en la Casa Central de la Cultura Popular de Barracas, que incluy\u00f3 murgas bolivianas, comparsas argentinas, desfiles, canto y baile. Cientos de vecinos de la villa m\u00e1s poblada de la capital desbordaron con alegr\u00eda\u2026","rel":"","context":"En \u00abEspectaculos\u00bb","block_context":{"text":"Espectaculos","link":"https:\/\/www.24baires.com\/?cat=41"},"img":{"alt_text":"agarrate catalina","src":"https:\/\/i0.wp.com\/www.24baires.com\/wp-content\/uploads\/2015\/02\/agarrate-catalina.png?resize=350%2C200","width":350,"height":200,"srcset":"https:\/\/i0.wp.com\/www.24baires.com\/wp-content\/uploads\/2015\/02\/agarrate-catalina.png?resize=350%2C200 1x, https:\/\/i0.wp.com\/www.24baires.com\/wp-content\/uploads\/2015\/02\/agarrate-catalina.png?resize=525%2C300 1.5x"},"classes":[]},{"id":67575,"url":"https:\/\/www.24baires.com\/?p=67575","url_meta":{"origin":111054,"position":4},"title":"Brito: \u00abEstamos a la altura de pelear el torneo\u00bb","author":"GB","date":"15\/06\/2015","format":false,"excerpt":"BROWN DE ADROGU\u00c9-El goleador del Tricolor celebr\u00f3 el triunfo ante Platense, en el cual cortaron una racha de siete fechas sin ganar. Brown de Adrogu\u00e9 se reencontr\u00f3 con el triunfo luego de siete fechas (cinco ca\u00eddas y dos empates) y volvi\u00f3 a prenderse en la lucha por el campeonato, ya\u2026","rel":"","context":"En \u00abDeportes\u00bb","block_context":{"text":"Deportes","link":"https:\/\/www.24baires.com\/?cat=12"},"img":{"alt_text":"brito","src":"https:\/\/i0.wp.com\/www.24baires.com\/wp-content\/uploads\/2015\/06\/brito.jpg?resize=350%2C200","width":350,"height":200,"srcset":"https:\/\/i0.wp.com\/www.24baires.com\/wp-content\/uploads\/2015\/06\/brito.jpg?resize=350%2C200 1x, https:\/\/i0.wp.com\/www.24baires.com\/wp-content\/uploads\/2015\/06\/brito.jpg?resize=525%2C300 1.5x"},"classes":[]},{"id":19222,"url":"https:\/\/www.24baires.com\/?p=19222","url_meta":{"origin":111054,"position":5},"title":"El Papa ante una multitud dijo que \u00ablos cristianos no pueden ser personas tristes\u00bb","author":"Grupo Sierra","date":"24\/03\/2013","format":false,"excerpt":"El Papa Francisco, al presidir el comienzo de Semana Santa, dijo a los fieles durante la procesi\u00f3n de las Palmas del domingo de Ramos que \"los cristianos no pueden ser personas tristes\". Francisco denunci\u00f3 los males que hay en el mundo y asegur\u00f3 que \"con Cristo se pueden vencer\", seg\u00fan\u2026","rel":"","context":"En \u00abSociedad\u00bb","block_context":{"text":"Sociedad","link":"https:\/\/www.24baires.com\/?cat=1"},"img":{"alt_text":"papa domingo ramos","src":"https:\/\/i0.wp.com\/www.24baires.com\/wp-content\/uploads\/2013\/03\/papa-domingo-ramos.jpg?resize=350%2C200","width":350,"height":200,"srcset":"https:\/\/i0.wp.com\/www.24baires.com\/wp-content\/uploads\/2013\/03\/papa-domingo-ramos.jpg?resize=350%2C200 1x, https:\/\/i0.wp.com\/www.24baires.com\/wp-content\/uploads\/2013\/03\/papa-domingo-ramos.jpg?resize=525%2C300 1.5x"},"classes":[]}],"jetpack_sharing_enabled":true,"jetpack_likes_enabled":true,"_links":{"self":[{"href":"https:\/\/www.24baires.com\/index.php?rest_route=\/wp\/v2\/posts\/111054","targetHints":{"allow":["GET"]}}],"collection":[{"href":"https:\/\/www.24baires.com\/index.php?rest_route=\/wp\/v2\/posts"}],"about":[{"href":"https:\/\/www.24baires.com\/index.php?rest_route=\/wp\/v2\/types\/post"}],"author":[{"embeddable":true,"href":"https:\/\/www.24baires.com\/index.php?rest_route=\/wp\/v2\/users\/4"}],"replies":[{"embeddable":true,"href":"https:\/\/www.24baires.com\/index.php?rest_route=%2Fwp%2Fv2%2Fcomments&post=111054"}],"version-history":[{"count":1,"href":"https:\/\/www.24baires.com\/index.php?rest_route=\/wp\/v2\/posts\/111054\/revisions"}],"predecessor-version":[{"id":111055,"href":"https:\/\/www.24baires.com\/index.php?rest_route=\/wp\/v2\/posts\/111054\/revisions\/111055"}],"wp:attachment":[{"href":"https:\/\/www.24baires.com\/index.php?rest_route=%2Fwp%2Fv2%2Fmedia&parent=111054"}],"wp:term":[{"taxonomy":"category","embeddable":true,"href":"https:\/\/www.24baires.com\/index.php?rest_route=%2Fwp%2Fv2%2Fcategories&post=111054"},{"taxonomy":"post_tag","embeddable":true,"href":"https:\/\/www.24baires.com\/index.php?rest_route=%2Fwp%2Fv2%2Ftags&post=111054"}],"curies":[{"name":"wp","href":"https:\/\/api.w.org\/{rel}","templated":true}]}}