{"id":11094,"date":"2013-01-03T13:15:12","date_gmt":"2013-01-03T16:15:12","guid":{"rendered":"http:\/\/www.24baires.com\/?p=11094"},"modified":"2013-01-03T13:46:03","modified_gmt":"2013-01-03T16:46:03","slug":"la-provincia-dispuso-acciones-preventivas-para-proteger-a-jovenes-que-veranean-solos","status":"publish","type":"post","link":"https:\/\/www.24baires.com\/?p=11094","title":{"rendered":"La Provincia dispuso acciones preventivas para proteger a j\u00f3venes que veranean solos"},"content":{"rendered":"<p>La Secretar\u00eda de Ni\u00f1ez y Adolescencia bonaerense, en el marco de los servicios al turista denominados \u201cBuenos Aires Arena\u201d, dispuso que grupos de operadores de calle, especialistas en la promoci\u00f3n y protecci\u00f3n de derechos, cumplan distintas tareas preventivas en distintos puntos de Mar del Plata y otros destinos tur\u00edsticos de la Costa Atl\u00e1ntica durante la actual temporada de verano, se inform\u00f3 oficialmente.<!--more--><\/p>\n<p>Adem\u00e1s, a trav\u00e9s del n\u00famero telef\u00f3nico 102, que es gratuito y funciona las 24 horas del d\u00eda en toda la Provincia, cualquier persona puede alertar sobre situaciones de vulneraci\u00f3n como violencia, abuso, situaci\u00f3n de calle, consumo de drogas, entre otros. En esos casos, los profesionales articulan con otros organismos para la atenci\u00f3n directa, tales como los centros de Salud m\u00e1s cercanos.<\/p>\n<p>A trav\u00e9s de este servicio telef\u00f3nico, y ante la denuncia por vulneraci\u00f3n de derechos, los especialistas se encargar\u00e1n de contactar a los padres de los j\u00f3venes que veranean solos y, de ser necesario, trabajar\u00e1 para garantizar los traslados de familiares hasta la costa y el regreso junto al joven a su lugar de origen.<\/p>\n<p>En estos casos, y hasta que pueda lograrse el reencuentro con los padres, el Servicio Zonal de Protecci\u00f3n de Derechos, dependiente de esta cartera de Ni\u00f1ez que encabeza Pablo Navarro, har\u00e1 las gestiones necesarias para garantizar lugar de abrigo, comida y contenci\u00f3n profesional.<\/p>\n<p>El operativo especial para esta temporada fue detallado por el subsecretario de Promoci\u00f3n y Protecci\u00f3n de Derechos, Sebasti\u00e1n Gastelu. Adem\u00e1s, estuvieron presentes el intendente de General Pueyrred\u00f3n, Gustavo Pulti, y la directora provincial de Programas y Promoci\u00f3n Comunitaria de esta cartera, Gladys Pestillo.<\/p>\n<p>&nbsp;<\/p>\n<p>&nbsp;<\/p>\n<p>&nbsp;<\/p>\n<p>&nbsp;<\/p>\n<p>&nbsp;<\/p>\n<p>&nbsp;<\/p>\n<p>&nbsp;<\/p>\n<p>&nbsp;<\/p>\n<p>&nbsp;<\/p>\n<p>&nbsp;<\/p>\n<p>&nbsp;<\/p>\n<p>&nbsp;<\/p>\n<p>&nbsp;<\/p>\n<p>&nbsp;<\/p>\n<p>&nbsp;<\/p>\n<p>&nbsp;<\/p>\n<p>&nbsp;<\/p>\n<p>&nbsp;<\/p>\n<p>&nbsp;<\/p>\n<p>&nbsp;<\/p>\n<p>&nbsp;<\/p>\n<p>&nbsp;<\/p>\n<p>&nbsp;<\/p>\n<p>&nbsp;<\/p>\n<p>&nbsp;<\/p>\n<p>&nbsp;<\/p>\n<p>&nbsp;<\/p>\n<p>&nbsp;<\/p>\n<p>&nbsp;<\/p>\n<p>&nbsp;<\/p>\n<p>&nbsp;<\/p>\n<p>&nbsp;<\/p>\n<p>&nbsp;<\/p>\n<p>&nbsp;<\/p>\n<p>&nbsp;<\/p>\n<p>&nbsp;<\/p>\n<p>&nbsp;<\/p>\n<p>&nbsp;<\/p>\n<p>&nbsp;<\/p>\n","protected":false},"excerpt":{"rendered":"<p>La Secretar\u00eda de Ni\u00f1ez y Adolescencia bonaerense, en el marco de los servicios al turista denominados \u201cBuenos Aires Arena\u201d, dispuso que grupos de operadores de calle, especialistas en la promoci\u00f3n y protecci\u00f3n de derechos, cumplan distintas tareas preventivas en distintos puntos de Mar del Plata y otros destinos tur\u00edsticos de la Costa Atl\u00e1ntica durante la actual temporada de verano, se [&#8230;]<\/p>\n","protected":false},"author":4,"featured_media":0,"comment_status":"open","ping_status":"open","sticky":false,"template":"","format":"standard","meta":{"_jetpack_newsletter_access":"","_jetpack_dont_email_post_to_subs":false,"_jetpack_newsletter_tier_id":0,"_jetpack_memberships_contains_paywalled_content":false,"_jetpack_memberships_contains_paid_content":false,"footnotes":""},"categories":[1],"tags":[],"class_list":["post-11094","post","type-post","status-publish","format-standard","hentry","category-sociedad"],"jetpack_featured_media_url":"","jetpack_shortlink":"https:\/\/wp.me\/p2JWE0-2SW","jetpack-related-posts":[{"id":116742,"url":"https:\/\/www.24baires.com\/?p=116742","url_meta":{"origin":11094,"position":0},"title":"Provincia exigir\u00e1 a los turistas el Certificado \u00danico para Circulaci\u00f3n","author":"AF","date":"20\/11\/2020","format":false,"excerpt":"La resoluci\u00f3n 110 publicada este viernes en el Bolet\u00edn Oficial de la provincia de Buenos Aires dispuso que las solicitudes de ingreso de los veraneantes se realizar\u00e1n a trav\u00e9s de internet y deber\u00e1n ser aprobadas por el municipio de destino. La provincia de Buenos Aires dispuso que el \u201cCertificado \u00danico\u2026","rel":"","context":"En \u00abLocales\u00bb","block_context":{"text":"Locales","link":"https:\/\/www.24baires.com\/?cat=38"},"img":{"alt_text":"","src":"https:\/\/i0.wp.com\/www.24baires.com\/wp-content\/uploads\/2015\/01\/mar-del-plata-playa.jpg?resize=350%2C200","width":350,"height":200,"srcset":"https:\/\/i0.wp.com\/www.24baires.com\/wp-content\/uploads\/2015\/01\/mar-del-plata-playa.jpg?resize=350%2C200 1x, https:\/\/i0.wp.com\/www.24baires.com\/wp-content\/uploads\/2015\/01\/mar-del-plata-playa.jpg?resize=525%2C300 1.5x"},"classes":[]},{"id":115996,"url":"https:\/\/www.24baires.com\/?p=115996","url_meta":{"origin":11094,"position":1},"title":"Desde Naci\u00f3n confirmaron que \u00abhabr\u00e1 temporada de verano\u00bb","author":"GB","date":"19\/08\/2020","format":false,"excerpt":"La secretaria de Promoci\u00f3n Tur\u00edstica se\u00f1al\u00f3 que se implementar\u00e1n protocolos a lo largo de \"toda la cadena de valor del turismo\" para ser aplicados en todo el territorio nacional. La secretaria de Promoci\u00f3n Tur\u00edstica, Yanina Martinez, ratific\u00f3 este martes que la temporada de verano se desarrollar\u00e1 en todo el pa\u00eds,\u2026","rel":"","context":"En \u00abSociedad\u00bb","block_context":{"text":"Sociedad","link":"https:\/\/www.24baires.com\/?cat=1"},"img":{"alt_text":"","src":"https:\/\/i0.wp.com\/www.24baires.com\/wp-content\/uploads\/2020\/08\/temporada.jpg?resize=350%2C200","width":350,"height":200,"srcset":"https:\/\/i0.wp.com\/www.24baires.com\/wp-content\/uploads\/2020\/08\/temporada.jpg?resize=350%2C200 1x, https:\/\/i0.wp.com\/www.24baires.com\/wp-content\/uploads\/2020\/08\/temporada.jpg?resize=525%2C300 1.5x"},"classes":[]},{"id":58944,"url":"https:\/\/www.24baires.com\/?p=58944","url_meta":{"origin":11094,"position":2},"title":"Lorenzino: \u00abcuidaremos al turista sin quitar un s\u00f3lo efectivo del conurbano\u00bb","author":"AF","date":"20\/12\/2014","format":false,"excerpt":"El diputado sciolista, Guido Lorenzino, resalt\u00f3 este s\u00e1bado las distintas acciones que el gobierno provincial despliega en el marco del Operativo Sol 2015 \u201cpara cuidar a los turistas desde el momento en que salen a las rutas, sin sacar un s\u00f3lo polic\u00eda del conurbano\u201d. Lorenzino puntualiz\u00f3 que \u201cla seguridad fue\u2026","rel":"","context":"En \u00abSociedad\u00bb","block_context":{"text":"Sociedad","link":"https:\/\/www.24baires.com\/?cat=1"},"img":{"alt_text":"Policia-Mujeres-600x329","src":"https:\/\/i0.wp.com\/www.24baires.com\/wp-content\/uploads\/2014\/11\/Policia-Mujeres-600x329.jpg?resize=350%2C200","width":350,"height":200,"srcset":"https:\/\/i0.wp.com\/www.24baires.com\/wp-content\/uploads\/2014\/11\/Policia-Mujeres-600x329.jpg?resize=350%2C200 1x, https:\/\/i0.wp.com\/www.24baires.com\/wp-content\/uploads\/2014\/11\/Policia-Mujeres-600x329.jpg?resize=525%2C300 1.5x"},"classes":[]},{"id":103618,"url":"https:\/\/www.24baires.com\/?p=103618","url_meta":{"origin":11094,"position":3},"title":"Embargo preventivo a Camioneros hasta que se defina si se le aplica la multa","author":"AF","date":"31\/07\/2018","format":false,"excerpt":"El gobierno de Mauricio Macri hab\u00eda pedido un embargo preventivo y la ejecuci\u00f3n de la multa de 810 millones de pesos que le impuso el ministerio de Trabajo a Camioneros por incumplir con la conciliaci\u00f3n obligatoria dispuesta en diciembre pasado. El juez laboral Jos\u00e9 Ignacio Ramonet hizo lugar a un\u2026","rel":"","context":"En \u00abJUDICIALES\u00bb","block_context":{"text":"JUDICIALES","link":"https:\/\/www.24baires.com\/?cat=68"},"img":{"alt_text":"","src":"https:\/\/i0.wp.com\/www.24baires.com\/wp-content\/uploads\/2018\/02\/moyano-1.jpg?resize=350%2C200","width":350,"height":200,"srcset":"https:\/\/i0.wp.com\/www.24baires.com\/wp-content\/uploads\/2018\/02\/moyano-1.jpg?resize=350%2C200 1x, https:\/\/i0.wp.com\/www.24baires.com\/wp-content\/uploads\/2018\/02\/moyano-1.jpg?resize=525%2C300 1.5x"},"classes":[]},{"id":114450,"url":"https:\/\/www.24baires.com\/?p=114450","url_meta":{"origin":11094,"position":4},"title":"El Gobierno anunci\u00f3 el aislamiento social preventivo y obligatorio hasta el 31 de marzo","author":"AF","date":"19\/03\/2020","format":false,"excerpt":"A partir de este viernes, salvo excepciones, todos los argentinos deber\u00e1n permanecer en sus casas como medida preventiva ante el avance del coronavirus. El feriado del 2 de abril se adelanta al 31 de marzo. Estar\u00e1n abiertos supermercados y farmacias. El presidente Alberto Fern\u00e1ndez se reuni\u00f3 este jueves en la\u2026","rel":"","context":"En \u00abLocales\u00bb","block_context":{"text":"Locales","link":"https:\/\/www.24baires.com\/?cat=38"},"img":{"alt_text":"","src":"https:\/\/i0.wp.com\/www.24baires.com\/wp-content\/uploads\/2020\/03\/alberto.jpg?resize=350%2C200","width":350,"height":200,"srcset":"https:\/\/i0.wp.com\/www.24baires.com\/wp-content\/uploads\/2020\/03\/alberto.jpg?resize=350%2C200 1x, https:\/\/i0.wp.com\/www.24baires.com\/wp-content\/uploads\/2020\/03\/alberto.jpg?resize=525%2C300 1.5x"},"classes":[]},{"id":116550,"url":"https:\/\/www.24baires.com\/?p=116550","url_meta":{"origin":11094,"position":5},"title":"Instalar\u00e1n 18 hospitales modulares en toda la cost para evitar desbordes en el sistema sanitario","author":"AF","date":"26\/10\/2020","format":false,"excerpt":"Se instalar\u00e1n en los principales puntos tur\u00edsticos del pa\u00eds. El anuncio lo realiz\u00f3 el ministro de Turismo y Deportes de la Naci\u00f3n, Mat\u00edas Lammens. El Gobierno Nacional instalar\u00e1 18 hospitales modulares en todo el pa\u00eds para la temporada de verano, con lo que apunta a evitar eventuales situaciones de tensi\u00f3n\u2026","rel":"","context":"En \u00abLocales\u00bb","block_context":{"text":"Locales","link":"https:\/\/www.24baires.com\/?cat=38"},"img":{"alt_text":"","src":"https:\/\/i0.wp.com\/www.24baires.com\/wp-content\/uploads\/2015\/01\/mar-del-plata-playa.jpg?resize=350%2C200","width":350,"height":200,"srcset":"https:\/\/i0.wp.com\/www.24baires.com\/wp-content\/uploads\/2015\/01\/mar-del-plata-playa.jpg?resize=350%2C200 1x, https:\/\/i0.wp.com\/www.24baires.com\/wp-content\/uploads\/2015\/01\/mar-del-plata-playa.jpg?resize=525%2C300 1.5x"},"classes":[]}],"jetpack_sharing_enabled":true,"jetpack_likes_enabled":true,"_links":{"self":[{"href":"https:\/\/www.24baires.com\/index.php?rest_route=\/wp\/v2\/posts\/11094","targetHints":{"allow":["GET"]}}],"collection":[{"href":"https:\/\/www.24baires.com\/index.php?rest_route=\/wp\/v2\/posts"}],"about":[{"href":"https:\/\/www.24baires.com\/index.php?rest_route=\/wp\/v2\/types\/post"}],"author":[{"embeddable":true,"href":"https:\/\/www.24baires.com\/index.php?rest_route=\/wp\/v2\/users\/4"}],"replies":[{"embeddable":true,"href":"https:\/\/www.24baires.com\/index.php?rest_route=%2Fwp%2Fv2%2Fcomments&post=11094"}],"version-history":[{"count":2,"href":"https:\/\/www.24baires.com\/index.php?rest_route=\/wp\/v2\/posts\/11094\/revisions"}],"predecessor-version":[{"id":11096,"href":"https:\/\/www.24baires.com\/index.php?rest_route=\/wp\/v2\/posts\/11094\/revisions\/11096"}],"wp:attachment":[{"href":"https:\/\/www.24baires.com\/index.php?rest_route=%2Fwp%2Fv2%2Fmedia&parent=11094"}],"wp:term":[{"taxonomy":"category","embeddable":true,"href":"https:\/\/www.24baires.com\/index.php?rest_route=%2Fwp%2Fv2%2Fcategories&post=11094"},{"taxonomy":"post_tag","embeddable":true,"href":"https:\/\/www.24baires.com\/index.php?rest_route=%2Fwp%2Fv2%2Ftags&post=11094"}],"curies":[{"name":"wp","href":"https:\/\/api.w.org\/{rel}","templated":true}]}}