{"id":11091,"date":"2013-01-03T13:38:58","date_gmt":"2013-01-03T16:38:58","guid":{"rendered":"http:\/\/www.24baires.com\/?p=11091"},"modified":"2013-01-03T13:38:58","modified_gmt":"2013-01-03T16:38:58","slug":"finalmente-llego-el-calor-a-la-costa-atlantica","status":"publish","type":"post","link":"https:\/\/www.24baires.com\/?p=11091","title":{"rendered":"Finalmente, lleg\u00f3 el calor a la Costa Atl\u00e1ntica"},"content":{"rendered":"<p><a href=\"http:\/\/www.24baires.com\/sociedad\/11013-auspiciosas-expectativas-en-mar-del-plata-para-la-primera-quincena-de-enero\/attachment\/mar-del-plata-primera-enero\/\" rel=\"attachment wp-att-11014\"><img data-recalc-dims=\"1\" loading=\"lazy\" decoding=\"async\" class=\"aligncenter size-full wp-image-11014\" alt=\"mar del plata primera enero\" src=\"https:\/\/i0.wp.com\/www.24baires.com\/wp-content\/uploads\/2013\/01\/mar-del-plata-primera-enero.jpg?resize=560%2C280\" width=\"560\" height=\"280\" srcset=\"https:\/\/i0.wp.com\/www.24baires.com\/wp-content\/uploads\/2013\/01\/mar-del-plata-primera-enero.jpg?w=560&amp;ssl=1 560w, https:\/\/i0.wp.com\/www.24baires.com\/wp-content\/uploads\/2013\/01\/mar-del-plata-primera-enero.jpg?resize=300%2C150&amp;ssl=1 300w\" sizes=\"auto, (max-width: 560px) 100vw, 560px\" \/><\/a>Seg\u00fan la estaci\u00f3n meteorol\u00f3gica se aguarda que con el correr de las horas las condiciones clim\u00e1ticas vayan mejorando y la temperatura ascienda hasta casi tocar los 30 grados. Esto motiv\u00f3 que muchos turistas se agolparan en los paradores playeros.<!--more--><\/p>\n<p>Aunque la temperatura pasadas las 8 rondaba los 15 grados, los turistas se apresuraron esta ma\u00f1ana a dirigirse hacia las playas, ante la aparici\u00f3n del sol y la promesa de un d\u00eda c\u00e1lido.<\/p>\n<p>El Servicio Meteorol\u00f3gico Nacional en Mar del Plata inform\u00f3 que la temperatura a las 8 era de 15,2 grados y la humedad del 78 por ciento y adelant\u00f3 que para hoy se espera una m\u00e1xima de 27 grados cent\u00edgrados.<\/p>\n<p>Seg\u00fan la estaci\u00f3n meteorol\u00f3gica se aguarda que con el correr de las horas las condiciones clim\u00e1ticas vayan mejorando y la temperatura ascienda hasta casi tocar los 30 grados.<\/p>\n<p>Aunque durante las primeras horas el sol no se hac\u00eda sentir en la ciudad, la gente iba acerc\u00e1ndose a las playas c\u00e9ntricas.<\/p>\n<p>Tambi\u00e9n sobre el corredor costero se pod\u00eda observar a cientos de personas realizando ejercicio f\u00edsico y caminando a lo largo del Boulevard Mar\u00edtimo.<\/p>\n<p>&nbsp;<\/p>\n<p>&nbsp;<\/p>\n<p>&nbsp;<\/p>\n<p>&nbsp;<\/p>\n<p>&nbsp;<\/p>\n<p>&nbsp;<\/p>\n<p>&nbsp;<\/p>\n<p>&nbsp;<\/p>\n<p>&nbsp;<\/p>\n<p>&nbsp;<\/p>\n<p>&nbsp;<\/p>\n<p>&nbsp;<\/p>\n<p>&nbsp;<\/p>\n<p>&nbsp;<\/p>\n<p>&nbsp;<\/p>\n<p>&nbsp;<\/p>\n<p>&nbsp;<\/p>\n<p>&nbsp;<\/p>\n<p>&nbsp;<\/p>\n<p>&nbsp;<\/p>\n<p>&nbsp;<\/p>\n<p>&nbsp;<\/p>\n<p>&nbsp;<\/p>\n<p>&nbsp;<\/p>\n<p>&nbsp;<\/p>\n<p>&nbsp;<\/p>\n<p>&nbsp;<\/p>\n<p>&nbsp;<\/p>\n<p>&nbsp;<\/p>\n<p>&nbsp;<\/p>\n<p>&nbsp;<\/p>\n<p>&nbsp;<\/p>\n<p>&nbsp;<\/p>\n","protected":false},"excerpt":{"rendered":"<p>Seg\u00fan la estaci\u00f3n meteorol\u00f3gica se aguarda que con el correr de las horas las condiciones clim\u00e1ticas vayan mejorando y la temperatura ascienda hasta casi tocar los 30 grados. Esto motiv\u00f3 que muchos turistas se agolparan en los paradores playeros.<\/p>\n","protected":false},"author":4,"featured_media":0,"comment_status":"open","ping_status":"open","sticky":false,"template":"","format":"standard","meta":{"_jetpack_newsletter_access":"","_jetpack_dont_email_post_to_subs":false,"_jetpack_newsletter_tier_id":0,"_jetpack_memberships_contains_paywalled_content":false,"_jetpack_memberships_contains_paid_content":false,"footnotes":""},"categories":[1],"tags":[],"class_list":["post-11091","post","type-post","status-publish","format-standard","hentry","category-sociedad"],"jetpack_featured_media_url":"","jetpack_shortlink":"https:\/\/wp.me\/p2JWE0-2ST","jetpack-related-posts":[{"id":74325,"url":"https:\/\/www.24baires.com\/?p=74325","url_meta":{"origin":11091,"position":0},"title":"Alerta meteorol\u00f3gica por tormentas fuertes en Buenos Aires y el centro del pa\u00eds","author":"AF","date":"29\/10\/2015","format":false,"excerpt":"El Servicio Meteorol\u00f3gico Nacional (SMN) actualiz\u00f3 el alerta, que ahora rige para el norte y centro de la Provincia de Buenos Aires, C\u00f3rdoba, Entre R\u00edos y centro y sur de Santa Fe. Seg\u00fan el parte del SMN, emitido pasadas las 8.00, \"en el noroeste de la provincia de Buenos aires,\u2026","rel":"","context":"En \u00abProvincia\u00bb","block_context":{"text":"Provincia","link":"https:\/\/www.24baires.com\/?cat=40"},"img":{"alt_text":"temporal","src":"https:\/\/i0.wp.com\/www.24baires.com\/wp-content\/uploads\/2012\/12\/temporal.jpg?resize=350%2C200","width":350,"height":200},"classes":[]},{"id":11798,"url":"https:\/\/www.24baires.com\/?p=11798","url_meta":{"origin":11091,"position":1},"title":"Mar del Plata vivi\u00f3 otro d\u00eda de calor, playa y sol","author":"Grupo Sierra","date":"10\/01\/2013","format":false,"excerpt":"La ciudad vivi\u00f3 hoy otro d\u00eda de calor y pleno sol, la cual es aprovechada al m\u00e1ximo por turistas y marplatenses que desde muy temprano comenzaron a llenar las distintas playas. El Servicio Meteorol\u00f3gico Nacional (SMN) inform\u00f3 que la temperatura a las 8:00 era de 20,5 grados, el cielo totalmente\u2026","rel":"","context":"En \u00abSociedad\u00bb","block_context":{"text":"Sociedad","link":"https:\/\/www.24baires.com\/?cat=1"},"img":{"alt_text":"playa_jueves10_2_33646","src":"https:\/\/i0.wp.com\/www.24baires.com\/wp-content\/uploads\/2013\/01\/playa_jueves10_2_33646.jpg?resize=350%2C200","width":350,"height":200,"srcset":"https:\/\/i0.wp.com\/www.24baires.com\/wp-content\/uploads\/2013\/01\/playa_jueves10_2_33646.jpg?resize=350%2C200 1x, https:\/\/i0.wp.com\/www.24baires.com\/wp-content\/uploads\/2013\/01\/playa_jueves10_2_33646.jpg?resize=525%2C300 1.5x"},"classes":[]},{"id":37621,"url":"https:\/\/www.24baires.com\/?p=37621","url_meta":{"origin":11091,"position":2},"title":"Con 38\u00ba de temperatura y 90% de ocupaci\u00f3n, explot\u00f3 Mar del Plata","author":"Grupo Sierra","date":"29\/12\/2013","format":false,"excerpt":"Mar del Plata tuvo la jornada m\u00e1s calurosa del a\u00f1o, con una m\u00e1xima de 38.2 grados, playas colmadas y una ocupaci\u00f3n hotelera que promedia el 90%. Hay temperaturas de m\u00e1s de 30\u00ba en gran parte del pa\u00eds. Seg\u00fan el reporte meteorol\u00f3gico la humedad fue del 28%, la presi\u00f3n de 994.2\u2026","rel":"","context":"En \u00abTurismo\u00bb","block_context":{"text":"Turismo","link":"https:\/\/www.24baires.com\/?cat=69"},"img":{"alt_text":"mdp playa","src":"https:\/\/i0.wp.com\/www.24baires.com\/wp-content\/uploads\/2013\/02\/mdp-playa.jpg?resize=350%2C200","width":350,"height":200,"srcset":"https:\/\/i0.wp.com\/www.24baires.com\/wp-content\/uploads\/2013\/02\/mdp-playa.jpg?resize=350%2C200 1x, https:\/\/i0.wp.com\/www.24baires.com\/wp-content\/uploads\/2013\/02\/mdp-playa.jpg?resize=525%2C300 1.5x"},"classes":[]},{"id":38445,"url":"https:\/\/www.24baires.com\/?p=38445","url_meta":{"origin":11091,"position":3},"title":"Vuelve la ola de calor a Mar del Plata","author":"GB","date":"13\/01\/2014","format":false,"excerpt":"La ciudad de Mar del Plata tendr\u00e1 una semana calurosa, con temperaturas de hasta 39 grados que esta previsto se registre este viernes, inform\u00f3 el Servicio Meteorol\u00f3gico Nacional. La nueva ola de calor en la ciudad arrancar\u00e1 el mi\u00e9rcoles con una m\u00ednima de 16\u00b0 y una m\u00e1xima de 32\u00b0 y\u2026","rel":"","context":"En \u00abSociedad\u00bb","block_context":{"text":"Sociedad","link":"https:\/\/www.24baires.com\/?cat=1"},"img":{"alt_text":"","src":"","width":0,"height":0},"classes":[]},{"id":93323,"url":"https:\/\/www.24baires.com\/?p=93323","url_meta":{"origin":11091,"position":4},"title":"Por el finde largo, m\u00e1s de 1500 autos circulan por hora hacia la costa","author":"GB","date":"24\/03\/2017","format":false,"excerpt":"As\u00ed lo informaron desde el peaje Samboromb\u00f3n. Los turistas viajan por la ruta 2 hacia Mar del Plata para disfrutar de la ciudad Los turistas empiezan a llegar a Mar del Plata para disfrutar del fin de semana largo por el feriado del D\u00eda de la Memoria por la Verdad\u2026","rel":"","context":"En \u00abTurismo\u00bb","block_context":{"text":"Turismo","link":"https:\/\/www.24baires.com\/?cat=69"},"img":{"alt_text":"","src":"https:\/\/i0.wp.com\/www.24baires.com\/wp-content\/uploads\/2013\/11\/regreso-autopista-300x200.jpg?resize=350%2C200","width":350,"height":200},"classes":[]},{"id":38037,"url":"https:\/\/www.24baires.com\/?p=38037","url_meta":{"origin":11091,"position":5},"title":"Mar del Plata: la temperatura super\u00f3 los 37 grados y se esperan lluvias","author":"GB","date":"06\/01\/2014","format":false,"excerpt":"Luego de varios d\u00edas de nubosidad variable, vientos y temperaturas medias, el tiempo invit\u00f3 a los turistas a las playas, no s\u00f3lo las del casco c\u00e9ntrico sino tambi\u00e9n las del norte y sur de la ciudad. Un c\u00e1lido viento del noroeste a 37 kil\u00f3metros horarios invit\u00f3 a los turistas a\u2026","rel":"","context":"En \u00abSociedad\u00bb","block_context":{"text":"Sociedad","link":"https:\/\/www.24baires.com\/?cat=1"},"img":{"alt_text":"","src":"","width":0,"height":0},"classes":[]}],"jetpack_sharing_enabled":true,"jetpack_likes_enabled":true,"_links":{"self":[{"href":"https:\/\/www.24baires.com\/index.php?rest_route=\/wp\/v2\/posts\/11091","targetHints":{"allow":["GET"]}}],"collection":[{"href":"https:\/\/www.24baires.com\/index.php?rest_route=\/wp\/v2\/posts"}],"about":[{"href":"https:\/\/www.24baires.com\/index.php?rest_route=\/wp\/v2\/types\/post"}],"author":[{"embeddable":true,"href":"https:\/\/www.24baires.com\/index.php?rest_route=\/wp\/v2\/users\/4"}],"replies":[{"embeddable":true,"href":"https:\/\/www.24baires.com\/index.php?rest_route=%2Fwp%2Fv2%2Fcomments&post=11091"}],"version-history":[{"count":2,"href":"https:\/\/www.24baires.com\/index.php?rest_route=\/wp\/v2\/posts\/11091\/revisions"}],"predecessor-version":[{"id":11093,"href":"https:\/\/www.24baires.com\/index.php?rest_route=\/wp\/v2\/posts\/11091\/revisions\/11093"}],"wp:attachment":[{"href":"https:\/\/www.24baires.com\/index.php?rest_route=%2Fwp%2Fv2%2Fmedia&parent=11091"}],"wp:term":[{"taxonomy":"category","embeddable":true,"href":"https:\/\/www.24baires.com\/index.php?rest_route=%2Fwp%2Fv2%2Fcategories&post=11091"},{"taxonomy":"post_tag","embeddable":true,"href":"https:\/\/www.24baires.com\/index.php?rest_route=%2Fwp%2Fv2%2Ftags&post=11091"}],"curies":[{"name":"wp","href":"https:\/\/api.w.org\/{rel}","templated":true}]}}