{"id":110803,"date":"2019-06-14T16:30:47","date_gmt":"2019-06-14T19:30:47","guid":{"rendered":"http:\/\/www.24baires.com\/?p=110803"},"modified":"2019-06-14T16:52:15","modified_gmt":"2019-06-14T19:52:15","slug":"aprendimos-somos-mejores","status":"publish","type":"post","link":"https:\/\/www.24baires.com\/?p=110803","title":{"rendered":"Aprendimos, somos mejores"},"content":{"rendered":"<p><img data-recalc-dims=\"1\" loading=\"lazy\" decoding=\"async\" src=\"https:\/\/i0.wp.com\/www.24baires.com\/wp-content\/uploads\/2019\/06\/alberto-cristina.jpg?resize=560%2C314\" alt=\"\" width=\"560\" height=\"314\" class=\"aligncenter size-full wp-image-110804\" srcset=\"https:\/\/i0.wp.com\/www.24baires.com\/wp-content\/uploads\/2019\/06\/alberto-cristina.jpg?w=560&amp;ssl=1 560w, https:\/\/i0.wp.com\/www.24baires.com\/wp-content\/uploads\/2019\/06\/alberto-cristina.jpg?resize=300%2C168&amp;ssl=1 300w\" sizes=\"auto, (max-width: 560px) 100vw, 560px\" \/>El oficialismo anunci\u00f3 su f\u00f3rmula presidencial y as\u00ed escupi\u00f3 el fuego inicial de la pira funeraria del frente Cambiemos. Porque hasta eso ha ca\u00eddo en desgracia: el nombre del frente, que ahora pasar\u00e1 a llamarse Juntos por el Cambio. Parecido, pero no igual. Porque el antiperonismo tradicional de la derecha olig\u00e1rquica argentina, que tan c\u00f3moda recost\u00f3 su ideolog\u00eda en este gobierno atroz, ha recibido un baldazo de agua helada: un peronista compartir\u00e1 f\u00f3rmula con Macri. Es que la imagen del Presidente est\u00e1 tan vapuleada, que en el casting para vice, varios le dieron el no. Lo han acompa\u00f1ado hasta las puertas del cementerio, pero le dan un besito y le avisan que no tienen intenci\u00f3n de seguirlo adentro.<!--more--><\/p>\n<p>El \u00fanico gusto que parecen darse en el oficialismo es humillar una vez m\u00e1s a la UCR, que no ceja en su evidente af\u00e1n autodestructivo. Y ese es el \u00fanico \u00e9xito que el partido centenario est\u00e1 obteniendo mientras sostiene la cada vez m\u00e1s endeble estructura macrista, porque desde 1983, esta es la primera vez que no hay radicales en f\u00f3rmulas presidenciales. Este barco se hunde con frenes\u00ed, y las huestes de Sanz y Cornejo ni siquiera pudieron conseguir lugares c\u00f3modos para ver el naufragio del que tambi\u00e9n ser\u00e1n protagonistas. Porque han sido parte necesaria y activa en el saqueo sistem\u00e1tico, el ajuste, el endeudamiento, el hambre. Y la Memoria de este pueblo les deparar\u00e1 el sitio que merecen.<\/p>\n<p>En realidad, que s\u00ed o s\u00ed tengan que votar a un peronista resulta el mal menor para la elite gobernante, la piedrecita en el zapato. Es apenas una incomodidad que superar\u00e1n en pos de su voracidad sin l\u00edmites, lo que no van a poder superar es la cantidad de votos que cosechar\u00e1 la f\u00f3rmula de la oposici\u00f3n: Alberto y Cristina Fern\u00e1ndez. A nadie le resulta indiferente el anclaje popular que ya se gan\u00f3 esta precandidatura, y que crece con el paso de los d\u00edas. La ex presidenta demostr\u00f3 una vez m\u00e1s ser el cuadro pol\u00edtico m\u00e1s grandioso de estos tiempos, estando siempre varios pasos por delante del resto. Su generosidad y su responsabilidad hist\u00f3rica, s\u00f3lo son comparables con el inmenso amor que ha demostrado por la Patria. Y que es rec\u00edproco, como pocas veces se ha visto en nuestra tierra. Muy, muy pocas.<\/p>\n<p>Entonces, aprendimos tanto de nuestros aciertos como de nuestros errores. Entonces somos mejores. Entonces s\u00f3lo resta ordenarse en estos d\u00edas para devolverle la esperanza a Argentina, para reconstruir un pa\u00eds arrasado por el neoliberalismo, triste, desolado. Lo mismo con la provincia de Buenos Aires, lo mismo con la ciudad de Mar del Plata: el futuro esta batiendo palmas en el patio de nuestra casa, habr\u00e1 que dejarlo entrar.<\/p>\n<p>Todav\u00eda vivimos en el infierno que el odio supo construir. Sab\u00edamos que hab\u00eda una sola manera de derrotar tanta indiferencia, tanta desconfianza, la estigmatizaci\u00f3n, el recelo, el abismo que la derecha siempre gusta construir entre pares. Porque en este desierto de desesperaci\u00f3n hemos sabido encontrarnos, abrazarnos. Organizarnos. Por eso estamos de pie, por eso podemos dar una respuesta concreta, plural, diversa, con un profundo anclaje popular, consustanciada con la realidad, producto del esfuerzo y la responsabilidad a la que no le corremos el cuerpo jam\u00e1s.<\/p>\n<p>Una vez m\u00e1s, como nos ense\u00f1aron nuestras Madres y Abuelas, del dolor, de la frustraci\u00f3n, del despojo y el desgarro, construimos amor. Y este amor es humildad, es solidaridad, es empat\u00eda, sororidad. Es fuerza, es voluntad. Este amor es lucha. Juntos, juntas, estamos construyendo la esperanza. Dej\u00e9moslo todo, entonces, por el otro, por la otra. Que no s\u00f3lo no nos han vencido, sino que adem\u00e1s venceremos.<\/p>\n","protected":false},"excerpt":{"rendered":"<p>El oficialismo anunci\u00f3 su f\u00f3rmula presidencial y as\u00ed escupi\u00f3 el fuego inicial de la pira funeraria del frente Cambiemos. Porque hasta eso ha ca\u00eddo en desgracia: el nombre del frente, que ahora pasar\u00e1 a llamarse Juntos por el Cambio. Parecido, pero no igual. Porque el antiperonismo tradicional de la derecha olig\u00e1rquica argentina, que tan c\u00f3moda recost\u00f3 su ideolog\u00eda en este [&#8230;]<\/p>\n","protected":false},"author":4,"featured_media":0,"comment_status":"open","ping_status":"open","sticky":false,"template":"","format":"standard","meta":{"_jetpack_newsletter_access":"","_jetpack_dont_email_post_to_subs":false,"_jetpack_newsletter_tier_id":0,"_jetpack_memberships_contains_paywalled_content":false,"_jetpack_memberships_contains_paid_content":false,"footnotes":""},"categories":[64],"tags":[],"class_list":["post-110803","post","type-post","status-publish","format-standard","hentry","category-opinion"],"jetpack_featured_media_url":"","jetpack_shortlink":"https:\/\/wp.me\/p2JWE0-sP9","jetpack-related-posts":[{"id":110781,"url":"https:\/\/www.24baires.com\/?p=110781","url_meta":{"origin":110803,"position":0},"title":"Vidal repite f\u00f3rmula para la gobernaci\u00f3n","author":"GB","date":"13\/06\/2019","format":false,"excerpt":"Este mi\u00e9rcoles se present\u00f3 el frente \"Juntos por el Cambio\" de la provincia de Buenos Aires. La confirmaci\u00f3n del binomio con el que la gobernadora bonaerense buscar\u00e1 la reelecci\u00f3n no gener\u00f3 ninguna sorpresa, tras el anuncio de Macri-Pichetto. El oficialismo present\u00f3 de manera formal \"Juntos por el Cambio\" en la\u2026","rel":"","context":"En \u00abPol\u00edtica\u00bb","block_context":{"text":"Pol\u00edtica","link":"https:\/\/www.24baires.com\/?cat=51"},"img":{"alt_text":"","src":"https:\/\/i0.wp.com\/www.24baires.com\/wp-content\/uploads\/2019\/03\/vidal.jpg?resize=350%2C200","width":350,"height":200,"srcset":"https:\/\/i0.wp.com\/www.24baires.com\/wp-content\/uploads\/2019\/03\/vidal.jpg?resize=350%2C200 1x, https:\/\/i0.wp.com\/www.24baires.com\/wp-content\/uploads\/2019\/03\/vidal.jpg?resize=525%2C300 1.5x"},"classes":[]},{"id":110906,"url":"https:\/\/www.24baires.com\/?p=110906","url_meta":{"origin":110803,"position":1},"title":"Estos son los candidatos y candidatas para la presidencia y Provincia","author":"GB","date":"24\/06\/2019","format":false,"excerpt":"Con el cierre de listas, se termin\u00f3 el misterio y tanto el oficialismo como los distintos espacios de la oposici\u00f3n tendr\u00e1n a sus candidatos y candidatas en la boleta. La carrera por la presidencia y la gobernaci\u00f3n, ya empez\u00f3. Con el cierre de listas de este s\u00e1bado, la ciudadan\u00eda ya\u2026","rel":"","context":"En \u00abElecciones\u00bb","block_context":{"text":"Elecciones","link":"https:\/\/www.24baires.com\/?cat=316"},"img":{"alt_text":"","src":"https:\/\/i0.wp.com\/www.24baires.com\/wp-content\/uploads\/2013\/08\/urna3.jpg?resize=350%2C200","width":350,"height":200,"srcset":"https:\/\/i0.wp.com\/www.24baires.com\/wp-content\/uploads\/2013\/08\/urna3.jpg?resize=350%2C200 1x, https:\/\/i0.wp.com\/www.24baires.com\/wp-content\/uploads\/2013\/08\/urna3.jpg?resize=525%2C300 1.5x"},"classes":[]},{"id":111857,"url":"https:\/\/www.24baires.com\/?p=111857","url_meta":{"origin":110803,"position":2},"title":"El escrutinio definitivo revel\u00f3 que Alberto Fern\u00e1ndez obtuvo 4 millones m\u00e1s de votos que Macri","author":"AF","date":"29\/08\/2019","format":false,"excerpt":"Finaliz\u00f3 el escrutinio definitivo de la provincia de Buenos Aires, el \u00faltimo distrito que faltaba: el resultado estir\u00f3 la ventaja de los candidatos del Frente de Todos (FdT) sobre los oficialistas de Juntos por el Cambio. La f\u00f3rmula Alberto Fern\u00e1ndez - Cristina Fern\u00e1ndez de Kirchner alcanz\u00f3 los 12.204.770 de votos,\u2026","rel":"","context":"En \u00abPol\u00edtica\u00bb","block_context":{"text":"Pol\u00edtica","link":"https:\/\/www.24baires.com\/?cat=51"},"img":{"alt_text":"","src":"https:\/\/i0.wp.com\/www.24baires.com\/wp-content\/uploads\/2019\/08\/fern%C3%A1ndez-alberto-macri.jpg?resize=350%2C200","width":350,"height":200,"srcset":"https:\/\/i0.wp.com\/www.24baires.com\/wp-content\/uploads\/2019\/08\/fern%C3%A1ndez-alberto-macri.jpg?resize=350%2C200 1x, https:\/\/i0.wp.com\/www.24baires.com\/wp-content\/uploads\/2019\/08\/fern%C3%A1ndez-alberto-macri.jpg?resize=525%2C300 1.5x"},"classes":[]},{"id":110766,"url":"https:\/\/www.24baires.com\/?p=110766","url_meta":{"origin":110803,"position":3},"title":"\u00abCambiemos\u00bb pasa a llamarse \u00abJuntos por el cambio\u00bb","author":"AF","date":"12\/06\/2019","format":false,"excerpt":"Tras anunciar el acuerdo con Miguel Pichetto para que acompa\u00f1e a Mauricio Macri en la f\u00f3rmula presidencial, el oficialismo realiz\u00f3 una lavada de cara al m\u00e1rketing electoral. Con la necesidad de reinventarse de cara a las presidenciales de 2019, el Gobierno confirm\u00f3 que \"Juntos por el Cambio\" ser\u00e1 el nombre\u2026","rel":"","context":"En \u00abPol\u00edtica\u00bb","block_context":{"text":"Pol\u00edtica","link":"https:\/\/www.24baires.com\/?cat=51"},"img":{"alt_text":"","src":"https:\/\/i0.wp.com\/www.24baires.com\/wp-content\/uploads\/2019\/03\/MACRI-CONGRESO.png?resize=350%2C200","width":350,"height":200,"srcset":"https:\/\/i0.wp.com\/www.24baires.com\/wp-content\/uploads\/2019\/03\/MACRI-CONGRESO.png?resize=350%2C200 1x, https:\/\/i0.wp.com\/www.24baires.com\/wp-content\/uploads\/2019\/03\/MACRI-CONGRESO.png?resize=525%2C300 1.5x"},"classes":[]},{"id":112716,"url":"https:\/\/www.24baires.com\/?p=112716","url_meta":{"origin":110803,"position":4},"title":"Alberto Fern\u00e1ndez es el nuevo presidente y Axel Kicillof el nuevo gobernador bonaerense","author":"GB","date":"27\/10\/2019","format":false,"excerpt":"Con los primeros resultados oficiales, se reafirma los votos de las PASO, en donde el Frente de Todos se alz\u00f3 por encima del oficialismo tanto en naci\u00f3n como en provincia. Los primeros resultados oficiales marcan una tendencia irreversible y la f\u00f3rmula Alberto Fern\u00e1ndez- Cristina Fern\u00e1ndez de Kirchner se constituye como\u2026","rel":"","context":"En \u00abELECCIONES 2019\u00bb","block_context":{"text":"ELECCIONES 2019","link":"https:\/\/www.24baires.com\/?cat=329"},"img":{"alt_text":"","src":"https:\/\/i0.wp.com\/www.24baires.com\/wp-content\/uploads\/2019\/10\/axel-alberto.jpg?resize=350%2C200","width":350,"height":200,"srcset":"https:\/\/i0.wp.com\/www.24baires.com\/wp-content\/uploads\/2019\/10\/axel-alberto.jpg?resize=350%2C200 1x, https:\/\/i0.wp.com\/www.24baires.com\/wp-content\/uploads\/2019\/10\/axel-alberto.jpg?resize=525%2C300 1.5x"},"classes":[]},{"id":110904,"url":"https:\/\/www.24baires.com\/?p=110904","url_meta":{"origin":110803,"position":5},"title":"Una encuesta da ganadora a la f\u00f3rmula Alberto-Cristina en primera vuelta","author":"AF","date":"23\/06\/2019","format":false,"excerpt":"El 73% de los consultados rechaza la pol\u00edtica econ\u00f3mica del gobierno nacional. Lavagna pierde muchos votos ante una polarizaci\u00f3n que parece inevitable. Con el cierre de listas ya concretado y la carrera presidencial lanzada, una encuesta que se dio a conocer este domingo parece reafirmar las posibilidades de que el\u2026","rel":"","context":"En \u00abPol\u00edtica\u00bb","block_context":{"text":"Pol\u00edtica","link":"https:\/\/www.24baires.com\/?cat=51"},"img":{"alt_text":"","src":"https:\/\/i0.wp.com\/www.24baires.com\/wp-content\/uploads\/2019\/05\/alberto-cristina-fernandez-merlo.jpg?resize=350%2C200","width":350,"height":200,"srcset":"https:\/\/i0.wp.com\/www.24baires.com\/wp-content\/uploads\/2019\/05\/alberto-cristina-fernandez-merlo.jpg?resize=350%2C200 1x, https:\/\/i0.wp.com\/www.24baires.com\/wp-content\/uploads\/2019\/05\/alberto-cristina-fernandez-merlo.jpg?resize=525%2C300 1.5x"},"classes":[]}],"jetpack_sharing_enabled":true,"jetpack_likes_enabled":true,"_links":{"self":[{"href":"https:\/\/www.24baires.com\/index.php?rest_route=\/wp\/v2\/posts\/110803","targetHints":{"allow":["GET"]}}],"collection":[{"href":"https:\/\/www.24baires.com\/index.php?rest_route=\/wp\/v2\/posts"}],"about":[{"href":"https:\/\/www.24baires.com\/index.php?rest_route=\/wp\/v2\/types\/post"}],"author":[{"embeddable":true,"href":"https:\/\/www.24baires.com\/index.php?rest_route=\/wp\/v2\/users\/4"}],"replies":[{"embeddable":true,"href":"https:\/\/www.24baires.com\/index.php?rest_route=%2Fwp%2Fv2%2Fcomments&post=110803"}],"version-history":[{"count":1,"href":"https:\/\/www.24baires.com\/index.php?rest_route=\/wp\/v2\/posts\/110803\/revisions"}],"predecessor-version":[{"id":110805,"href":"https:\/\/www.24baires.com\/index.php?rest_route=\/wp\/v2\/posts\/110803\/revisions\/110805"}],"wp:attachment":[{"href":"https:\/\/www.24baires.com\/index.php?rest_route=%2Fwp%2Fv2%2Fmedia&parent=110803"}],"wp:term":[{"taxonomy":"category","embeddable":true,"href":"https:\/\/www.24baires.com\/index.php?rest_route=%2Fwp%2Fv2%2Fcategories&post=110803"},{"taxonomy":"post_tag","embeddable":true,"href":"https:\/\/www.24baires.com\/index.php?rest_route=%2Fwp%2Fv2%2Ftags&post=110803"}],"curies":[{"name":"wp","href":"https:\/\/api.w.org\/{rel}","templated":true}]}}