{"id":11074,"date":"2013-01-03T11:25:40","date_gmt":"2013-01-03T14:25:40","guid":{"rendered":"http:\/\/www.24baires.com\/?p=11074"},"modified":"2013-01-03T11:25:40","modified_gmt":"2013-01-03T14:25:40","slug":"preocupa-el-constante-robo-de-senales-de-transito-en-rutas-bonaerenses","status":"publish","type":"post","link":"https:\/\/www.24baires.com\/?p=11074","title":{"rendered":"Preocupa el constante robo de se\u00f1ales de tr\u00e1nsito en rutas bonaerenses"},"content":{"rendered":"<p>\u00abEs prioridad dar una mayor seguridad en la transitabilidad de nuestras rutas pero tambi\u00e9n necesitamos la colaboraci\u00f3n de los usuarios\u201d, se\u00f1al\u00f3 el ministro de Infraestructura, Alejandro Arl\u00eda al informar que el robo y da\u00f1o de las se\u00f1ales de tr\u00e1nsito en rutas provinciales y calles urbanas se increment\u00f3 considerablemente.<!--more--><\/p>\n<p>\u00abSon utilizadas como elementos decorativos en habitaciones, jardines, parques y tambi\u00e9n para la venta y cada cartel le cuesta a la Direcci\u00f3n de Vialidad de la provincia de Buenos Aires \u2013aproximadamente\u2013 1200 pesos\u00bb afirm\u00f3 Arl\u00eda.<br \/>\nPor su parte, el administrador general de la Direcci\u00f3n de Vialidad, Ricardo Curetti, inform\u00f3 al respecto que \u201ceste problema amenaza la seguridad vial de nuestras rutas\u201d y remarc\u00f3 que \u201cse est\u00e1 haciendo un esfuerzo enorme y que recientemente se generaron licitaciones 24 millones de pesos para se\u00f1alizaci\u00f3n horizontal y vertical\u201d.<br \/>\nCuretti llam\u00f3 a la responsabilidad social y asegur\u00f3 que \u201cla denuncia por parte de los conductores es esencial para resolver esa falencia y evitar as\u00ed cualquier tipo de accidente\u201d y explic\u00f3 que \u201cpara el conductor que mantiene una determinada velocidad en una recta, la se\u00f1al de curva es vital para evitar un accidente. Por eso le pedimos a la gente que ante cualquier observaci\u00f3n de este tipo genere la denuncia en la Direcci\u00f3n de Vialidad, en la polic\u00eda local o llamando al 911\u201d expres\u00f3 el funcionario.<br \/>\nEl robo de se\u00f1al\u00e9tica es una pr\u00e1ctica que aumenta diariamente y que inclusive se profesionaliz\u00f3, debido a que en los lugares en donde se producen los robos no queda rastro alguno, excepto el pozo en la tierra en donde estaba montado el pilote que supo sostener la se\u00f1al.<br \/>\nDesde los diferentes Departamentos Zonales \u2013que dependen de la Direcci\u00f3n de Vialidad provincial\u2013 comunican diariamente el faltante de se\u00f1ales de tr\u00e1nsito. En el ranking de los da\u00f1os y robos de se\u00f1ales de tr\u00e1nsito que se suceden por d\u00eda se encuentran la pr\u00e1ctica de tiro al blanco, y la sustracci\u00f3n de carteler\u00eda para el uso en automotores, casas, corrales de animales y muebler\u00eda.<br \/>\nAsimismo, es habitual el robo de carteles que indican velocidades m\u00e1ximas en zonas de radares. Luego este faltante es utilizado como argumento para solicitar la nulidad de multas labradas por exceso de velocidad.<br \/>\nLas se\u00f1ales de tr\u00e1nsito cumplen un rol fundamental para la convivencia y la seguridad vial, estas indican las normas que se deben cumplir como conductores, anticipan maniobras e informan sobre cruces o curvas peligrosas para evitar accidentes; la falta de una se\u00f1al puede ser muy riesgoso para un conductor e incluso para el peat\u00f3n.<\/p>\n","protected":false},"excerpt":{"rendered":"<p>\u00abEs prioridad dar una mayor seguridad en la transitabilidad de nuestras rutas pero tambi\u00e9n necesitamos la colaboraci\u00f3n de los usuarios\u201d, se\u00f1al\u00f3 el ministro de Infraestructura, Alejandro Arl\u00eda al informar que el robo y da\u00f1o de las se\u00f1ales de tr\u00e1nsito en rutas provinciales y calles urbanas se increment\u00f3 considerablemente.<\/p>\n","protected":false},"author":4,"featured_media":0,"comment_status":"open","ping_status":"open","sticky":false,"template":"","format":"standard","meta":{"_jetpack_newsletter_access":"","_jetpack_dont_email_post_to_subs":false,"_jetpack_newsletter_tier_id":0,"_jetpack_memberships_contains_paywalled_content":false,"_jetpack_memberships_contains_paid_content":false,"footnotes":""},"categories":[1],"tags":[],"class_list":["post-11074","post","type-post","status-publish","format-standard","hentry","category-sociedad"],"jetpack_featured_media_url":"","jetpack_shortlink":"https:\/\/wp.me\/p2JWE0-2SC","jetpack-related-posts":[{"id":42175,"url":"https:\/\/www.24baires.com\/?p=42175","url_meta":{"origin":11074,"position":0},"title":"Anuncian en Ca\u00f1uelas mejoras en las obras de la Autov\u00eda 6","author":"Grupo Sierra","date":"15\/03\/2014","format":false,"excerpt":"\"Por pedido del Gobernador Scioli y del Ministro Alejandro Arl\u00eda monitoreamos permanentemente estas obras que se convierten hoy en el cuarto anillo de circunvalaci\u00f3n al gran Buenos Aires\" se\u00f1al\u00f3 la administradora general de la Direcci\u00f3n de Vialidad, Patricia Tombesi. Con el objetivo de informar los avances de la obra \"Rehabilitaci\u00f3n\u2026","rel":"","context":"En \u00abLocales\u00bb","block_context":{"text":"Locales","link":"https:\/\/www.24baires.com\/?cat=38"},"img":{"alt_text":"ruta 6","src":"https:\/\/i0.wp.com\/www.24baires.com\/wp-content\/uploads\/2013\/04\/ruta-6.jpg?resize=350%2C200","width":350,"height":200,"srcset":"https:\/\/i0.wp.com\/www.24baires.com\/wp-content\/uploads\/2013\/04\/ruta-6.jpg?resize=350%2C200 1x, https:\/\/i0.wp.com\/www.24baires.com\/wp-content\/uploads\/2013\/04\/ruta-6.jpg?resize=525%2C300 1.5x"},"classes":[]},{"id":65014,"url":"https:\/\/www.24baires.com\/?p=65014","url_meta":{"origin":11074,"position":1},"title":"Habilitaron el puente emplazado sobre el R\u00edo Salado para tr\u00e1nsito liviano","author":"AF","date":"28\/04\/2015","format":false,"excerpt":"La Direcci\u00f3n de Vialidad, dependiente de Infraestructura, inform\u00f3 que se habilit\u00f3 en ambos sentidos s\u00f3lo para tr\u00e1nsito liviano el puente emplazado sobre el R\u00edo Salado en la Ruta 29, entre los partidos de General Paz y General Belgrano. Mientras se finalizan las obras, queda restringida la circulaci\u00f3n del tr\u00e1nsito pesado,\u2026","rel":"","context":"En \u00abLocales\u00bb","block_context":{"text":"Locales","link":"https:\/\/www.24baires.com\/?cat=38"},"img":{"alt_text":"","src":"","width":0,"height":0},"classes":[]},{"id":48609,"url":"https:\/\/www.24baires.com\/?p=48609","url_meta":{"origin":11074,"position":2},"title":"Anuncian la repavimentaci\u00f3n de la Ruta 67","author":"AF","date":"24\/06\/2014","format":false,"excerpt":"En el marco del plan intensivo de inversiones en materia vial que lleva adelante el gobierno bonaerense, la administradora de Vialidad, Patricia Tombesi, licit\u00f3 este lunes en el distrito de Saavedra trabajos viales por m\u00e1s de 84 millones de pesos. Se trata de la obra \u201crepavimentaci\u00f3n y ensanche de la\u2026","rel":"","context":"En \u00abLocales\u00bb","block_context":{"text":"Locales","link":"https:\/\/www.24baires.com\/?cat=38"},"img":{"alt_text":"ruta 80","src":"https:\/\/i0.wp.com\/www.24baires.com\/wp-content\/uploads\/2013\/07\/ruta-80.jpg?resize=350%2C200","width":350,"height":200,"srcset":"https:\/\/i0.wp.com\/www.24baires.com\/wp-content\/uploads\/2013\/07\/ruta-80.jpg?resize=350%2C200 1x, https:\/\/i0.wp.com\/www.24baires.com\/wp-content\/uploads\/2013\/07\/ruta-80.jpg?resize=525%2C300 1.5x"},"classes":[]},{"id":5238,"url":"https:\/\/www.24baires.com\/?p=5238","url_meta":{"origin":11074,"position":3},"title":"La Provincia realiza fuerte operativo de control de peso y dimensiones en rutas","author":"AF","date":"13\/11\/2012","format":false,"excerpt":"El ministro de Infraestructura, Alejandro Arl\u00eda supervis\u00f3 los controles de pesos y dimensiones del transporte automotor de cargas, que se est\u00e1n realizando en diferentes puntos estrat\u00e9gicos de la provincia de Buenos Aires, acompa\u00f1ado por la subsecretaria de Obras P\u00fablicas, Patricia Tombesi, y por el administrador general de Vialidad, Ricardo Curetti.\u2026","rel":"","context":"En \u00abProvincia\u00bb","block_context":{"text":"Provincia","link":"https:\/\/www.24baires.com\/?cat=40"},"img":{"alt_text":"","src":"https:\/\/i0.wp.com\/www.24baires.com\/wp-content\/uploads\/2012\/11\/201211121752400.DSC_6042-300x199.jpg?resize=350%2C200","width":350,"height":200},"classes":[]},{"id":39763,"url":"https:\/\/www.24baires.com\/?p=39763","url_meta":{"origin":11074,"position":4},"title":"El Ministerio de Infraestructura tambi\u00e9n envi\u00f3 asistencia a las zonas afectadas por el temporal","author":"GB","date":"03\/02\/2014","format":false,"excerpt":"La Direcci\u00f3n de Vialidad de la provincia de Buenos Aires, est\u00e1 prestando colaboraci\u00f3n y asistencia t\u00e9cnica a las zonas del norte provincial que se ven seriamente afectadas por las recientes lluvias. La administradora general de Vialidad, Patricia Tombesi manifest\u00f3 \u201cque el ministro Arl\u00eda instruy\u00f3 que nuestra prioridad sea mantener la\u2026","rel":"","context":"En \u00abPol\u00edtica\u00bb","block_context":{"text":"Pol\u00edtica","link":"https:\/\/www.24baires.com\/?cat=51"},"img":{"alt_text":"","src":"","width":0,"height":0},"classes":[]},{"id":7442,"url":"https:\/\/www.24baires.com\/?p=7442","url_meta":{"origin":11074,"position":5},"title":"Comienza nueva etapa de pesaje de camiones en rutas bonaerenses","author":"AF","date":"01\/12\/2012","format":false,"excerpt":"En el marco del Plan Integral de Conservaci\u00f3n y Mantenimiento de las rutas provinciales, el ministro Alejandro Arl\u00eda supervisar\u00e1 la semana pr\u00f3xima la tercera etapa de pesaje de camiones en las rutas de la Provincia, que se llevar\u00e1 a cabo con la misma metodolog\u00eda que en los operativos anteriores. Al\u2026","rel":"","context":"En \u00abProvincia\u00bb","block_context":{"text":"Provincia","link":"https:\/\/www.24baires.com\/?cat=40"},"img":{"alt_text":"","src":"https:\/\/i0.wp.com\/www.24baires.com\/wp-content\/uploads\/2012\/12\/pesaje-camiones.png?resize=350%2C200","width":350,"height":200},"classes":[]}],"jetpack_sharing_enabled":true,"jetpack_likes_enabled":true,"_links":{"self":[{"href":"https:\/\/www.24baires.com\/index.php?rest_route=\/wp\/v2\/posts\/11074","targetHints":{"allow":["GET"]}}],"collection":[{"href":"https:\/\/www.24baires.com\/index.php?rest_route=\/wp\/v2\/posts"}],"about":[{"href":"https:\/\/www.24baires.com\/index.php?rest_route=\/wp\/v2\/types\/post"}],"author":[{"embeddable":true,"href":"https:\/\/www.24baires.com\/index.php?rest_route=\/wp\/v2\/users\/4"}],"replies":[{"embeddable":true,"href":"https:\/\/www.24baires.com\/index.php?rest_route=%2Fwp%2Fv2%2Fcomments&post=11074"}],"version-history":[{"count":1,"href":"https:\/\/www.24baires.com\/index.php?rest_route=\/wp\/v2\/posts\/11074\/revisions"}],"predecessor-version":[{"id":11075,"href":"https:\/\/www.24baires.com\/index.php?rest_route=\/wp\/v2\/posts\/11074\/revisions\/11075"}],"wp:attachment":[{"href":"https:\/\/www.24baires.com\/index.php?rest_route=%2Fwp%2Fv2%2Fmedia&parent=11074"}],"wp:term":[{"taxonomy":"category","embeddable":true,"href":"https:\/\/www.24baires.com\/index.php?rest_route=%2Fwp%2Fv2%2Fcategories&post=11074"},{"taxonomy":"post_tag","embeddable":true,"href":"https:\/\/www.24baires.com\/index.php?rest_route=%2Fwp%2Fv2%2Ftags&post=11074"}],"curies":[{"name":"wp","href":"https:\/\/api.w.org\/{rel}","templated":true}]}}