{"id":1102,"date":"2012-10-05T17:55:53","date_gmt":"2012-10-05T20:55:53","guid":{"rendered":"http:\/\/www.24baires.com\/?p=1102"},"modified":"2012-10-06T18:06:42","modified_gmt":"2012-10-06T21:06:42","slug":"alak-denuncio-maniobras-funcionales-al-grupo-clarin-contra-la-vigencia-plena-de-la-ley-de-medios","status":"publish","type":"post","link":"https:\/\/www.24baires.com\/?p=1102","title":{"rendered":"Alak denunci\u00f3 maniobras \u00abfuncionales al Grupo Clar\u00edn\u00bb contra la vigencia plena de la Ley de Medios"},"content":{"rendered":"<p>El ministro de Justicia se\u00a0refiri\u00f3\u00a0a la decisi\u00f3n de cinco integrantes de la Magistratura de bloquear la designaci\u00f3n del juez titular que deber\u00e1 fallar sobre la cl\u00e1usula que obliga al grupo Clar\u00edn a desinvertir.<!--more--><br \/>\nAlak advirti\u00f3 sobre una \u00abmaniobra que apunta a tener en suspenso el art\u00edculo 161 de la ley de medios\u00bb, consistente en el nombramiento irregular del juez subrogante Ra\u00fal Tettamanti y en el bloqueo de la designaci\u00f3n de un magistrado definitivo en el tribunal que deber\u00e1 fallar sobre la norma audiovisual.<br \/>\nEn una conferencia de prensa, Julio Alak se\u00a0refiri\u00f3\u00a0as\u00ed a la decisi\u00f3n de cinco integrantes del Consejo de la Magistratura de bloquear la designaci\u00f3n del juez titular que deber\u00e1 fallar sobre la cl\u00e1usula de la Ley de Medios que obliga al grupo Clar\u00edn a desinvertir a partir del 7 de diciembre.<br \/>\nAlak tambi\u00e9n advirti\u00f3 sobre las irregularidades cometidas en la designaci\u00f3n del juez subrogante en el Tribunal Civil y Comercial Federal n\u00famero 1, Ra\u00fal Tettamanti, donde se deber\u00e1 definir sobre si el art\u00edculo 161 es o no constitucional.<br \/>\nPreviamente, el consejero y senador nacional del Frente para la Victoria, Marcelo Fuentes, denunci\u00f3 al grupo Clarin por \u00abmaniobras de gravedad institucional inusitada\u00bb, por pretender \u00abimponer a los partidos pol\u00edticos de la oposici\u00f3n su propia agenda\u00bb.<br \/>\n\u00abLos jueces de la Constituci\u00f3n Nacional no pueden ser puestos por el Juzgado pero s\u00ed por un testaferro del grupo Clar\u00edn\u00bb, denunci\u00f3 Fuentes, quien estuvo acompa\u00f1ado por el representante del Poder Ejecutivo en el Consejo, Hern\u00e1n Ordiales, adem\u00e1s del ministro Alak.<br \/>\nAyer cinco integrantes del Consejo de la Magistratura volvieron a bloquear la designaci\u00f3n definitiva del juez que deber\u00e1 fallar sobre la cl\u00e1usula de la Ley de Medios que obliga al grupo Clar\u00edn a desinvertir a partir del 7 de diciembre.<br \/>\nLa situaci\u00f3n qued\u00f3 planteada cuando los consejeros pidieron la anulaci\u00f3n de un concurso para designar jueces en cinco tribunales, uno de los cuales es el Civil y Comercial Federal 1, que debe resolver sobre el articulo 161 de la norma.<br \/>\nTettamanti, un ex magistrado que se encontraba jubilado, fue designado en el juzgado 1 como subrogante por el presidente de la C\u00e1mara de ese fuero, Mart\u00edn Farrel, y por su vice, Ricardo Recondo, lo que fue rechazado por los consejeros del oficialismo.<br \/>\nPrecisamente Recondo, tambi\u00e9n integrante del Consejo de la Magistratura, se opuso como consejero a la designaci\u00f3n por concurso de Mar\u00eda Lorena Gagliardi, una de las candidatas que estaba en condiciones de ocupar la vacante por haber aprobado todos los ex\u00e1menes previstos.<br \/>\nRecondo fue acompa\u00f1ado por los consejeros Oscar Aguad y Mario Cimadevilla, ambos parlamentarios radicales, junto a Daniel Ostropolsky (abogados del interior), Alejandro Fargosi (abogados porte\u00f1os) en el pedido de la anulaci\u00f3n completa del concurso.<br \/>\nLos consejeros de la minor\u00eda consideraron que todo el concurso estaba \u201cbajo sospecha\u201d desde su inicio por lo que correspond\u00eda reiniciarlo desde su comienzo, hace dos a\u00f1os.<br \/>\nLa Corte Suprema estableci\u00f3 que el pr\u00f3ximo 7 de diciembre vence la medida cautelar que paraliza la aplicaci\u00f3n plena de norma sancionada por el Congreso en 2009, de modo que s\u00f3lo una declaraci\u00f3n de inconstitucionalidad por un tribunal dilatar\u00eda el tr\u00e1mite una vez m\u00e1s.<\/p>\n","protected":false},"excerpt":{"rendered":"<p>El ministro de Justicia se\u00a0refiri\u00f3\u00a0a la decisi\u00f3n de cinco integrantes de la Magistratura de bloquear la designaci\u00f3n del juez titular que deber\u00e1 fallar sobre la cl\u00e1usula que obliga al grupo Clar\u00edn a desinvertir.<\/p>\n","protected":false},"author":11,"featured_media":0,"comment_status":"open","ping_status":"open","sticky":false,"template":"","format":"standard","meta":{"_jetpack_newsletter_access":"","_jetpack_dont_email_post_to_subs":false,"_jetpack_newsletter_tier_id":0,"_jetpack_memberships_contains_paywalled_content":false,"_jetpack_memberships_contains_paid_content":false,"footnotes":""},"categories":[54],"tags":[],"class_list":["post-1102","post","type-post","status-publish","format-standard","hentry","category-medios"],"jetpack_featured_media_url":"","jetpack_shortlink":"https:\/\/wp.me\/p2JWE0-hM","jetpack-related-posts":[{"id":1539,"url":"https:\/\/www.24baires.com\/?p=1539","url_meta":{"origin":1102,"position":0},"title":"Renunci\u00f3 Tettamanti, el juez recusado por el Gobierno","author":"AF","date":"09\/10\/2012","format":false,"excerpt":"El ministro de Justicia, Julio Alak, hab\u00eda anunciado la semana pasada que objetar\u00eda la designaci\u00f3n del juez jubilado Ra\u00fal Tettamanti, convocado como subrogante para resolver sobre la cl\u00e1usula que obliga al Grupo Clar\u00edn a desinvertir a partir del 7 de diciembre, y hab\u00eda afirmado que exist\u00edan indicios de que el\u2026","rel":"","context":"En \u00abMedios\u00bb","block_context":{"text":"Medios","link":"https:\/\/www.24baires.com\/?cat=54"},"img":{"alt_text":"","src":"","width":0,"height":0},"classes":[]},{"id":1757,"url":"https:\/\/www.24baires.com\/?p=1757","url_meta":{"origin":1102,"position":1},"title":"Alak pide \u00abjueces naturales\u00bb y cuestion\u00f3 a los miembros de la oposici\u00f3n en la Magistratura","author":"Grupo Sierra","date":"12\/10\/2012","format":false,"excerpt":"El ministro de Justicia, Julio Alak, cuestion\u00f3 a los miembros de la oposici\u00f3n en el Consejo de la Magistratura y los acus\u00f3 de \"privar a los argentinos de tener un juez natural\". Los cuestionamientos fueron dirigidos a los miembros de la oposici\u00f3n en el Consejo de la Magistratura que ayer\u2026","rel":"","context":"En \u00abMedios\u00bb","block_context":{"text":"Medios","link":"https:\/\/www.24baires.com\/?cat=54"},"img":{"alt_text":"","src":"https:\/\/i0.wp.com\/www.24baires.com\/wp-content\/uploads\/2012\/10\/alak.jpg?resize=350%2C200","width":350,"height":200,"srcset":"https:\/\/i0.wp.com\/www.24baires.com\/wp-content\/uploads\/2012\/10\/alak.jpg?resize=350%2C200 1x, https:\/\/i0.wp.com\/www.24baires.com\/wp-content\/uploads\/2012\/10\/alak.jpg?resize=525%2C300 1.5x"},"classes":[]},{"id":1409,"url":"https:\/\/www.24baires.com\/?p=1409","url_meta":{"origin":1102,"position":2},"title":"\u00abEl nuevo Carbone se llama Tettamanti\u00bb","author":"AF","date":"08\/10\/2012","format":false,"excerpt":"Julio Alak asegur\u00f3 que el magistrado designado en el juzgado en el que radica la presentaci\u00f3n del Grupo Clar\u00edn por el art\u00edculo de desinversi\u00f3n de la Ley de Medios, Ra\u00fal Tettamanti, es \"el nuevo Carbone\", en alusi\u00f3n al juez que dio la cautelar que mantuvo m\u00e1s de dos a\u00f1os congelada\u2026","rel":"","context":"En \u00abMedios\u00bb","block_context":{"text":"Medios","link":"https:\/\/www.24baires.com\/?cat=54"},"img":{"alt_text":"","src":"https:\/\/i0.wp.com\/www.24baires.com\/wp-content\/uploads\/2012\/10\/alak.jpg?resize=350%2C200","width":350,"height":200,"srcset":"https:\/\/i0.wp.com\/www.24baires.com\/wp-content\/uploads\/2012\/10\/alak.jpg?resize=350%2C200 1x, https:\/\/i0.wp.com\/www.24baires.com\/wp-content\/uploads\/2012\/10\/alak.jpg?resize=525%2C300 1.5x"},"classes":[]},{"id":7965,"url":"https:\/\/www.24baires.com\/?p=7965","url_meta":{"origin":1102,"position":3},"title":"\u00abEl fuero que busc\u00f3 el Grupo Clar\u00edn no es el competente\u00bb explic\u00f3 Alak","author":"Grupo Sierra","date":"05\/12\/2012","format":false,"excerpt":"El ministro de Justicia afirm\u00f3 que el Estado sufri\u00f3 una denegaci\u00f3n de justicia porque \"la causa que inici\u00f3 el Grupo Clar\u00edn es tomada por un fuero (el Civil y Comercial) que no es competente\". \"El fuero competente es el Contencioso Administrativo, pero el Grupo Clar\u00edn busc\u00f3 este fuero que se\u2026","rel":"","context":"En \u00abMedios\u00bb","block_context":{"text":"Medios","link":"https:\/\/www.24baires.com\/?cat=54"},"img":{"alt_text":"","src":"","width":0,"height":0},"classes":[]},{"id":2204,"url":"https:\/\/www.24baires.com\/?p=2204","url_meta":{"origin":1102,"position":4},"title":"\u00ab\u00bfPor qu\u00e9 alguien se cree que tiene el privilegio de no cumplir la ley?\u201d cuestion\u00f3 Sabbatella","author":"Grupo Sierra","date":"15\/10\/2012","format":false,"excerpt":"El titular de la AFSCA, Mart\u00edn Sabbatella, afirm\u00f3 que hay en marcha en el Consejo de la Magistratura una \"maniobra de sectores de la oposici\u00f3n asociados a intereses concentrados y medi\u00e1ticos de la Argentina\". As\u00ed lo expres\u00f3 Sabbatella en di\u00e1logo con el programa 678 de la TV P\u00fablica, al referirse\u2026","rel":"","context":"En \u00abMedios\u00bb","block_context":{"text":"Medios","link":"https:\/\/www.24baires.com\/?cat=54"},"img":{"alt_text":"","src":"https:\/\/i0.wp.com\/www.24baires.com\/wp-content\/uploads\/2012\/10\/sabbatella678.jpg?resize=350%2C200","width":350,"height":200,"srcset":"https:\/\/i0.wp.com\/www.24baires.com\/wp-content\/uploads\/2012\/10\/sabbatella678.jpg?resize=350%2C200 1x, https:\/\/i0.wp.com\/www.24baires.com\/wp-content\/uploads\/2012\/10\/sabbatella678.jpg?resize=525%2C300 1.5x"},"classes":[]},{"id":4147,"url":"https:\/\/www.24baires.com\/?p=4147","url_meta":{"origin":1102,"position":5},"title":"El juez De las Carreras fue denunciado por el Gobierno por presunta \u00abrecepci\u00f3n de d\u00e1divas\u00bb de Clar\u00edn","author":"AF","date":"02\/11\/2012","format":false,"excerpt":"En la presentaci\u00f3n solicita que se investigue el delito de \"recepci\u00f3n de d\u00e1divas\" por parte del juez, quien particip\u00f3 de un congreso en Miami organizado por una ONG que integra y financia el Grupo Clar\u00edn. En rueda de prensa, el ministro de Justicia, Julio Alak, inform\u00f3 que el jefe de\u2026","rel":"","context":"En \u00abMedios\u00bb","block_context":{"text":"Medios","link":"https:\/\/www.24baires.com\/?cat=54"},"img":{"alt_text":"","src":"https:\/\/i0.wp.com\/www.24baires.com\/wp-content\/uploads\/2012\/11\/de-las-carreras2-300x179.jpg?resize=350%2C200","width":350,"height":200},"classes":[]}],"jetpack_sharing_enabled":true,"jetpack_likes_enabled":true,"_links":{"self":[{"href":"https:\/\/www.24baires.com\/index.php?rest_route=\/wp\/v2\/posts\/1102","targetHints":{"allow":["GET"]}}],"collection":[{"href":"https:\/\/www.24baires.com\/index.php?rest_route=\/wp\/v2\/posts"}],"about":[{"href":"https:\/\/www.24baires.com\/index.php?rest_route=\/wp\/v2\/types\/post"}],"author":[{"embeddable":true,"href":"https:\/\/www.24baires.com\/index.php?rest_route=\/wp\/v2\/users\/11"}],"replies":[{"embeddable":true,"href":"https:\/\/www.24baires.com\/index.php?rest_route=%2Fwp%2Fv2%2Fcomments&post=1102"}],"version-history":[{"count":0,"href":"https:\/\/www.24baires.com\/index.php?rest_route=\/wp\/v2\/posts\/1102\/revisions"}],"wp:attachment":[{"href":"https:\/\/www.24baires.com\/index.php?rest_route=%2Fwp%2Fv2%2Fmedia&parent=1102"}],"wp:term":[{"taxonomy":"category","embeddable":true,"href":"https:\/\/www.24baires.com\/index.php?rest_route=%2Fwp%2Fv2%2Fcategories&post=1102"},{"taxonomy":"post_tag","embeddable":true,"href":"https:\/\/www.24baires.com\/index.php?rest_route=%2Fwp%2Fv2%2Ftags&post=1102"}],"curies":[{"name":"wp","href":"https:\/\/api.w.org\/{rel}","templated":true}]}}