{"id":11013,"date":"2013-01-02T19:29:17","date_gmt":"2013-01-02T22:29:17","guid":{"rendered":"http:\/\/www.24baires.com\/?p=11013"},"modified":"2013-01-02T19:29:23","modified_gmt":"2013-01-02T22:29:23","slug":"auspiciosas-expectativas-en-mar-del-plata-para-la-primera-quincena-de-enero","status":"publish","type":"post","link":"https:\/\/www.24baires.com\/?p=11013","title":{"rendered":"Auspiciosas expectativas en Mar del Plata para la primera quincena de enero"},"content":{"rendered":"<p><a href=\"http:\/\/www.24baires.com\/sociedad\/11013-auspiciosas-expectativas-en-mar-del-plata-para-la-primera-quincena-de-enero\/attachment\/mar-del-plata-primera-enero\/\" rel=\"attachment wp-att-11014\"><img data-recalc-dims=\"1\" loading=\"lazy\" decoding=\"async\" class=\"aligncenter size-full wp-image-11014\" alt=\"mar del plata primera enero\" src=\"https:\/\/i0.wp.com\/www.24baires.com\/wp-content\/uploads\/2013\/01\/mar-del-plata-primera-enero.jpg?resize=560%2C280\" width=\"560\" height=\"280\" srcset=\"https:\/\/i0.wp.com\/www.24baires.com\/wp-content\/uploads\/2013\/01\/mar-del-plata-primera-enero.jpg?w=560&amp;ssl=1 560w, https:\/\/i0.wp.com\/www.24baires.com\/wp-content\/uploads\/2013\/01\/mar-del-plata-primera-enero.jpg?resize=300%2C150&amp;ssl=1 300w\" sizes=\"auto, (max-width: 560px) 100vw, 560px\" \/><\/a><\/p>\n<p>Tanto las perspectivas que gener\u00f3 la afluencia tur\u00edstica de diciembre y las reservas para enero, como por los pron\u00f3sticos meteorol\u00f3gicos, hacen que las expectativas sean auspiciosas para el verano en Mar del Plata ya en la primera quincena de enero.\u00a0<!--more--><\/p>\n<p>Durante el mes pasado, la cantidad de turistas fue un 10% superior a diciembre anterior y el nivel de reservas hoteleras en los primeros d\u00edas de este a\u00f1o alcanzaba el 75% de las plazas, seg\u00fan el Ente Municipal de Turismo (EMTUR) de General Pueyrred\u00f3n.<\/p>\n<p>En tanto, el Servicio Meteorol\u00f3gico Nacional (SMN) tranquiliz\u00f3 los \u00e1nimos de visitantes y residentes de esa ciudad, al anunciar que el fr\u00edo inusual de ayer no ser\u00e1 la norma de la temporada, sino que se mantendr\u00e1n las temperaturas promedio habituales del verano en la costa bonaerense, con leves altibajos.<\/p>\n<p>El EMTUR inform\u00f3 que durante el fin de semana largo de A\u00f1o Nuevo hubo 200.000 visitantes en este centro tur\u00edstico -el mayor receptor de Argentina- en tanto el gobierno bonaerense precis\u00f3 que fueron 250.000 desde el 26 de diciembre al 1 de enero.<\/p>\n<p>\u201cA pesar de que en diciembre no tuvimos el Rally Dakar (a diferencia de 2011), tuvimos m\u00e1s presencia de turistas y eso nos marca una tendencia favorable para el resto del verano\u201d, se\u00f1al\u00f3 la vicepresidenta del EMTUR, Valeria M\u00e9ndez, a una radioemsiora marplatense.<\/p>\n<p>La funcionaria indic\u00f3 que las reservas estaban en un 75% y que \u201cse van realizando a \u00faltima hora, por lo que no tener reservas para los primeros d\u00edas de enero, que ronden el 90%, no es indicativo de que ser\u00e1 una temporada floja\u201d.<\/p>\n<p>Seg\u00fan M\u00e9ndez, \u201ctambi\u00e9n es relevante destacar que los turistas vienen menos d\u00edas y realizan un gasto diario mayor que aqu\u00e9l que llega a Mar del Plata a pasar unas vacaciones de m\u00e1s de una semana\u201d.<\/p>\n<p>El gobernador bonaerense, Daniel Scioli, consider\u00f3 que \u201chay muy buenas expectativas\u201d tur\u00edsticas para Mar del Plata y refiri\u00f3 que \u201dcon el esfuerzo de todos vamos a tener un buen verano\u201d.<\/p>\n<p>Al inaugurar hoy en esta ciudad el programa \u201cVamos a La Plata\u201d, el mandatario manifest\u00f3 que \u201cnuestra responsabilidad es preparar la ciudad (balnearia) para tener una gran temporada, para los que trabajan ac\u00e1 y para los que vienen a disfrutarla\u201d.<\/p>\n<p>El ministro de Turismo de la provincia de Buenos Aires, Ignacio Crotto, se\u00f1al\u00f3 que \u201ccasi todos los municipios (de la costa) est\u00e1n en hoteler\u00eda un punto m\u00e1s arriba que el a\u00f1o pasado\u201d.<\/p>\n<p>Crotto agreg\u00f3: \u201cqueremos que los precios sean accesibles y competitivos y en eso los alquileres son importantes, porque necesitamos que los due\u00f1os de las propiedades tengan precios accesibles\u201d.<\/p>\n<p>Las perspectivas climatol\u00f3gicas tambi\u00e9n son positivas, ya que el SMN anunci\u00f3 que el fr\u00edo inusual que castig\u00f3 la costa provincial e hizo temer a residentes y visitantes por la suerte de la temporada, no tardar\u00e1 en desvanecerse.<\/p>\n<p>\u00abLas temperaturas estar\u00e1n en sus promedios normales. Puede ser que haya per\u00edodos de m\u00e1s calor o de m\u00e1s fr\u00edo, pero en la regi\u00f3n y a lo largo del trimestre, el promedio estar\u00e1 dentro de lo normal\u00bb, dijo a T\u00e9lam Jos\u00e9 Luis Stella, del departamento de Climatolog\u00eda del organismo.<\/p>\n<p>Seg\u00fan Stella, \u00abquedan d\u00edas frescos, pero el fin de semana la temperatura habr\u00e1 aumentado. Y no solo en la costa, sino tambi\u00e9n en el centro y el norte del pa\u00eds\u00bb.<\/p>\n<p>En cuanto a las lluvias, el meteor\u00f3logo adelant\u00f3 que para el trimestre enero-marzo se espera una precipitaci\u00f3n normal o superior a lo normal.<\/p>\n<p>Durante esta jornada persistieron en la ma\u00f1ana las bajas temperaturas en Mar del Plata, que amaneci\u00f3 con cielo nublado, por lo que hubo gran movimiento en las boleter\u00edas de espect\u00e1culos teatrales desde antes de su horario de apertura (las 10).<\/p>\n<p>Despu\u00e9s del mediod\u00eda, con la salida del sol, el term\u00f3metro lleg\u00f3 a marcar 16,4 grados y los turistas inauguraron el primer d\u00eda de playa del a\u00f1o.<\/p>\n<p>&nbsp;<\/p>\n<p>&nbsp;<\/p>\n<p>&nbsp;<\/p>\n","protected":false},"excerpt":{"rendered":"<p>Tanto las perspectivas que gener\u00f3 la afluencia tur\u00edstica de diciembre y las reservas para enero, como por los pron\u00f3sticos meteorol\u00f3gicos, hacen que las expectativas sean auspiciosas para el verano en Mar del Plata ya en la primera quincena de enero.\u00a0<\/p>\n","protected":false},"author":11,"featured_media":0,"comment_status":"open","ping_status":"open","sticky":false,"template":"","format":"standard","meta":{"_jetpack_newsletter_access":"","_jetpack_dont_email_post_to_subs":false,"_jetpack_newsletter_tier_id":0,"_jetpack_memberships_contains_paywalled_content":false,"_jetpack_memberships_contains_paid_content":false,"footnotes":""},"categories":[1],"tags":[],"class_list":["post-11013","post","type-post","status-publish","format-standard","hentry","category-sociedad"],"jetpack_featured_media_url":"","jetpack_shortlink":"https:\/\/wp.me\/p2JWE0-2RD","jetpack-related-posts":[{"id":60137,"url":"https:\/\/www.24baires.com\/?p=60137","url_meta":{"origin":11013,"position":0},"title":"La primera quincena de enero fue r\u00e9cord en Mar del Plata","author":"GB","date":"15\/01\/2015","format":false,"excerpt":"La ocupaci\u00f3n hotelera super\u00f3 el 85 por ciento y el turismo en la ciudad balnearia fue exitoso seg\u00fan autoridades de Turismo. Enero sigue generando buenas expectativas en Mar del Plata. Con una ocupaci\u00f3n hotelera que super\u00f3 el 85 por ciento de su capacidad, Mar del Plata vivi\u00f3 una gran primera\u2026","rel":"","context":"En \u00abTurismo\u00bb","block_context":{"text":"Turismo","link":"https:\/\/www.24baires.com\/?cat=69"},"img":{"alt_text":"turistas mar del plata","src":"https:\/\/i0.wp.com\/www.24baires.com\/wp-content\/uploads\/2015\/01\/turistas-mar-del-plata.jpg?resize=350%2C200","width":350,"height":200,"srcset":"https:\/\/i0.wp.com\/www.24baires.com\/wp-content\/uploads\/2015\/01\/turistas-mar-del-plata.jpg?resize=350%2C200 1x, https:\/\/i0.wp.com\/www.24baires.com\/wp-content\/uploads\/2015\/01\/turistas-mar-del-plata.jpg?resize=525%2C300 1.5x"},"classes":[]},{"id":113806,"url":"https:\/\/www.24baires.com\/?p=113806","url_meta":{"origin":11013,"position":1},"title":"Mar del Plata: las reservas hoteleras para el fin de semana superan el 90%","author":"GB","date":"15\/01\/2020","format":false,"excerpt":"As\u00ed lo indic\u00f3 la Asociaci\u00f3n Empresaria Hotelera Gastron\u00f3mica. El Emtur abri\u00f3 un registro preventivo de disponibilidad hotelera Las reservas hoteleras para el fin de semana en Mar del Plata ya superan el 90%, seg\u00fan adelant\u00f3 la Asociaci\u00f3n Empresaria Hotelera Gastron\u00f3mica (AEHG). Adem\u00e1s, detallaron que el resultado del sondeo de la\u2026","rel":"","context":"En \u00abTurismo\u00bb","block_context":{"text":"Turismo","link":"https:\/\/www.24baires.com\/?cat=69"},"img":{"alt_text":"","src":"https:\/\/i0.wp.com\/www.24baires.com\/wp-content\/uploads\/2015\/01\/mar-del-plata-playa.jpg?resize=350%2C200","width":350,"height":200,"srcset":"https:\/\/i0.wp.com\/www.24baires.com\/wp-content\/uploads\/2015\/01\/mar-del-plata-playa.jpg?resize=350%2C200 1x, https:\/\/i0.wp.com\/www.24baires.com\/wp-content\/uploads\/2015\/01\/mar-del-plata-playa.jpg?resize=525%2C300 1.5x"},"classes":[]},{"id":61066,"url":"https:\/\/www.24baires.com\/?p=61066","url_meta":{"origin":11013,"position":2},"title":"En la Costa, las reservas para febrero ya superan el 70%","author":"AF","date":"31\/01\/2015","format":false,"excerpt":"Los principales destinos tur\u00edsticos de la provincia de Buenos Aires, Mar del Plata, Villa Gesell y Necochea, registran para el primer fin de semana del mes un nivel de reservas promedio que alcanza el 70% de las plazas hoteleras, seg\u00fan inform\u00f3 la Secretar\u00eda de Turismo bonaerense. En Pinamar trepan al\u2026","rel":"","context":"En \u00abLocales\u00bb","block_context":{"text":"Locales","link":"https:\/\/www.24baires.com\/?cat=38"},"img":{"alt_text":"mar del plata playa","src":"https:\/\/i0.wp.com\/www.24baires.com\/wp-content\/uploads\/2015\/01\/mar-del-plata-playa.jpg?resize=350%2C200","width":350,"height":200,"srcset":"https:\/\/i0.wp.com\/www.24baires.com\/wp-content\/uploads\/2015\/01\/mar-del-plata-playa.jpg?resize=350%2C200 1x, https:\/\/i0.wp.com\/www.24baires.com\/wp-content\/uploads\/2015\/01\/mar-del-plata-playa.jpg?resize=525%2C300 1.5x"},"classes":[]},{"id":91650,"url":"https:\/\/www.24baires.com\/?p=91650","url_meta":{"origin":11013,"position":3},"title":"Mar del Plata recibi\u00f3 620 mil turistas en la primera quincena de enero","author":"GB","date":"16\/01\/2017","format":false,"excerpt":"Desde el EMTur destacaron que \"el n\u00famero es muy positivo para la ciudad\" y se mostraron optimistas para lo que resta del del mes Durante la primera quincena de enero, Mar del Plata recibi\u00f3 a 620 mil turistas de distintos puntos del pa\u00eds y desde el Ente Municipal de Turismo\u2026","rel":"","context":"En \u00abTurismo\u00bb","block_context":{"text":"Turismo","link":"https:\/\/www.24baires.com\/?cat=69"},"img":{"alt_text":"","src":"https:\/\/i0.wp.com\/www.24baires.com\/wp-content\/uploads\/2015\/01\/mar-del-plata-playa.jpg?resize=350%2C200","width":350,"height":200,"srcset":"https:\/\/i0.wp.com\/www.24baires.com\/wp-content\/uploads\/2015\/01\/mar-del-plata-playa.jpg?resize=350%2C200 1x, https:\/\/i0.wp.com\/www.24baires.com\/wp-content\/uploads\/2015\/01\/mar-del-plata-playa.jpg?resize=525%2C300 1.5x"},"classes":[]},{"id":10827,"url":"https:\/\/www.24baires.com\/?p=10827","url_meta":{"origin":11013,"position":4},"title":"Para la primera quincena del a\u00f1o se espera una ocupaci\u00f3n superior al 69% en centros tur\u00edsticos","author":"AF","date":"30\/12\/2012","format":false,"excerpt":"La ocupaci\u00f3n para la primera quincena de enero super\u00f3 el 69% en los principales centros tur\u00edsticos de la costa, del litoral y del centro del pa\u00eds, report\u00f3 la Federaci\u00f3n Empresaria Hotelera Gastron\u00f3mica de la Rep\u00fablica Argentina (FEHGRA). \"Se trata de datos preliminares, dado que muchos argentinos viajan despu\u00e9s de celebrar\u2026","rel":"","context":"En \u00abSociedad\u00bb","block_context":{"text":"Sociedad","link":"https:\/\/www.24baires.com\/?cat=1"},"img":{"alt_text":"costa","src":"https:\/\/i0.wp.com\/www.24baires.com\/wp-content\/uploads\/2012\/11\/costa-300x166.jpg?resize=350%2C200","width":350,"height":200},"classes":[]},{"id":39702,"url":"https:\/\/www.24baires.com\/?p=39702","url_meta":{"origin":11013,"position":5},"title":"Balance: 2 millones de turistas ya visitaron Mar del Plata en lo que va del verano","author":"GB","date":"02\/02\/2014","format":false,"excerpt":"Desde diciembre y hasta los \u00faltimos d\u00edas de enero, alrededor de dos millones de turistas visitaron y recorrieron la ciudad balnearia, seg\u00fan informaron fuentes del Ente Municipal de Turismo. El titular del organismo asegur\u00f3 que el buen tiempo influy\u00f3 en el funcionamiento de la temporada. Alrededor de dos millones de\u2026","rel":"","context":"En \u00abTurismo\u00bb","block_context":{"text":"Turismo","link":"https:\/\/www.24baires.com\/?cat=69"},"img":{"alt_text":"mardel_playa2_10769","src":"https:\/\/i0.wp.com\/www.24baires.com\/wp-content\/uploads\/2013\/11\/mardel_playa2_10769.jpg?resize=350%2C200","width":350,"height":200,"srcset":"https:\/\/i0.wp.com\/www.24baires.com\/wp-content\/uploads\/2013\/11\/mardel_playa2_10769.jpg?resize=350%2C200 1x, https:\/\/i0.wp.com\/www.24baires.com\/wp-content\/uploads\/2013\/11\/mardel_playa2_10769.jpg?resize=525%2C300 1.5x"},"classes":[]}],"jetpack_sharing_enabled":true,"jetpack_likes_enabled":true,"_links":{"self":[{"href":"https:\/\/www.24baires.com\/index.php?rest_route=\/wp\/v2\/posts\/11013","targetHints":{"allow":["GET"]}}],"collection":[{"href":"https:\/\/www.24baires.com\/index.php?rest_route=\/wp\/v2\/posts"}],"about":[{"href":"https:\/\/www.24baires.com\/index.php?rest_route=\/wp\/v2\/types\/post"}],"author":[{"embeddable":true,"href":"https:\/\/www.24baires.com\/index.php?rest_route=\/wp\/v2\/users\/11"}],"replies":[{"embeddable":true,"href":"https:\/\/www.24baires.com\/index.php?rest_route=%2Fwp%2Fv2%2Fcomments&post=11013"}],"version-history":[{"count":3,"href":"https:\/\/www.24baires.com\/index.php?rest_route=\/wp\/v2\/posts\/11013\/revisions"}],"predecessor-version":[{"id":11017,"href":"https:\/\/www.24baires.com\/index.php?rest_route=\/wp\/v2\/posts\/11013\/revisions\/11017"}],"wp:attachment":[{"href":"https:\/\/www.24baires.com\/index.php?rest_route=%2Fwp%2Fv2%2Fmedia&parent=11013"}],"wp:term":[{"taxonomy":"category","embeddable":true,"href":"https:\/\/www.24baires.com\/index.php?rest_route=%2Fwp%2Fv2%2Fcategories&post=11013"},{"taxonomy":"post_tag","embeddable":true,"href":"https:\/\/www.24baires.com\/index.php?rest_route=%2Fwp%2Fv2%2Ftags&post=11013"}],"curies":[{"name":"wp","href":"https:\/\/api.w.org\/{rel}","templated":true}]}}