{"id":11003,"date":"2013-01-02T17:19:34","date_gmt":"2013-01-02T20:19:34","guid":{"rendered":"http:\/\/www.24baires.com\/?p=11003"},"modified":"2013-01-02T17:19:39","modified_gmt":"2013-01-02T20:19:39","slug":"acuerdan-prestar-servicio-juridico-al-pueblo-mapuche-de-los-toldos","status":"publish","type":"post","link":"https:\/\/www.24baires.com\/?p=11003","title":{"rendered":"Acuerdan prestar servicio jur\u00eddico al pueblo Mapuche de Los Toldos"},"content":{"rendered":"<p><a href=\"http:\/\/www.24baires.com\/sociedad\/11003-acuerdan-prestar-servicio-juridico-al-pueblo-mapuche-de-los-toldos\/attachment\/bonicatto-stacchiotti\/\" rel=\"attachment wp-att-11004\"><img data-recalc-dims=\"1\" loading=\"lazy\" decoding=\"async\" class=\"alignleft size-medium wp-image-11004\" alt=\"bonicatto stacchiotti\" src=\"https:\/\/i0.wp.com\/www.24baires.com\/wp-content\/uploads\/2013\/01\/bonicatto-stacchiotti.jpg?resize=300%2C225\" width=\"300\" height=\"225\" srcset=\"https:\/\/i0.wp.com\/www.24baires.com\/wp-content\/uploads\/2013\/01\/bonicatto-stacchiotti.jpg?resize=300%2C225&amp;ssl=1 300w, https:\/\/i0.wp.com\/www.24baires.com\/wp-content\/uploads\/2013\/01\/bonicatto-stacchiotti.jpg?w=560&amp;ssl=1 560w\" sizes=\"auto, (max-width: 300px) 100vw, 300px\" \/><\/a>El subsecretario Social de Tierras, Urbanismo y Vivienda del ministerio de Infraestructura, Fabi\u00e1n Stacchiotti, suscribi\u00f3 con el Defensor del Pueblo de la Provincia, Carlos Bonicatto, un convenio destinado a brindar asesoramiento jur\u00eddico al pueblo Mapuche de Los Toldos y dise\u00f1ar posibles estrategias de recuperaci\u00f3n de las tierras que ha perdido esa comunidad.<!--more--><br \/>\nEn el marco del Convenio Espec\u00edfico destinado a la implementaci\u00f3n del Proyecto \u201cServicio Jur\u00eddico del Pueblo Mapuche de Los Toldos\u201d, la Subsecretar\u00eda Social de Tierras, Urbanismo y Vivienda asume el compromiso de poner a disposici\u00f3n los archivos generales o espec\u00edficos que contengan informaci\u00f3n sobre la situaci\u00f3n territorial actual e hist\u00f3rica de las tierras que pertenecieran al Cacique Coliqueo y sus descendientes.<\/p>\n<p>Stachiotti destac\u00f3 \u201cla importancia que tienen las tierras para las comunidades ind\u00edgenas, dado que constituyen la base para la continuidad de su acervo cultural\u201d y asegur\u00f3 que \u201cel convenio se adscribe en el proceso de reparaci\u00f3n hist\u00f3rica que involucra a los pueblos originarios promovido por el convenio 169 de la O.I.T y por el art\u00edculo 75, inciso 17, de nuestra Carta Magna\u201d.<\/p>\n<p>Por su parte, Bonicatto resalt\u00f3 que \u00abeste proyecto re\u00fane a todas las partes involucradas y el eje fundamental es el respeto de los derechos humanos\u00bb.<\/p>\n<p>De esta manera se conformar\u00e1 un equipo t\u00e9cnico interdisciplinario orientado a producir un an\u00e1lisis hist\u00f3rico, antropol\u00f3gico y jur\u00eddico del proceso territorial que se dio en torno al espacio que fuera reconocido a la comunidad mapuche de Los Toldos hacia la segunda mitad del siglo XIX, con el fin de diagnosticar estrategias dirigidas tanto para la defensa de las tierras ocupadas por las familias ind\u00edgenas como la eventual reivindicaci\u00f3n de aquellas que hubieran sido despose\u00eddas por medios il\u00edcitos.<\/p>\n<p>Adem\u00e1s se prev\u00e9 la participaci\u00f3n y monitoreo del trabajo realizado por parte de las comunidades ind\u00edgenas.<\/p>\n<p>Tambi\u00e9n participaron de la firma del convenio, el presidente del Instituto Nacional de Asuntos Ind\u00edgenas, Daniel Fern\u00e1ndez, y el intendente de General Viamonte, Juan Carlos Bartoletti.<\/p>\n","protected":false},"excerpt":{"rendered":"<p>El subsecretario Social de Tierras, Urbanismo y Vivienda del ministerio de Infraestructura, Fabi\u00e1n Stacchiotti, suscribi\u00f3 con el Defensor del Pueblo de la Provincia, Carlos Bonicatto, un convenio destinado a brindar asesoramiento jur\u00eddico al pueblo Mapuche de Los Toldos y dise\u00f1ar posibles estrategias de recuperaci\u00f3n de las tierras que ha perdido esa comunidad.<\/p>\n","protected":false},"author":4,"featured_media":0,"comment_status":"open","ping_status":"open","sticky":false,"template":"","format":"standard","meta":{"_jetpack_newsletter_access":"","_jetpack_dont_email_post_to_subs":false,"_jetpack_newsletter_tier_id":0,"_jetpack_memberships_contains_paywalled_content":false,"_jetpack_memberships_contains_paid_content":false,"footnotes":""},"categories":[1],"tags":[],"class_list":["post-11003","post","type-post","status-publish","format-standard","hentry","category-sociedad"],"jetpack_featured_media_url":"","jetpack_shortlink":"https:\/\/wp.me\/p2JWE0-2Rt","jetpack-related-posts":[{"id":92718,"url":"https:\/\/www.24baires.com\/?p=92718","url_meta":{"origin":11003,"position":0},"title":"Mapuches de Los Toldos buscan reactivar un cementerio ancestral","author":"AF","date":"01\/03\/2017","format":false,"excerpt":"La comunidad \"Epu Lafken\" impulsa la recuperaci\u00f3n del lugar, ubicado en un terreno privado a 8 kil\u00f3metros de esa localidad bonaerense. Quienen sepultar al ide\u00f3logo de la bandera mapuche con un ritual funerario denominado \"eluw\u00fcn\", que hace mas de 130 a\u00f1os no se realiza en Argentina. El municipio de General\u2026","rel":"","context":"En \u00abLocales\u00bb","block_context":{"text":"Locales","link":"https:\/\/www.24baires.com\/?cat=38"},"img":{"alt_text":"","src":"https:\/\/i0.wp.com\/www.24baires.com\/wp-content\/uploads\/2017\/03\/mapuches-los-toldos.jpg?resize=350%2C200","width":350,"height":200,"srcset":"https:\/\/i0.wp.com\/www.24baires.com\/wp-content\/uploads\/2017\/03\/mapuches-los-toldos.jpg?resize=350%2C200 1x, https:\/\/i0.wp.com\/www.24baires.com\/wp-content\/uploads\/2017\/03\/mapuches-los-toldos.jpg?resize=525%2C300 1.5x"},"classes":[]},{"id":53574,"url":"https:\/\/www.24baires.com\/?p=53574","url_meta":{"origin":11003,"position":1},"title":"Bonaerenses impulsan un nuevo diccionario de idioma mapuche","author":"GB","date":"13\/09\/2014","format":false,"excerpt":"La iniciativa se desarrolla en las localidades de Olavarria, Azul, Tandil, Los Toldos y Florencio Varela, a ra\u00edz de un proyecto avalado por la Universidad Nacional del Centro de la provincia de Buenos Aires. Una vez editado, permitir\u00e1 la organizaci\u00f3n de charlas en instituciones locales y regionales con objeto de\u2026","rel":"","context":"En \u00abSociedad\u00bb","block_context":{"text":"Sociedad","link":"https:\/\/www.24baires.com\/?cat=1"},"img":{"alt_text":"diccionario mapuche","src":"https:\/\/i0.wp.com\/www.24baires.com\/wp-content\/uploads\/2014\/09\/diccionario-mapuche.jpg?resize=350%2C200","width":350,"height":200,"srcset":"https:\/\/i0.wp.com\/www.24baires.com\/wp-content\/uploads\/2014\/09\/diccionario-mapuche.jpg?resize=350%2C200 1x, https:\/\/i0.wp.com\/www.24baires.com\/wp-content\/uploads\/2014\/09\/diccionario-mapuche.jpg?resize=525%2C300 1.5x"},"classes":[]},{"id":5396,"url":"https:\/\/www.24baires.com\/?p=5396","url_meta":{"origin":11003,"position":2},"title":"Subsidiar\u00e1n obras de Infraestructura para Lober\u00eda","author":"AF","date":"14\/11\/2012","format":false,"excerpt":"Hugo Rodr\u00edguez, jefe comunal de Lober\u00eda, y Fabi\u00e1n Stachiotti, subsecretario Social de Tierras, Urbanismo y Vivienda del ministerio de Infraestructura, firmaron acuerdo por el cual se subsidiar\u00e1n obras de infraestructura para el distrito. El intendente de Lober\u00eda Hugo Rodr\u00edguez, y el subsecretario Social de Tierras, Urbanismo y Vivienda del ministerio\u2026","rel":"","context":"En \u00abLocales\u00bb","block_context":{"text":"Locales","link":"https:\/\/www.24baires.com\/?cat=38"},"img":{"alt_text":"","src":"https:\/\/i0.wp.com\/www.24baires.com\/wp-content\/uploads\/2012\/11\/lober%C3%ADa.jpg?resize=350%2C200","width":350,"height":200},"classes":[]},{"id":16538,"url":"https:\/\/www.24baires.com\/?p=16538","url_meta":{"origin":11003,"position":3},"title":"Chacabuco: firman convenio para escriturar todas las viviendas sociales","author":"AF","date":"23\/02\/2013","format":false,"excerpt":"La municipalidad de Chacabuco firm\u00f3 con la subsecretar\u00eda Social de Tierras, Urbanismo y Vivienda del ministerio de Infraestructura bonaerense, que encabeza Fabi\u00e1n Stachiotti, un convenio con para escriturar todas las viviendas sociales en el distrito. M\u00e1s 800 vecinos del distrito de Chacabuco podr\u00e1n convertirse en propietarios de sus casas. Formaron\u2026","rel":"","context":"En \u00abLocales\u00bb","block_context":{"text":"Locales","link":"https:\/\/www.24baires.com\/?cat=38"},"img":{"alt_text":"","src":"","width":0,"height":0},"classes":[]},{"id":102721,"url":"https:\/\/www.24baires.com\/?p=102721","url_meta":{"origin":11003,"position":4},"title":"El Estado tiene 10 d\u00edas para apelar contra la entrega de tierras mapuche","author":"AF","date":"13\/06\/2018","format":false,"excerpt":"Se trata de una cesi\u00f3n territorial otorgada por la Justicia en favor del pueblo naci\u00f3n mapuche. Se encuentra en San Carlos de Bariloche, y fue cedido a t\u00edtulo gratuito. La C\u00e1mara Contencioso Administrativo Federal otorg\u00f3 un plazo de 10 d\u00edas al Estado Nacional para que fundamente la apelaci\u00f3n que present\u00f3\u2026","rel":"","context":"En \u00abJUDICIALES\u00bb","block_context":{"text":"JUDICIALES","link":"https:\/\/www.24baires.com\/?cat=68"},"img":{"alt_text":"","src":"https:\/\/i0.wp.com\/www.24baires.com\/wp-content\/uploads\/2018\/06\/mapucge.jpg?resize=350%2C200","width":350,"height":200,"srcset":"https:\/\/i0.wp.com\/www.24baires.com\/wp-content\/uploads\/2018\/06\/mapucge.jpg?resize=350%2C200 1x, https:\/\/i0.wp.com\/www.24baires.com\/wp-content\/uploads\/2018\/06\/mapucge.jpg?resize=525%2C300 1.5x"},"classes":[]},{"id":30786,"url":"https:\/\/www.24baires.com\/?p=30786","url_meta":{"origin":11003,"position":5},"title":"Carhu\u00e9: comunidad originaria proyecta instalar una radio","author":"AF","date":"26\/08\/2013","format":false,"excerpt":"La titular de la Casa de la Cultura Mapuche de Bah\u00eda Blanca habl\u00f3 de ese proyecto. Olga Curipan es titular de la Casa de Cultura Mapuche de Bah\u00eda Blanca e integrante del Parlamento Mapuche. Dio detalles de las actividades que desarrolla la comunidad originaria y los proyectos a los que\u2026","rel":"","context":"En \u00abLocales\u00bb","block_context":{"text":"Locales","link":"https:\/\/www.24baires.com\/?cat=38"},"img":{"alt_text":"","src":"","width":0,"height":0},"classes":[]}],"jetpack_sharing_enabled":true,"jetpack_likes_enabled":true,"_links":{"self":[{"href":"https:\/\/www.24baires.com\/index.php?rest_route=\/wp\/v2\/posts\/11003","targetHints":{"allow":["GET"]}}],"collection":[{"href":"https:\/\/www.24baires.com\/index.php?rest_route=\/wp\/v2\/posts"}],"about":[{"href":"https:\/\/www.24baires.com\/index.php?rest_route=\/wp\/v2\/types\/post"}],"author":[{"embeddable":true,"href":"https:\/\/www.24baires.com\/index.php?rest_route=\/wp\/v2\/users\/4"}],"replies":[{"embeddable":true,"href":"https:\/\/www.24baires.com\/index.php?rest_route=%2Fwp%2Fv2%2Fcomments&post=11003"}],"version-history":[{"count":3,"href":"https:\/\/www.24baires.com\/index.php?rest_route=\/wp\/v2\/posts\/11003\/revisions"}],"predecessor-version":[{"id":11007,"href":"https:\/\/www.24baires.com\/index.php?rest_route=\/wp\/v2\/posts\/11003\/revisions\/11007"}],"wp:attachment":[{"href":"https:\/\/www.24baires.com\/index.php?rest_route=%2Fwp%2Fv2%2Fmedia&parent=11003"}],"wp:term":[{"taxonomy":"category","embeddable":true,"href":"https:\/\/www.24baires.com\/index.php?rest_route=%2Fwp%2Fv2%2Fcategories&post=11003"},{"taxonomy":"post_tag","embeddable":true,"href":"https:\/\/www.24baires.com\/index.php?rest_route=%2Fwp%2Fv2%2Ftags&post=11003"}],"curies":[{"name":"wp","href":"https:\/\/api.w.org\/{rel}","templated":true}]}}