{"id":10990,"date":"2013-01-02T16:29:44","date_gmt":"2013-01-02T19:29:44","guid":{"rendered":"http:\/\/www.24baires.com\/?p=10990"},"modified":"2013-01-02T16:29:44","modified_gmt":"2013-01-02T19:29:44","slug":"el-puerto-de-mar-del-plata-para-reclamando-fija-de-precios-y-actualizacion-del-convenio-de-trabajo","status":"publish","type":"post","link":"https:\/\/www.24baires.com\/?p=10990","title":{"rendered":"El puerto de Mar del Plata para reclamando fija de precios y actualizaci\u00f3n del Convenio de Trabajo"},"content":{"rendered":"<p>Trabajadores nucleados en el Sindicato Obrero Mar\u00edtimo Unido (SOMU) iniciaron este mi\u00e9rcoles un paro por tiempo indeterminado en reclamo de la actualizaci\u00f3n del Convenio Colectivo de Trabajo con los armadores y la fijaci\u00f3n de un precio de referencia del pescado \u201cvariado\u201d. El pr\u00f3ximo jueves habr\u00e1 una nueva reuni\u00f3n con los \u201ccosteros\u201d aunque los pescadores dicen que no volver\u00e1n a trabajar hasta que no se solucione el conflicto. <!--more--><\/p>\n<p>En un comunicado, el SOMU sostuvo que \u00abtras diversos encuentros en el Ministerio de Trabajo de la Naci\u00f3n, las partes no lograron sellar un entendimiento en los \u00faltimos meses del a\u00f1o 2012. La causa fundamental fue la ausencia y falta de inter\u00e9s en resolver este conflicto\u201d de parte del gerente de la Asociaci\u00f3n de Embarcaciones de Pesca Costera, Mariano Retrivi.<\/p>\n<p>Las diferencias entre el sindicato y los armadores giran en torno a la actualizaci\u00f3n del Convenio Colectivo de Trabajo 335\/01. Los empresarios piden avanzar en el di\u00e1logo pero sin modificar el esquema de liquidaci\u00f3n &#8216;a la parte&#8217;, tal como pretende el SOMU con la quita del 19 por ciento que se descuenta al trabajador en el gasto general de la liquidaci\u00f3n.<\/p>\n<p>Pero adem\u00e1s, los pescadores del \u201cvariado\u201d reclaman la fijaci\u00f3n de un precio de referencia para el precio del pescado. Los empresarios, en tanto, aseguran que no hay mercado para ese tipo por lo que es imposible fijar un n\u00famero.<\/p>\n<p>\u201cEl precio del pescado es lo primordial, es mucha la diferencia, entre un barco y otro puede haber una diferencia de 2 mil pesos. Hay algunos empresarios que est\u00e1n bien, y otros que est\u00e1n mal, pero necesitamos tener un precio para discutir mejor parados\u201d, dijo el titular del SOMU local, Ruben Manno.<\/p>\n<p>La Asociaci\u00f3n, por su parte, ofert\u00f3 darle un d\u00eda de trabajo en puerto a los pescadores, formar una comisi\u00f3n para el seguimiento de precios y obtener un valor de referencia, y presentar facturas en forma mensual para respaldar las operaciones declaradas.<br \/>\nSin embargo, los pescadores no est\u00e1n conformes con este ofrecimiento aunque ma\u00f1ana habr\u00e1 una nueva reuni\u00f3n con Retrivi para acercar las partes. \u201cSi no hay soluci\u00f3n no volvemos a trabajar\u201d, dijo Manno.<\/p>\n<p>&nbsp;<\/p>\n<p>&nbsp;<\/p>\n<p>&nbsp;<\/p>\n<p>&nbsp;<\/p>\n<p>&nbsp;<\/p>\n<p>&nbsp;<\/p>\n<p>&nbsp;<\/p>\n<p>&nbsp;<\/p>\n<p>&nbsp;<\/p>\n<p>&nbsp;<\/p>\n<p>&nbsp;<\/p>\n<p>&nbsp;<\/p>\n<p>&nbsp;<\/p>\n<p>&nbsp;<\/p>\n<p>&nbsp;<\/p>\n<p>&nbsp;<\/p>\n<p>&nbsp;<\/p>\n<p>&nbsp;<\/p>\n<p>&nbsp;<\/p>\n<p>&nbsp;<\/p>\n<p>&nbsp;<\/p>\n<p>&nbsp;<\/p>\n<p>&nbsp;<\/p>\n","protected":false},"excerpt":{"rendered":"<p>Trabajadores nucleados en el Sindicato Obrero Mar\u00edtimo Unido (SOMU) iniciaron este mi\u00e9rcoles un paro por tiempo indeterminado en reclamo de la actualizaci\u00f3n del Convenio Colectivo de Trabajo con los armadores y la fijaci\u00f3n de un precio de referencia del pescado \u201cvariado\u201d. El pr\u00f3ximo jueves habr\u00e1 una nueva reuni\u00f3n con los \u201ccosteros\u201d aunque los pescadores dicen que no volver\u00e1n a trabajar [&#8230;]<\/p>\n","protected":false},"author":4,"featured_media":0,"comment_status":"open","ping_status":"open","sticky":false,"template":"","format":"standard","meta":{"_jetpack_newsletter_access":"","_jetpack_dont_email_post_to_subs":false,"_jetpack_newsletter_tier_id":0,"_jetpack_memberships_contains_paywalled_content":false,"_jetpack_memberships_contains_paid_content":false,"footnotes":""},"categories":[1],"tags":[],"class_list":["post-10990","post","type-post","status-publish","format-standard","hentry","category-sociedad"],"jetpack_featured_media_url":"","jetpack_shortlink":"https:\/\/wp.me\/p2JWE0-2Rg","jetpack-related-posts":[{"id":11180,"url":"https:\/\/www.24baires.com\/?p=11180","url_meta":{"origin":10990,"position":0},"title":"Se levant\u00f3 el paro del SOMU y vuelve la actividad pesquera","author":"Grupo Sierra","date":"04\/01\/2013","format":false,"excerpt":"Tras haber arribado a un acuerdo con la Asociaci\u00f3n de Embarcaciones de Pesca Costera, el Sindicato Obreros Mar\u00edtimos Unidos (SOMU) levant\u00f3 ayer la medida de fuerza que hab\u00eda paralizado las actividades de la flota fresquera y los buques quedaron en condiciones de zarpar. La informaci\u00f3n fue proporcionada por el secretario\u2026","rel":"","context":"En \u00abPol\u00edtica\u00bb","block_context":{"text":"Pol\u00edtica","link":"https:\/\/www.24baires.com\/?cat=51"},"img":{"alt_text":"","src":"","width":0,"height":0},"classes":[]},{"id":46345,"url":"https:\/\/www.24baires.com\/?p=46345","url_meta":{"origin":10990,"position":1},"title":"Sindicatos paralizan hoy el puerto de Bah\u00eda Blanca","author":"AF","date":"20\/05\/2014","format":false,"excerpt":"Trabajadores de los doce sindicatos con representaci\u00f3n en el puerto Ingeniero White, en Bah\u00eda Blanca, anunciaron que realizar\u00e1n este martes un paro de actividades para rechazar la medida cautelar que dict\u00f3 el viernes la Justicia platense y que ordena retirar los permisos de pesca otorgados a dos buques marplatenses para\u2026","rel":"","context":"En \u00abLocales\u00bb","block_context":{"text":"Locales","link":"https:\/\/www.24baires.com\/?cat=38"},"img":{"alt_text":"","src":"","width":0,"height":0},"classes":[]},{"id":100062,"url":"https:\/\/www.24baires.com\/?p=100062","url_meta":{"origin":10990,"position":2},"title":"Laura Alonso analizar\u00e1 el caso de la empleada de Jorge Triaca","author":"AF","date":"19\/01\/2018","format":false,"excerpt":"La Oficina Anticorrupci\u00f3n promete que \"se har\u00e1 el an\u00e1lisis del caso\" en cuanto a la contrataci\u00f3n de Sandra Heredia. Pero llamativamente no trabajar\u00e1 la explotaci\u00f3n de la empleada en la propiedad de la familia del ministro de Trabajo. La Oficina Anticorrupci\u00f3n (OA), que encabeza Laura Alonso, analizar\u00e1 el caso del\u2026","rel":"","context":"En \u00abPol\u00edtica\u00bb","block_context":{"text":"Pol\u00edtica","link":"https:\/\/www.24baires.com\/?cat=51"},"img":{"alt_text":"","src":"https:\/\/i0.wp.com\/www.24baires.com\/wp-content\/uploads\/2016\/09\/triaca.jpg?resize=350%2C200","width":350,"height":200,"srcset":"https:\/\/i0.wp.com\/www.24baires.com\/wp-content\/uploads\/2016\/09\/triaca.jpg?resize=350%2C200 1x, https:\/\/i0.wp.com\/www.24baires.com\/wp-content\/uploads\/2016\/09\/triaca.jpg?resize=525%2C300 1.5x"},"classes":[]},{"id":100246,"url":"https:\/\/www.24baires.com\/?p=100246","url_meta":{"origin":10990,"position":3},"title":"\u201cBuscan que haya un pa\u00eds sin sindicatos para avanzar sobre los trabajadores\u00bb","author":"AF","date":"30\/01\/2018","format":false,"excerpt":"El secretario general del sindicato bancario apoy\u00f3 la convocatoria contra el ajuste y el ataque contra las entidades sindicales que lanz\u00f3 Hugo Moyano para el pr\u00f3ximo 22 de febrero y pidi\u00f3 acompa\u00f1arla. El secretario general del sindicato bancario, Sergio Palazzo apoy\u00f3 la protesta lanzada por el gremio de Camioneros y\u2026","rel":"","context":"En \u00abSociedad\u00bb","block_context":{"text":"Sociedad","link":"https:\/\/www.24baires.com\/?cat=1"},"img":{"alt_text":"","src":"https:\/\/i0.wp.com\/www.24baires.com\/wp-content\/uploads\/2018\/01\/palazzo-bancaria.jpg?resize=350%2C200","width":350,"height":200,"srcset":"https:\/\/i0.wp.com\/www.24baires.com\/wp-content\/uploads\/2018\/01\/palazzo-bancaria.jpg?resize=350%2C200 1x, https:\/\/i0.wp.com\/www.24baires.com\/wp-content\/uploads\/2018\/01\/palazzo-bancaria.jpg?resize=525%2C300 1.5x"},"classes":[]},{"id":101693,"url":"https:\/\/www.24baires.com\/?p=101693","url_meta":{"origin":10990,"position":4},"title":"Tras el paro de 48 horas, bancarios esperan llegar a un acuerdo salarial","author":"GB","date":"19\/04\/2018","format":false,"excerpt":"Desde La Bancaria destacaron la medida de fuerza a nivel nacional en las entidades p\u00fablicas y privadas. Esta jornada tendr\u00e1n una reuni\u00f3n con las c\u00e1maras empresarias para intentar destrabar el conflicto. Los trabajadores de los bancos p\u00fablicos y privados culminaron la medida de fuerza dispuesta por 48 horas en todo\u2026","rel":"","context":"En \u00abPol\u00edtica\u00bb","block_context":{"text":"Pol\u00edtica","link":"https:\/\/www.24baires.com\/?cat=51"},"img":{"alt_text":"","src":"https:\/\/i0.wp.com\/www.24baires.com\/wp-content\/uploads\/2015\/05\/bancaria.jpg?resize=350%2C200","width":350,"height":200,"srcset":"https:\/\/i0.wp.com\/www.24baires.com\/wp-content\/uploads\/2015\/05\/bancaria.jpg?resize=350%2C200 1x, https:\/\/i0.wp.com\/www.24baires.com\/wp-content\/uploads\/2015\/05\/bancaria.jpg?resize=525%2C300 1.5x"},"classes":[]},{"id":100012,"url":"https:\/\/www.24baires.com\/?p=100012","url_meta":{"origin":10990,"position":5},"title":"El Reino del Rev\u00e9s","author":"AF","date":"17\/01\/2018","format":false,"excerpt":"\u201cMe dijeron que en el reino del rev\u00e9s nadie baila con los pies. Que un ladr\u00f3n es vigilante y otro es juez y que dos y dos son tres\u201d Mar\u00eda Elena Walsh Argentina. Enero 2018. Querido diario, quiero contarte algo extra\u00f1o. De hecho, espero que puedas creerme, ya que es\u2026","rel":"","context":"En \u00abOpini\u00f3n\u00bb","block_context":{"text":"Opini\u00f3n","link":"https:\/\/www.24baires.com\/?cat=64"},"img":{"alt_text":"","src":"https:\/\/i0.wp.com\/www.24baires.com\/wp-content\/uploads\/2018\/01\/triaca.jpg?resize=350%2C200","width":350,"height":200,"srcset":"https:\/\/i0.wp.com\/www.24baires.com\/wp-content\/uploads\/2018\/01\/triaca.jpg?resize=350%2C200 1x, https:\/\/i0.wp.com\/www.24baires.com\/wp-content\/uploads\/2018\/01\/triaca.jpg?resize=525%2C300 1.5x"},"classes":[]}],"jetpack_sharing_enabled":true,"jetpack_likes_enabled":true,"_links":{"self":[{"href":"https:\/\/www.24baires.com\/index.php?rest_route=\/wp\/v2\/posts\/10990","targetHints":{"allow":["GET"]}}],"collection":[{"href":"https:\/\/www.24baires.com\/index.php?rest_route=\/wp\/v2\/posts"}],"about":[{"href":"https:\/\/www.24baires.com\/index.php?rest_route=\/wp\/v2\/types\/post"}],"author":[{"embeddable":true,"href":"https:\/\/www.24baires.com\/index.php?rest_route=\/wp\/v2\/users\/4"}],"replies":[{"embeddable":true,"href":"https:\/\/www.24baires.com\/index.php?rest_route=%2Fwp%2Fv2%2Fcomments&post=10990"}],"version-history":[{"count":2,"href":"https:\/\/www.24baires.com\/index.php?rest_route=\/wp\/v2\/posts\/10990\/revisions"}],"predecessor-version":[{"id":10992,"href":"https:\/\/www.24baires.com\/index.php?rest_route=\/wp\/v2\/posts\/10990\/revisions\/10992"}],"wp:attachment":[{"href":"https:\/\/www.24baires.com\/index.php?rest_route=%2Fwp%2Fv2%2Fmedia&parent=10990"}],"wp:term":[{"taxonomy":"category","embeddable":true,"href":"https:\/\/www.24baires.com\/index.php?rest_route=%2Fwp%2Fv2%2Fcategories&post=10990"},{"taxonomy":"post_tag","embeddable":true,"href":"https:\/\/www.24baires.com\/index.php?rest_route=%2Fwp%2Fv2%2Ftags&post=10990"}],"curies":[{"name":"wp","href":"https:\/\/api.w.org\/{rel}","templated":true}]}}