{"id":10973,"date":"2013-01-02T15:55:59","date_gmt":"2013-01-02T18:55:59","guid":{"rendered":"http:\/\/www.24baires.com\/?p=10973"},"modified":"2013-01-03T14:29:29","modified_gmt":"2013-01-03T17:29:29","slug":"madres-marchan-a-tribunales-para-que-a-pesar-de-la-feria-se-trate-la-ley-de-medios","status":"publish","type":"post","link":"https:\/\/www.24baires.com\/?p=10973","title":{"rendered":"Madres marchan a Tribunales para que se trate la Ley de Medios a pesar de la feria"},"content":{"rendered":"<p style=\"text-align: center;\"><a href=\"http:\/\/www.24baires.com\/medios\/10973-madres-marchan-a-tribunales-para-que-a-pesar-de-la-feria-se-trate-la-ley-de-medios\/attachment\/madres-plaza-de-mayo\/\" rel=\"attachment wp-att-10978\"><img data-recalc-dims=\"1\" loading=\"lazy\" decoding=\"async\" class=\"size-full wp-image-10978 aligncenter\" alt=\"MADRES PLAZA DE MAYO\" src=\"https:\/\/i0.wp.com\/www.24baires.com\/wp-content\/uploads\/2013\/01\/MADRES-PLAZA-DE-MAYO.jpg?resize=560%2C420\" width=\"560\" height=\"420\" srcset=\"https:\/\/i0.wp.com\/www.24baires.com\/wp-content\/uploads\/2013\/01\/MADRES-PLAZA-DE-MAYO.jpg?w=560&amp;ssl=1 560w, https:\/\/i0.wp.com\/www.24baires.com\/wp-content\/uploads\/2013\/01\/MADRES-PLAZA-DE-MAYO.jpg?resize=300%2C225&amp;ssl=1 300w\" sizes=\"auto, (max-width: 560px) 100vw, 560px\" \/><\/a><\/p>\n<p style=\"text-align: left;\">En el marco de la presentaci\u00f3n de la jefatura de Gabinete y el Afsca para que se habilite la feria judicial para tratar la Ley de Medios, luego de que la Corte Suprema de Justicia de la Naci\u00f3n rechazara el per saltum y confirmara la extensi\u00f3n de la medida cautelar en favor del Grupo Clar\u00edn, las Madres convocan <strong>\u201ca todos aquellos que a\u00fan creen en la justicia\u201d<\/strong> a concentrarse.<!--more--><br \/>\nA trav\u00e9s de un comunicado, la titular de la Asociaci\u00f3n Madres de Plaza de Mayo, Hebe de Bonafini, invit\u00f3 a manifestarse frente al Palacio de Tribunales luego de la habitual ronda de los jueves en la Plaza de Mayo.<\/p>\n<p>El llamado, seg\u00fan Bonafini, es para \u00abtodos aquellos que todav\u00eda creen en la justicia. Esta vez frente a Tribunales para contar la historia de la injusticia que las Madres sufrimos en carne propia\u00bb.<\/p>\n<p>En ese sentido, el comunicado se\u00f1ala: \u201cNo falte, sea protagonista de este momento pol\u00edtico\u201d.<\/p>\n<p>El evento tendr\u00e1 lugar el pr\u00f3ximo jueves a partir de las 16.30 y se desarrollar\u00e1 en el marco de la presentaci\u00f3n de la jefatura de Gabinete y el Afsca para que se habilite la feria judicial para tratar la Ley de Servicios de Comunicaci\u00f3n Audiovisual, luego de que la Corte Suprema de Justicia de la Naci\u00f3n rechazara el per saltum y confirmara la extensi\u00f3n de la medida cautelar en favor del Grupo Clar\u00edn.<\/p>\n<p>&nbsp;<\/p>\n<p>&nbsp;<\/p>\n<p>&nbsp;<\/p>\n<p>&nbsp;<\/p>\n<p>&nbsp;<\/p>\n<p>&nbsp;<\/p>\n<p>&nbsp;<\/p>\n<p>&nbsp;<\/p>\n<p>&nbsp;<\/p>\n<p>&nbsp;<\/p>\n<p>&nbsp;<\/p>\n<p>&nbsp;<\/p>\n<p>&nbsp;<\/p>\n<p>&nbsp;<\/p>\n<p>&nbsp;<\/p>\n<p>&nbsp;<\/p>\n<p>&nbsp;<\/p>\n<p>&nbsp;<\/p>\n<p>&nbsp;<\/p>\n<p>&nbsp;<\/p>\n<p>&nbsp;<\/p>\n<p>&nbsp;<\/p>\n<p>&nbsp;<\/p>\n<p>&nbsp;<\/p>\n","protected":false},"excerpt":{"rendered":"<p>En el marco de la presentaci\u00f3n de la jefatura de Gabinete y el Afsca para que se habilite la feria judicial para tratar la Ley de Medios, luego de que la Corte Suprema de Justicia de la Naci\u00f3n rechazara el per saltum y confirmara la extensi\u00f3n de la medida cautelar en favor del Grupo Clar\u00edn, las Madres convocan \u201ca todos [&#8230;]<\/p>\n","protected":false},"author":4,"featured_media":0,"comment_status":"open","ping_status":"open","sticky":false,"template":"","format":"standard","meta":{"_jetpack_newsletter_access":"","_jetpack_dont_email_post_to_subs":false,"_jetpack_newsletter_tier_id":0,"_jetpack_memberships_contains_paywalled_content":false,"_jetpack_memberships_contains_paid_content":false,"footnotes":""},"categories":[54],"tags":[],"class_list":["post-10973","post","type-post","status-publish","format-standard","hentry","category-medios"],"jetpack_featured_media_url":"","jetpack_shortlink":"https:\/\/wp.me\/p2JWE0-2QZ","jetpack-related-posts":[{"id":11158,"url":"https:\/\/www.24baires.com\/?p=11158","url_meta":{"origin":10973,"position":0},"title":"\u201cVamos a venir todos los jueves hasta la puerta de Tribunales hasta que nos hartemos\u00bb","author":"Grupo Sierra","date":"03\/01\/2013","format":false,"excerpt":"La titular de Madres de Plaza de Mayo, Hebe de Bonafini, critic\u00f3 a la Justicia por el rechazo al pedido de per saltum pedido por el Gobierno en la causa por la Ley de Medios y por la confirmaci\u00f3n de la extensi\u00f3n de la cautelar que beneficia al Grupo Clar\u00edn.\u2026","rel":"","context":"En \u00abMedios\u00bb","block_context":{"text":"Medios","link":"https:\/\/www.24baires.com\/?cat=54"},"img":{"alt_text":"","src":"","width":0,"height":0},"classes":[]},{"id":10904,"url":"https:\/\/www.24baires.com\/?p=10904","url_meta":{"origin":10973,"position":1},"title":"El Gobierno solicitar\u00e1 la habilitaci\u00f3n de la feria judicial para tratar la Ley de Medios","author":"AF","date":"01\/01\/2013","format":false,"excerpt":"El gobierno pedir\u00e1 este mi\u00e9rcoles, en el primer d\u00eda h\u00e1bil del a\u00f1o, que la C\u00e1mara Federal Civil y Comercial Federal habilite la feria judicial de enero para resolver con \u201cceleridad\u201d la causa planteada por el grupo Clar\u00edn contra la Ley de Medios. La presentaci\u00f3n la har\u00e1 a primera hora la\u2026","rel":"","context":"En \u00abMedios\u00bb","block_context":{"text":"Medios","link":"https:\/\/www.24baires.com\/?cat=54"},"img":{"alt_text":"","src":"","width":0,"height":0},"classes":[]},{"id":85887,"url":"https:\/\/www.24baires.com\/?p=85887","url_meta":{"origin":10973,"position":2},"title":"Ordenan detener a Hebe: \u00abQue me lleven presa, no les tengo miedo\u00bb dijo","author":"Grupo Sierra","date":"04\/08\/2016","format":false,"excerpt":"La titular de la Asociaci\u00f3n Madres de Plaza de Mayo, Hebe de Bonafini, no se present\u00f3 a declarar en los tribunales federales de Comodoro Py en la causa Sue\u00f1os Compartidos en la que est\u00e1 imputada, por lo que el juez Marcelo Mart\u00ednez de Giorgi orden\u00f3 su captura. Pese a que\u2026","rel":"","context":"En \u00abJUDICIALES\u00bb","block_context":{"text":"JUDICIALES","link":"https:\/\/www.24baires.com\/?cat=68"},"img":{"alt_text":"hebe madres","src":"https:\/\/i0.wp.com\/www.24baires.com\/wp-content\/uploads\/2016\/08\/hebe-madres.jpg?resize=350%2C200","width":350,"height":200,"srcset":"https:\/\/i0.wp.com\/www.24baires.com\/wp-content\/uploads\/2016\/08\/hebe-madres.jpg?resize=350%2C200 1x, https:\/\/i0.wp.com\/www.24baires.com\/wp-content\/uploads\/2016\/08\/hebe-madres.jpg?resize=525%2C300 1.5x"},"classes":[]},{"id":115472,"url":"https:\/\/www.24baires.com\/?p=115472","url_meta":{"origin":10973,"position":3},"title":"La Suprema Corte suspendi\u00f3 la feria judicial de invierno","author":"GB","date":"26\/06\/2020","format":false,"excerpt":"Funcionarios judiciales y sobre todo abogados ven\u00edan reclamando una medida en ese sentido para reactivar los expedientes y audiencias, ante el parate que provoc\u00f3 la cuarentena El m\u00e1ximo tribunal bonaerense dispuso la suspensi\u00f3n de la feria judicial durante el receso de invierno, con el objetivo de minimizar el impacto de\u2026","rel":"","context":"En \u00abProvincia\u00bb","block_context":{"text":"Provincia","link":"https:\/\/www.24baires.com\/?cat=40"},"img":{"alt_text":"","src":"https:\/\/i0.wp.com\/www.24baires.com\/wp-content\/uploads\/2020\/06\/corte-bonaerense.jpg?resize=350%2C200","width":350,"height":200,"srcset":"https:\/\/i0.wp.com\/www.24baires.com\/wp-content\/uploads\/2020\/06\/corte-bonaerense.jpg?resize=350%2C200 1x, https:\/\/i0.wp.com\/www.24baires.com\/wp-content\/uploads\/2020\/06\/corte-bonaerense.jpg?resize=525%2C300 1.5x"},"classes":[]},{"id":8472,"url":"https:\/\/www.24baires.com\/?p=8472","url_meta":{"origin":10973,"position":4},"title":"Hubo una multitud en Plaza de Mayo disfrutando de la Fiesta de la Democracia","author":"AF","date":"09\/12\/2012","format":false,"excerpt":"Miles de personas se encuentraron en la Plaza de Mayo, donde Ignacio Copani abri\u00f3 a las 18.15 la \u201cFiesta Patria Popular\u201d por el D\u00eda de la Democracia de los Derechos Humanos. El cantautor Ignacio Copani, due\u00f1o de una palabra comprometida con su tiempo social, inaugur\u00f3 hoy el multitudinario \"Festival Patria\u2026","rel":"","context":"En \u00abPol\u00edtica\u00bb","block_context":{"text":"Pol\u00edtica","link":"https:\/\/www.24baires.com\/?cat=51"},"img":{"alt_text":"","src":"https:\/\/i0.wp.com\/www.24baires.com\/wp-content\/uploads\/2012\/12\/fiesta-popular1.jpg?resize=350%2C200","width":350,"height":200,"srcset":"https:\/\/i0.wp.com\/www.24baires.com\/wp-content\/uploads\/2012\/12\/fiesta-popular1.jpg?resize=350%2C200 1x, https:\/\/i0.wp.com\/www.24baires.com\/wp-content\/uploads\/2012\/12\/fiesta-popular1.jpg?resize=525%2C300 1.5x"},"classes":[]},{"id":114750,"url":"https:\/\/www.24baires.com\/?p=114750","url_meta":{"origin":10973,"position":5},"title":"La Corte habilit\u00f3 la feria para tratar el pedido de CFK","author":"AF","date":"17\/04\/2020","format":false,"excerpt":"El m\u00e1ximo tribunal analizar\u00e1 la posibilidad de que el Senado sesione a distancia, un pedido de la vicepresidenta. La Corte Suprema de la Naci\u00f3n habilit\u00f3 la feria judicial para consultarle a la Procuraci\u00f3n General de la Naci\u00f3n, sobre la constitucionalidad del pedido de sesi\u00f3n a distancia que realiz\u00f3 la vicepresidenta\u2026","rel":"","context":"En \u00abJUDICIALES\u00bb","block_context":{"text":"JUDICIALES","link":"https:\/\/www.24baires.com\/?cat=68"},"img":{"alt_text":"","src":"https:\/\/i0.wp.com\/www.24baires.com\/wp-content\/uploads\/2019\/12\/cristina-plaza.jpg?resize=350%2C200","width":350,"height":200,"srcset":"https:\/\/i0.wp.com\/www.24baires.com\/wp-content\/uploads\/2019\/12\/cristina-plaza.jpg?resize=350%2C200 1x, https:\/\/i0.wp.com\/www.24baires.com\/wp-content\/uploads\/2019\/12\/cristina-plaza.jpg?resize=525%2C300 1.5x"},"classes":[]}],"jetpack_sharing_enabled":true,"jetpack_likes_enabled":true,"_links":{"self":[{"href":"https:\/\/www.24baires.com\/index.php?rest_route=\/wp\/v2\/posts\/10973","targetHints":{"allow":["GET"]}}],"collection":[{"href":"https:\/\/www.24baires.com\/index.php?rest_route=\/wp\/v2\/posts"}],"about":[{"href":"https:\/\/www.24baires.com\/index.php?rest_route=\/wp\/v2\/types\/post"}],"author":[{"embeddable":true,"href":"https:\/\/www.24baires.com\/index.php?rest_route=\/wp\/v2\/users\/4"}],"replies":[{"embeddable":true,"href":"https:\/\/www.24baires.com\/index.php?rest_route=%2Fwp%2Fv2%2Fcomments&post=10973"}],"version-history":[{"count":3,"href":"https:\/\/www.24baires.com\/index.php?rest_route=\/wp\/v2\/posts\/10973\/revisions"}],"predecessor-version":[{"id":11104,"href":"https:\/\/www.24baires.com\/index.php?rest_route=\/wp\/v2\/posts\/10973\/revisions\/11104"}],"wp:attachment":[{"href":"https:\/\/www.24baires.com\/index.php?rest_route=%2Fwp%2Fv2%2Fmedia&parent=10973"}],"wp:term":[{"taxonomy":"category","embeddable":true,"href":"https:\/\/www.24baires.com\/index.php?rest_route=%2Fwp%2Fv2%2Fcategories&post=10973"},{"taxonomy":"post_tag","embeddable":true,"href":"https:\/\/www.24baires.com\/index.php?rest_route=%2Fwp%2Fv2%2Ftags&post=10973"}],"curies":[{"name":"wp","href":"https:\/\/api.w.org\/{rel}","templated":true}]}}