{"id":1097,"date":"2012-10-05T13:00:39","date_gmt":"2012-10-05T16:00:39","guid":{"rendered":"http:\/\/www.24baires.com\/?p=1097"},"modified":"2012-10-05T13:02:12","modified_gmt":"2012-10-05T16:02:12","slug":"1097","status":"publish","type":"post","link":"https:\/\/www.24baires.com\/?p=1097","title":{"rendered":"Dorrego pide celeridad en la entrega de patrulleros"},"content":{"rendered":"<p>El Intendente de Coronel Dorrego, Fabi\u00e1n Zorzano, particip\u00f3 en La Plata de la reuni\u00f3n que mantuvo el Gobernador Scioli con los Intendentes Radicales de la Provincia de Buenos Aires.<!--more--><\/p>\n<p>Durante el c\u00f3nclave, el Gobernador bonaerense inform\u00f3 que ser\u00e1 dif\u00edcil cumplir con los art\u00edculos de la reciente reforma fiscal que marcan coparticipar 400 millones de pesos a las comunas. De la reuni\u00f3n participaron adem\u00e1s los Ministros Cristina \u00c1lvarez Rodr\u00edguez, de Gobierno, Ricardo Casal de Seguridad y Justicia, y Silvina Batakis, de Econom\u00eda.<\/p>\n<p>El doctor Zorzano plante\u00f3 aspectos relacionados con el financiamiento de obras en ejecuci\u00f3n y en lo atinente a la Seguridad habl\u00f3 de la necesidad de acortar los tiempos de ploteo y blindaje de las pick-ups que el municipio adquiri\u00f3 para ser destinadas la polic\u00eda.<\/p>\n","protected":false},"excerpt":{"rendered":"<p>El Intendente de Coronel Dorrego, Fabi\u00e1n Zorzano, particip\u00f3 en La Plata de la reuni\u00f3n que mantuvo el Gobernador Scioli con los Intendentes Radicales de la Provincia de Buenos Aires.<\/p>\n","protected":false},"author":4,"featured_media":0,"comment_status":"open","ping_status":"open","sticky":false,"template":"","format":"standard","meta":{"_jetpack_newsletter_access":"","_jetpack_dont_email_post_to_subs":false,"_jetpack_newsletter_tier_id":0,"_jetpack_memberships_contains_paywalled_content":false,"_jetpack_memberships_contains_paid_content":false,"footnotes":""},"categories":[51],"tags":[],"class_list":["post-1097","post","type-post","status-publish","format-standard","hentry","category-politica"],"jetpack_featured_media_url":"","jetpack_shortlink":"https:\/\/wp.me\/s2JWE0-1097","jetpack-related-posts":[{"id":29756,"url":"https:\/\/www.24baires.com\/?p=29756","url_meta":{"origin":1097,"position":0},"title":"Matan de un tiro en la nuca a una joven polic\u00eda en Coronel Dorrego","author":"AF","date":"08\/08\/2013","format":false,"excerpt":"Se trata de la joven de 22 a\u00f1os Karen Krog que acudi\u00f3 al lugar ante el llamado de emergencias por el robo de un auto. La bala que caus\u00f3 la muerte de Krog pertenec\u00eda a un arma reglamentaria de la polic\u00eda bonaerense que minutos antes le hab\u00eda quitado el agresor\u2026","rel":"","context":"En \u00abPoliciales\u00bb","block_context":{"text":"Policiales","link":"https:\/\/www.24baires.com\/?cat=49"},"img":{"alt_text":"","src":"","width":0,"height":0},"classes":[]},{"id":42123,"url":"https:\/\/www.24baires.com\/?p=42123","url_meta":{"origin":1097,"position":1},"title":"Irigoyen y Dorrego esperan un importante plan de obras","author":"Grupo Sierra","date":"14\/03\/2014","format":false,"excerpt":"El ministro de Infraestructura, Alejandro Arl\u00eda mantuvo reuniones con los intendentes de Hip\u00f3lito Irigoyen, Enrique Tkacik y de Coronel Dorrego, Fabi\u00e1n Zorzano , con quienes repas\u00f3 las obras en ejecuci\u00f3n y las incorporadas en el presupuesto 2014, adem\u00e1s las viviendas del Buenos Aires Hogar para ambos municipios. Se habl\u00f3 tambi\u00e9n\u2026","rel":"","context":"En \u00abLocales\u00bb","block_context":{"text":"Locales","link":"https:\/\/www.24baires.com\/?cat=38"},"img":{"alt_text":"buenos aires hogar","src":"https:\/\/i0.wp.com\/www.24baires.com\/wp-content\/uploads\/2014\/03\/buenos-aires-hogar.jpg?resize=350%2C200","width":350,"height":200,"srcset":"https:\/\/i0.wp.com\/www.24baires.com\/wp-content\/uploads\/2014\/03\/buenos-aires-hogar.jpg?resize=350%2C200 1x, https:\/\/i0.wp.com\/www.24baires.com\/wp-content\/uploads\/2014\/03\/buenos-aires-hogar.jpg?resize=525%2C300 1.5x"},"classes":[]},{"id":20762,"url":"https:\/\/www.24baires.com\/?p=20762","url_meta":{"origin":1097,"position":2},"title":"Arrieta y Batakis se reunieron con Intendentes del sudoeste bonaerense","author":"AF","date":"12\/04\/2013","format":false,"excerpt":"Para avanzar en la implementaci\u00f3n de la llegada de fondos con el fin de profundizar los programas y planes que la Provincia aplica en todo el territorio con los componentes diferenciales de la regi\u00f3n, los ministros Asuntos Agrarios, Gustavo Arrieta y de Econom\u00eda, Silvina Batakis, se reunieron con intendentes del\u2026","rel":"","context":"En \u00abEconom\u00eda\u00bb","block_context":{"text":"Econom\u00eda","link":"https:\/\/www.24baires.com\/?cat=45"},"img":{"alt_text":"","src":"","width":0,"height":0},"classes":[]},{"id":37051,"url":"https:\/\/www.24baires.com\/?p=37051","url_meta":{"origin":1097,"position":3},"title":"Costa Atl\u00e1ntica: preocupaci\u00f3n de intendentes por las playas","author":"Grupo Sierra","date":"18\/12\/2013","format":false,"excerpt":"Tras el visto bueno de los jefes comunales de Villa Gesell, Pinamar y el Partido de la Costa, se present\u00f3 el anteproyecto de Ley de Costas en los distritos que se agrupan en la \"Barrera Medanosa Austral\": Lober\u00eda, Necochea, San Cayetano, Tres Arroyos, Coronel Dorrego, Monte Hermoso y Coronel Rosales.\u2026","rel":"","context":"En \u00abProvincia\u00bb","block_context":{"text":"Provincia","link":"https:\/\/www.24baires.com\/?cat=40"},"img":{"alt_text":"playa costa atlantica","src":"https:\/\/i0.wp.com\/www.24baires.com\/wp-content\/uploads\/2013\/02\/playa-costa-atlantica-300x200.jpg?resize=350%2C200","width":350,"height":200},"classes":[]},{"id":120967,"url":"https:\/\/www.24baires.com\/?p=120967","url_meta":{"origin":1097,"position":4},"title":"Kicillof: \u00abEl Gobierno nacional abandon\u00f3 al pueblo bonaerense\u00bb","author":"GB","date":"15\/02\/2024","format":false,"excerpt":"El gobernador Axel Kicillof pas\u00f3 hoy por Monte Hermoso y mantuvo una reuni\u00f3n con intendentes y sectores productivos. Hay preocupaci\u00f3n por el pasar econ\u00f3mico. El gobernador bonaerense, Axel Kicillof, pas\u00f3 hoy por Monte Hermoso, donde lo esperaba una extensa agenda que incluy\u00f3 una reuni\u00f3n con intendentes, empresarios y sectores productivos.\u2026","rel":"","context":"En \u00abProvincia\u00bb","block_context":{"text":"Provincia","link":"https:\/\/www.24baires.com\/?cat=40"},"img":{"alt_text":"","src":"https:\/\/i0.wp.com\/www.24baires.com\/wp-content\/uploads\/2024\/02\/axel-equipo.webp?resize=350%2C200","width":350,"height":200,"srcset":"https:\/\/i0.wp.com\/www.24baires.com\/wp-content\/uploads\/2024\/02\/axel-equipo.webp?resize=350%2C200 1x, https:\/\/i0.wp.com\/www.24baires.com\/wp-content\/uploads\/2024\/02\/axel-equipo.webp?resize=525%2C300 1.5x, https:\/\/i0.wp.com\/www.24baires.com\/wp-content\/uploads\/2024\/02\/axel-equipo.webp?resize=700%2C400 2x"},"classes":[]},{"id":47282,"url":"https:\/\/www.24baires.com\/?p=47282","url_meta":{"origin":1097,"position":5},"title":"Condenaron a ex intendente de Tornquist por fraude","author":"GB","date":"03\/06\/2014","format":false,"excerpt":"Marcelo Buschi, fue condenado a dos a\u00f1os y diez meses de prisi\u00f3n en suspenso e inhabilitaci\u00f3n perpetua para el ejercicio de cargos p\u00fablicos. Tambi\u00e9n fueron condenados el ex Secretario de Obras P\u00fablicas, Gerardo Fabi\u00e1n Delgado; la ex Secretaria de Gobierno, Ver\u00f3nica Noem\u00ed Contiggiani y la ex proveedora, Nidia Edith Arias,\u2026","rel":"","context":"En \u00abLocales\u00bb","block_context":{"text":"Locales","link":"https:\/\/www.24baires.com\/?cat=38"},"img":{"alt_text":"int torquist","src":"https:\/\/i0.wp.com\/www.24baires.com\/wp-content\/uploads\/2014\/06\/int-torquist.jpg?resize=350%2C200","width":350,"height":200,"srcset":"https:\/\/i0.wp.com\/www.24baires.com\/wp-content\/uploads\/2014\/06\/int-torquist.jpg?resize=350%2C200 1x, https:\/\/i0.wp.com\/www.24baires.com\/wp-content\/uploads\/2014\/06\/int-torquist.jpg?resize=525%2C300 1.5x"},"classes":[]}],"jetpack_sharing_enabled":true,"jetpack_likes_enabled":true,"_links":{"self":[{"href":"https:\/\/www.24baires.com\/index.php?rest_route=\/wp\/v2\/posts\/1097","targetHints":{"allow":["GET"]}}],"collection":[{"href":"https:\/\/www.24baires.com\/index.php?rest_route=\/wp\/v2\/posts"}],"about":[{"href":"https:\/\/www.24baires.com\/index.php?rest_route=\/wp\/v2\/types\/post"}],"author":[{"embeddable":true,"href":"https:\/\/www.24baires.com\/index.php?rest_route=\/wp\/v2\/users\/4"}],"replies":[{"embeddable":true,"href":"https:\/\/www.24baires.com\/index.php?rest_route=%2Fwp%2Fv2%2Fcomments&post=1097"}],"version-history":[{"count":0,"href":"https:\/\/www.24baires.com\/index.php?rest_route=\/wp\/v2\/posts\/1097\/revisions"}],"wp:attachment":[{"href":"https:\/\/www.24baires.com\/index.php?rest_route=%2Fwp%2Fv2%2Fmedia&parent=1097"}],"wp:term":[{"taxonomy":"category","embeddable":true,"href":"https:\/\/www.24baires.com\/index.php?rest_route=%2Fwp%2Fv2%2Fcategories&post=1097"},{"taxonomy":"post_tag","embeddable":true,"href":"https:\/\/www.24baires.com\/index.php?rest_route=%2Fwp%2Fv2%2Ftags&post=1097"}],"curies":[{"name":"wp","href":"https:\/\/api.w.org\/{rel}","templated":true}]}}