{"id":10961,"date":"2013-01-02T15:06:18","date_gmt":"2013-01-02T18:06:18","guid":{"rendered":"http:\/\/www.24baires.com\/?p=10961"},"modified":"2013-01-02T15:15:14","modified_gmt":"2013-01-02T18:15:14","slug":"la-senadora-di-rado-propone-una-jornada-de-celeste-y-blanco-para-recibir-a-la-fragata","status":"publish","type":"post","link":"https:\/\/www.24baires.com\/?p=10961","title":{"rendered":"La Senadora Di Rado propone \u00abuna jornada de celeste y blanco\u00bb para recibir a la Fragata"},"content":{"rendered":"<p><a href=\"http:\/\/www.24baires.com\/sociedad\/10961-la-senadora-di-rado-propone-una-jornada-de-celeste-y-blanco-para-recibir-a-la-fragata\/attachment\/di-rado-ok\/\" rel=\"attachment wp-att-10966\"><img data-recalc-dims=\"1\" loading=\"lazy\" decoding=\"async\" class=\"alignleft size-full wp-image-10966\" alt=\"di rado ok\" src=\"https:\/\/i0.wp.com\/www.24baires.com\/wp-content\/uploads\/2013\/01\/di-rado-ok.jpg?resize=234%2C223\" width=\"234\" height=\"223\" \/><\/a>La Fragata Libertad arribar\u00e1 el 9 de enero al puerto de Mar del Plata, tras su viaje desde el puerto de Ghana en el que estuvo retenida. La senadora provincial por el Frente para la Victoria, Cristina Di Rado, dijo que \u201cese d\u00eda todos los marplatenses y los turistas debemos estar presentes para saludar la llegada de nuestro buque escuela\u201d.<\/p>\n<p><!--more--><\/p>\n<p>La legisladora asegur\u00f3 tambi\u00e9n que \u201cvenimos trabajando para concientizar a la gente sobre la importancia de estar presentes en ese d\u00eda hist\u00f3rico para nuestra historia. Se trata de una ratificaci\u00f3n de nuestra soberan\u00eda\u201d.<\/p>\n<p>Para el 9 de enero est\u00e1 previsto que llegue a Mar del Plata la propia Presidenta de la Naci\u00f3n, Cristina Fern\u00e1ndez de Kirchner, para encabezar el acto oficial. \u201cEse d\u00eda vamos a regalar unas dos mil banderitas argentinas, pero le pedimos a la gente que lleve sus propias banderas y hasta las camisetas de la selecci\u00f3n nacional. Tiene que ser una jornada de celeste y blanco\u201d, explic\u00f3 Di Rado.<\/p>\n<p>Desde hace varios d\u00edas la legisladora marplatense realiza una campa\u00f1a en la que se entregan folletos explicando la importancia de realizar un acto popular en defensa de la soberan\u00eda. Tambi\u00e9n a trav\u00e9s de las redes sociales difundi\u00f3 un video con una convocatoria en el mismo sentido y recientemente lanz\u00f3 su p\u00e1gina oficial para respaldar esa campa\u00f1a: www.cristinadirado.com. \u201cDecidimos llevar esta campa\u00f1a a las redes sociales para contar con la colaboraci\u00f3n de cada argentino que crea como nosotros que la llegada de la Fragata Libertad debe ser una prenda de uni\u00f3n y un tributo a nuestra soberan\u00eda\u201d, finaliz\u00f3 la senadora provincial Cristina Di Rado.<\/p>\n","protected":false},"excerpt":{"rendered":"<p>La Fragata Libertad arribar\u00e1 el 9 de enero al puerto de Mar del Plata, tras su viaje desde el puerto de Ghana en el que estuvo retenida. La senadora provincial por el Frente para la Victoria, Cristina Di Rado, dijo que \u201cese d\u00eda todos los marplatenses y los turistas debemos estar presentes para saludar la llegada de nuestro buque escuela\u201d.<\/p>\n","protected":false},"author":4,"featured_media":0,"comment_status":"open","ping_status":"open","sticky":false,"template":"","format":"standard","meta":{"_jetpack_newsletter_access":"","_jetpack_dont_email_post_to_subs":false,"_jetpack_newsletter_tier_id":0,"_jetpack_memberships_contains_paywalled_content":false,"_jetpack_memberships_contains_paid_content":false,"footnotes":""},"categories":[1],"tags":[],"class_list":["post-10961","post","type-post","status-publish","format-standard","hentry","category-sociedad"],"jetpack_featured_media_url":"","jetpack_shortlink":"https:\/\/wp.me\/p2JWE0-2QN","jetpack-related-posts":[{"id":9721,"url":"https:\/\/www.24baires.com\/?p=9721","url_meta":{"origin":10961,"position":0},"title":"La senadora Di Rado propone un acto popular para recibir a la Fragata en Mar del Plata","author":"Grupo Sierra","date":"19\/12\/2012","format":false,"excerpt":"La senadora provincial Cristina Di Rado celebr\u00f3 la decisi\u00f3n de la Presidenta de la Naci\u00f3n de que la Fragata Libertad arribe al pa\u00eds tocando el puerto de la ciudad de Mar del Plata y reiter\u00f3 su pedido que ese d\u00eda haya actos en cada ciudad de la Rep\u00fablica Argentina. \u201cEstoy\u2026","rel":"","context":"En \u00abPol\u00edtica\u00bb","block_context":{"text":"Pol\u00edtica","link":"https:\/\/www.24baires.com\/?cat=51"},"img":{"alt_text":"DI RADO CRISTINA","src":"https:\/\/i0.wp.com\/www.24baires.com\/wp-content\/uploads\/2012\/12\/DI-RADO-CRISTINA-300x287.jpg?resize=350%2C200","width":350,"height":200},"classes":[]},{"id":9537,"url":"https:\/\/www.24baires.com\/?p=9537","url_meta":{"origin":10961,"position":1},"title":"Piden que la Fragata Libertad amarre en enero en Mar del Plata","author":"Grupo Sierra","date":"17\/12\/2012","format":false,"excerpt":"La senadora provincial Cristina Di Rado solicitar\u00e1 formalmente que el buque escuela una vez que llegue al puerto de Buenos Aires, se dirija cuanto antes a Mar del Plata. \"Hay m\u00faltiples razones que apoyan mi pedido, pero las m\u00e1s importante es el cari\u00f1o que cada vez que llega a Mar\u2026","rel":"","context":"En \u00abPol\u00edtica\u00bb","block_context":{"text":"Pol\u00edtica","link":"https:\/\/www.24baires.com\/?cat=51"},"img":{"alt_text":"","src":"","width":0,"height":0},"classes":[]},{"id":12456,"url":"https:\/\/www.24baires.com\/?p=12456","url_meta":{"origin":10961,"position":2},"title":"La Senadora Di Rado insiste en provincializar la Reserva Natural del Puerto marplatense","author":"AF","date":"16\/01\/2013","format":false,"excerpt":"\u201cCon el apoyo de Daniel Scioli, creo que r\u00e1pidamente podremos convertir en ley el proyecto para provincializar la Reserva Natural Del Puerto\u201d, dijo la legisladora. Cristina Di Rado present\u00f3 el a\u00f1o pasado un proyecto que busca declarar como reserva natural provincial al sector ubicado entre el puerto y Punta Mogotes\u2026","rel":"","context":"En \u00abPol\u00edtica\u00bb","block_context":{"text":"Pol\u00edtica","link":"https:\/\/www.24baires.com\/?cat=51"},"img":{"alt_text":"","src":"","width":0,"height":0},"classes":[]},{"id":13989,"url":"https:\/\/www.24baires.com\/?p=13989","url_meta":{"origin":10961,"position":3},"title":"Di Rado visit\u00f3 la Reserva del Puerto y pidi\u00f3 una \u00absana convivencia\u00bb con el Club Aldosivi","author":"AF","date":"29\/01\/2013","format":false,"excerpt":"MAR DEL PLATA - La senadora Cristina Di Rado recorri\u00f3 la Reserva Natural del Puerto junto a integrantes de la Fundaci\u00f3n quienes le acercaron sus inquietudes en relaci\u00f3n a los continuos avances del Club Aldosivi sobre territorio de la reserva que a\u00fan persisten. La senadora Cristina Di Rado autora e\u2026","rel":"","context":"En \u00abPol\u00edtica\u00bb","block_context":{"text":"Pol\u00edtica","link":"https:\/\/www.24baires.com\/?cat=51"},"img":{"alt_text":"","src":"","width":0,"height":0},"classes":[]},{"id":11362,"url":"https:\/\/www.24baires.com\/?p=11362","url_meta":{"origin":10961,"position":4},"title":"Llegada de la Fragata: la Presidenta encabezar\u00e1 el acto de recibimiento","author":"AF","date":"06\/01\/2013","format":false,"excerpt":"MAR DEL PLATA - Cristina Fern\u00e1ndez de Kirchner encabezar\u00e1 el mi\u00e9rcoles 9 el acto de recibimiento a la Fragata ARA Libertad que arribar\u00e1 al puerto de Mar del Plata procedente de Ghana. Los detalles de c\u00f3mo ser\u00e1 la recepci\u00f3n de la embarcaci\u00f3n insignia de la armada argentina se terminar\u00e1n de\u2026","rel":"","context":"En \u00abSociedad\u00bb","block_context":{"text":"Sociedad","link":"https:\/\/www.24baires.com\/?cat=1"},"img":{"alt_text":"c fern\u00e1ndez","src":"https:\/\/i0.wp.com\/www.24baires.com\/wp-content\/uploads\/2012\/12\/c-fern%C3%A1ndez.jpg?resize=350%2C200","width":350,"height":200},"classes":[]},{"id":16021,"url":"https:\/\/www.24baires.com\/?p=16021","url_meta":{"origin":10961,"position":5},"title":"La Fragata Libertad parti\u00f3 de Mar del Plata hacia Puerto Madryn","author":"AF","date":"18\/02\/2013","format":false,"excerpt":"La fragata, que durante su permanencia en el puerto marplatense fue visitada por 130 mil turistas, parti\u00f3 rumbo a la ciudad chubutense de Puerto Madryn y luego ser\u00e1 llevada al astillero R\u00edo Santiago para su alistamiento. La nave, que el 9 de enero pasado hab\u00eda sido recibida por la presidenta\u2026","rel":"","context":"En \u00abSociedad\u00bb","block_context":{"text":"Sociedad","link":"https:\/\/www.24baires.com\/?cat=1"},"img":{"alt_text":"fragata libertad","src":"https:\/\/i0.wp.com\/www.24baires.com\/wp-content\/uploads\/2012\/12\/fragata-libertad-300x200.jpg?resize=350%2C200","width":350,"height":200},"classes":[]}],"jetpack_sharing_enabled":true,"jetpack_likes_enabled":true,"_links":{"self":[{"href":"https:\/\/www.24baires.com\/index.php?rest_route=\/wp\/v2\/posts\/10961","targetHints":{"allow":["GET"]}}],"collection":[{"href":"https:\/\/www.24baires.com\/index.php?rest_route=\/wp\/v2\/posts"}],"about":[{"href":"https:\/\/www.24baires.com\/index.php?rest_route=\/wp\/v2\/types\/post"}],"author":[{"embeddable":true,"href":"https:\/\/www.24baires.com\/index.php?rest_route=\/wp\/v2\/users\/4"}],"replies":[{"embeddable":true,"href":"https:\/\/www.24baires.com\/index.php?rest_route=%2Fwp%2Fv2%2Fcomments&post=10961"}],"version-history":[{"count":4,"href":"https:\/\/www.24baires.com\/index.php?rest_route=\/wp\/v2\/posts\/10961\/revisions"}],"predecessor-version":[{"id":10968,"href":"https:\/\/www.24baires.com\/index.php?rest_route=\/wp\/v2\/posts\/10961\/revisions\/10968"}],"wp:attachment":[{"href":"https:\/\/www.24baires.com\/index.php?rest_route=%2Fwp%2Fv2%2Fmedia&parent=10961"}],"wp:term":[{"taxonomy":"category","embeddable":true,"href":"https:\/\/www.24baires.com\/index.php?rest_route=%2Fwp%2Fv2%2Fcategories&post=10961"},{"taxonomy":"post_tag","embeddable":true,"href":"https:\/\/www.24baires.com\/index.php?rest_route=%2Fwp%2Fv2%2Ftags&post=10961"}],"curies":[{"name":"wp","href":"https:\/\/api.w.org\/{rel}","templated":true}]}}