{"id":10954,"date":"2013-01-02T13:54:45","date_gmt":"2013-01-02T16:54:45","guid":{"rendered":"http:\/\/www.24baires.com\/?p=10954"},"modified":"2013-01-02T13:54:51","modified_gmt":"2013-01-02T16:54:51","slug":"el-indio-solari-saludo-a-la-presidenta-por-ano-nuevo-a-traves-de-anibal-fernandez","status":"publish","type":"post","link":"https:\/\/www.24baires.com\/?p=10954","title":{"rendered":"El Indio Solari salud\u00f3 a la Presidenta por a\u00f1o nuevo a trav\u00e9s de An\u00edbal Fern\u00e1ndez"},"content":{"rendered":"<p><a href=\"http:\/\/www.24baires.com\/sociedad\/10954-el-indio-solari-saludo-a-la-presidenta-por-ano-nuevo-a-traves-de-anibal-fernandez\/attachment\/saludo-indio\/\" rel=\"attachment wp-att-10955\"><img data-recalc-dims=\"1\" loading=\"lazy\" decoding=\"async\" class=\"aligncenter size-full wp-image-10955\" alt=\"saludo Indio\" src=\"https:\/\/i0.wp.com\/www.24baires.com\/wp-content\/uploads\/2013\/01\/saludo-Indio.jpg?resize=560%2C473\" width=\"560\" height=\"473\" srcset=\"https:\/\/i0.wp.com\/www.24baires.com\/wp-content\/uploads\/2013\/01\/saludo-Indio.jpg?w=560&amp;ssl=1 560w, https:\/\/i0.wp.com\/www.24baires.com\/wp-content\/uploads\/2013\/01\/saludo-Indio.jpg?resize=300%2C253&amp;ssl=1 300w\" sizes=\"auto, (max-width: 560px) 100vw, 560px\" \/><\/a>El Indio Solari, ex l\u00edder de Los Redonditos de Ricota, le hizo llegar sus saludos a la Presidenta Cristina Fern\u00e1ndez de Kirchner mediante un mensaje de texto enviado a An\u00edbal Fern\u00e1ndez.<!--more--><br \/>\nEl Indio Solari es un hombre de pocas palabras. Fiel a su estilo, el cantante hace pocas apariciones p\u00fablicas y suele expresarse a trav\u00e9s de comunicados que env\u00eda al mundo exterior.<\/p>\n<p>En ocasi\u00f3n de fin de a\u00f1o, el ex l\u00edder de Los Redonditos de Ricota le envi\u00f3 un mensaje de texto al senador nacional An\u00edbal Fern\u00e1ndez, que fue reproducido en su p\u00e1gina web.<\/p>\n<p>El mensaje dec\u00eda lo siguiente: \u00abToda mi vida acept\u00e9, a rega\u00f1adientes, que la valent\u00eda era un recurso temporario de los j\u00f3venes. Acercale a la Sra. Presidenta, si no implica molestarla, mi respeto por su templanza y su firme determinaci\u00f3n juvenil. Para vos, un abrazo con buenos presagios\u00bb.<br \/>\nIndio.<\/p>\n<p>&nbsp;<\/p>\n<p>&nbsp;<\/p>\n<p>&nbsp;<\/p>\n<p>&nbsp;<\/p>\n<p>&nbsp;<\/p>\n<p>&nbsp;<\/p>\n<p>&nbsp;<\/p>\n<p>&nbsp;<\/p>\n<p>&nbsp;<\/p>\n<p>&nbsp;<\/p>\n<p>&nbsp;<\/p>\n<p>&nbsp;<\/p>\n<p>&nbsp;<\/p>\n<p>&nbsp;<\/p>\n<p>&nbsp;<\/p>\n<p>&nbsp;<\/p>\n<p>&nbsp;<\/p>\n<p>&nbsp;<\/p>\n<p>&nbsp;<\/p>\n<p>&nbsp;<\/p>\n<p>&nbsp;<\/p>\n<p>&nbsp;<\/p>\n<p>&nbsp;<\/p>\n<p>&nbsp;<\/p>\n<p>&nbsp;<\/p>\n<p>&nbsp;<\/p>\n<p>&nbsp;<\/p>\n<p>&nbsp;<\/p>\n<p>&nbsp;<\/p>\n<p>&nbsp;<\/p>\n<p>&nbsp;<\/p>\n<p>&nbsp;<\/p>\n<p>&nbsp;<\/p>\n<p>&nbsp;<\/p>\n<p>&nbsp;<\/p>\n<p>&nbsp;<\/p>\n<p>&nbsp;<\/p>\n<p>&nbsp;<\/p>\n<p>&nbsp;<\/p>\n<p>&nbsp;<\/p>\n","protected":false},"excerpt":{"rendered":"<p>El Indio Solari, ex l\u00edder de Los Redonditos de Ricota, le hizo llegar sus saludos a la Presidenta Cristina Fern\u00e1ndez de Kirchner mediante un mensaje de texto enviado a An\u00edbal Fern\u00e1ndez.<\/p>\n","protected":false},"author":4,"featured_media":0,"comment_status":"open","ping_status":"open","sticky":false,"template":"","format":"standard","meta":{"_jetpack_newsletter_access":"","_jetpack_dont_email_post_to_subs":false,"_jetpack_newsletter_tier_id":0,"_jetpack_memberships_contains_paywalled_content":false,"_jetpack_memberships_contains_paid_content":false,"footnotes":""},"categories":[1],"tags":[],"class_list":["post-10954","post","type-post","status-publish","format-standard","hentry","category-sociedad"],"jetpack_featured_media_url":"","jetpack_shortlink":"https:\/\/wp.me\/p2JWE0-2QG","jetpack-related-posts":[{"id":45332,"url":"https:\/\/www.24baires.com\/?p=45332","url_meta":{"origin":10954,"position":0},"title":"El Indio Solari insisti\u00f3 a sus fans para que se realicen el an\u00e1lisis de HIV","author":"GB","date":"05\/05\/2014","format":false,"excerpt":"El ex l\u00edder de los Redonditos de Ricota critic\u00f3 en el portal \"Redonditos desde abajo\" la poca presencia del HIV en los medio e ile pidi\u00f3 a sus seguidores a que se hicieran \"el test temprano\" para determinar posibles contagios. \"El VIH ha dejado de tener presencia en los medios\u2026","rel":"","context":"En \u00abEspectaculos\u00bb","block_context":{"text":"Espectaculos","link":"https:\/\/www.24baires.com\/?cat=41"},"img":{"alt_text":"indio","src":"https:\/\/i0.wp.com\/www.24baires.com\/wp-content\/uploads\/2014\/05\/indio.jpg?resize=350%2C200","width":350,"height":200,"srcset":"https:\/\/i0.wp.com\/www.24baires.com\/wp-content\/uploads\/2014\/05\/indio.jpg?resize=350%2C200 1x, https:\/\/i0.wp.com\/www.24baires.com\/wp-content\/uploads\/2014\/05\/indio.jpg?resize=525%2C300 1.5x"},"classes":[]},{"id":50049,"url":"https:\/\/www.24baires.com\/?p=50049","url_meta":{"origin":10954,"position":1},"title":"El Indio Solari confirm\u00f3 su show en Mendoza para el 13 de diciembre pr\u00f3ximo","author":"AF","date":"17\/07\/2014","format":false,"excerpt":"El ex l\u00edder de Patricio Rey y sus Redonditos de Ricota anunci\u00f3 que volver\u00e1 a presentarse en esa provincia y esperan \"el show m\u00e1s grande de la historia\". La producci\u00f3n del equipo de trabajo del Indio Solari estuvo en Mendoza esta semana para reunirse con autoridades de San Mart\u00edn y\u2026","rel":"","context":"En \u00abEspectaculos\u00bb","block_context":{"text":"Espectaculos","link":"https:\/\/www.24baires.com\/?cat=41"},"img":{"alt_text":"INDIO SOLARI","src":"https:\/\/i0.wp.com\/www.24baires.com\/wp-content\/uploads\/2013\/09\/INDIO-SOLARI.jpg?resize=350%2C200","width":350,"height":200,"srcset":"https:\/\/i0.wp.com\/www.24baires.com\/wp-content\/uploads\/2013\/09\/INDIO-SOLARI.jpg?resize=350%2C200 1x, https:\/\/i0.wp.com\/www.24baires.com\/wp-content\/uploads\/2013\/09\/INDIO-SOLARI.jpg?resize=525%2C300 1.5x"},"classes":[]},{"id":40118,"url":"https:\/\/www.24baires.com\/?p=40118","url_meta":{"origin":10954,"position":2},"title":"El pogo \u00abm\u00e1s grande del mundo\u00bb llega a Entre R\u00edos","author":"Grupo Sierra","date":"09\/02\/2014","format":false,"excerpt":"El Indio Solari, ex l\u00edder de Los Redondos, se presentar\u00e1 por primera vez en la provincia de Entre R\u00edos el pr\u00f3ximo 12 de abril cuando muestre en vivo en la ciudad de Gualeguaych\u00fa \u201cPajaritos, bravos muchachitos\u201d, su m\u00e1s reciente material discogr\u00e1fico. Si bien no hubo precisiones posteriores acerca del concierto,\u2026","rel":"","context":"En \u00abEspectaculos\u00bb","block_context":{"text":"Espectaculos","link":"https:\/\/www.24baires.com\/?cat=41"},"img":{"alt_text":"INDIO SOLARI","src":"https:\/\/i0.wp.com\/www.24baires.com\/wp-content\/uploads\/2013\/09\/INDIO-SOLARI.jpg?resize=350%2C200","width":350,"height":200,"srcset":"https:\/\/i0.wp.com\/www.24baires.com\/wp-content\/uploads\/2013\/09\/INDIO-SOLARI.jpg?resize=350%2C200 1x, https:\/\/i0.wp.com\/www.24baires.com\/wp-content\/uploads\/2013\/09\/INDIO-SOLARI.jpg?resize=525%2C300 1.5x"},"classes":[]},{"id":111477,"url":"https:\/\/www.24baires.com\/?p=111477","url_meta":{"origin":10954,"position":3},"title":"El Indio Solari sobre Macri: \u00abEsta gente se tiene que ir\u00bb","author":"AF","date":"06\/08\/2019","format":false,"excerpt":"\u201cLa prueba de que un gobierno es bueno es que la gente pueda comer y tenga su casa. Lo dem\u00e1s es piripip\u00ed\u201d, expres\u00f3 el ex l\u00edder de Los Redondos al criticar a Cambiemos. En esa l\u00ednea, insinu\u00f3 su respaldo al Frente de Todos. \"Pol\u00edticamente no he vivido mejor que en\u2026","rel":"","context":"En \u00abEspectaculos\u00bb","block_context":{"text":"Espectaculos","link":"https:\/\/www.24baires.com\/?cat=41"},"img":{"alt_text":"","src":"https:\/\/i0.wp.com\/www.24baires.com\/wp-content\/uploads\/2014\/04\/indio-solari.jpg?resize=350%2C200","width":350,"height":200,"srcset":"https:\/\/i0.wp.com\/www.24baires.com\/wp-content\/uploads\/2014\/04\/indio-solari.jpg?resize=350%2C200 1x, https:\/\/i0.wp.com\/www.24baires.com\/wp-content\/uploads\/2014\/04\/indio-solari.jpg?resize=525%2C300 1.5x"},"classes":[]},{"id":58604,"url":"https:\/\/www.24baires.com\/?p=58604","url_meta":{"origin":10954,"position":4},"title":"Mendoza vibr\u00f3 con un nuevo show del Indio Solari","author":"AF","date":"14\/12\/2014","format":false,"excerpt":"Una vez m\u00e1s, a poco m\u00e1s de un a\u00f1o de su \u00faltima presentaci\u00f3n en la provincia, Carlos \u201cEl Indio\u201d Solari y Los Fundamentalistas del Aire Acondicionado pisaron tierra mendocina para brindar un recital masivo, que super\u00f3 las expectativas de convocatoria de los organizadores, e incluy\u00f3 numerosos temas de su per\u00edodo\u2026","rel":"","context":"En \u00abEspectaculos\u00bb","block_context":{"text":"Espectaculos","link":"https:\/\/www.24baires.com\/?cat=41"},"img":{"alt_text":"indio solari","src":"https:\/\/i0.wp.com\/www.24baires.com\/wp-content\/uploads\/2014\/04\/indio-solari.jpg?resize=350%2C200","width":350,"height":200,"srcset":"https:\/\/i0.wp.com\/www.24baires.com\/wp-content\/uploads\/2014\/04\/indio-solari.jpg?resize=350%2C200 1x, https:\/\/i0.wp.com\/www.24baires.com\/wp-content\/uploads\/2014\/04\/indio-solari.jpg?resize=525%2C300 1.5x"},"classes":[]},{"id":32755,"url":"https:\/\/www.24baires.com\/?p=32755","url_meta":{"origin":10954,"position":5},"title":"\u201cJam\u00e1s le sugerimos a la mam\u00e1 de Walter (Bulacio) que no televisara su dolor\u201d","author":"AF","date":"30\/09\/2013","format":false,"excerpt":"El cantante Carlos 'Indio' Solari aclar\u00f3 que desde la banda \"jam\u00e1s le sugerimos a la mam\u00e1 de Walter que no televisara su dolor\", sino que \"nos referimos a nuestra manera de ver la circunstancia social en que sucedi\u00f3 el crimen y el aprovechamiento de varios 'notables' demagogos a los que\u2026","rel":"","context":"En \u00abSociedad\u00bb","block_context":{"text":"Sociedad","link":"https:\/\/www.24baires.com\/?cat=1"},"img":{"alt_text":"INDIO SOLARI","src":"https:\/\/i0.wp.com\/www.24baires.com\/wp-content\/uploads\/2013\/09\/INDIO-SOLARI.jpg?resize=350%2C200","width":350,"height":200,"srcset":"https:\/\/i0.wp.com\/www.24baires.com\/wp-content\/uploads\/2013\/09\/INDIO-SOLARI.jpg?resize=350%2C200 1x, https:\/\/i0.wp.com\/www.24baires.com\/wp-content\/uploads\/2013\/09\/INDIO-SOLARI.jpg?resize=525%2C300 1.5x"},"classes":[]}],"jetpack_sharing_enabled":true,"jetpack_likes_enabled":true,"_links":{"self":[{"href":"https:\/\/www.24baires.com\/index.php?rest_route=\/wp\/v2\/posts\/10954","targetHints":{"allow":["GET"]}}],"collection":[{"href":"https:\/\/www.24baires.com\/index.php?rest_route=\/wp\/v2\/posts"}],"about":[{"href":"https:\/\/www.24baires.com\/index.php?rest_route=\/wp\/v2\/types\/post"}],"author":[{"embeddable":true,"href":"https:\/\/www.24baires.com\/index.php?rest_route=\/wp\/v2\/users\/4"}],"replies":[{"embeddable":true,"href":"https:\/\/www.24baires.com\/index.php?rest_route=%2Fwp%2Fv2%2Fcomments&post=10954"}],"version-history":[{"count":4,"href":"https:\/\/www.24baires.com\/index.php?rest_route=\/wp\/v2\/posts\/10954\/revisions"}],"predecessor-version":[{"id":10959,"href":"https:\/\/www.24baires.com\/index.php?rest_route=\/wp\/v2\/posts\/10954\/revisions\/10959"}],"wp:attachment":[{"href":"https:\/\/www.24baires.com\/index.php?rest_route=%2Fwp%2Fv2%2Fmedia&parent=10954"}],"wp:term":[{"taxonomy":"category","embeddable":true,"href":"https:\/\/www.24baires.com\/index.php?rest_route=%2Fwp%2Fv2%2Fcategories&post=10954"},{"taxonomy":"post_tag","embeddable":true,"href":"https:\/\/www.24baires.com\/index.php?rest_route=%2Fwp%2Fv2%2Ftags&post=10954"}],"curies":[{"name":"wp","href":"https:\/\/api.w.org\/{rel}","templated":true}]}}