{"id":10949,"date":"2013-01-02T12:30:45","date_gmt":"2013-01-02T15:30:45","guid":{"rendered":"http:\/\/www.24baires.com\/?p=10949"},"modified":"2013-01-02T13:16:24","modified_gmt":"2013-01-02T16:16:24","slug":"la-fragata-libertad-se-acerca-a-mar-del-plata-y-comienzan-los-preparativos-para-recibirla","status":"publish","type":"post","link":"https:\/\/www.24baires.com\/?p=10949","title":{"rendered":"La Fragata Libertad se acerca a Mar del Plata y comienzan los preparativos para recibirla"},"content":{"rendered":"<p><a href=\"http:\/\/www.24baires.com\/sociedad\/10813-la-fragata-libertad-cada-vez-mas-cerca-de-mar-del-plata\/attachment\/fragata-libertad-2\/\" rel=\"attachment wp-att-10814\"><img data-recalc-dims=\"1\" loading=\"lazy\" decoding=\"async\" class=\"aligncenter size-full wp-image-10814\" alt=\"fragata libertad\" src=\"https:\/\/i0.wp.com\/www.24baires.com\/wp-content\/uploads\/2012\/12\/fragata-libertad.jpg?resize=510%2C340\" width=\"510\" height=\"340\" srcset=\"https:\/\/i0.wp.com\/www.24baires.com\/wp-content\/uploads\/2012\/12\/fragata-libertad.jpg?w=510&amp;ssl=1 510w, https:\/\/i0.wp.com\/www.24baires.com\/wp-content\/uploads\/2012\/12\/fragata-libertad.jpg?resize=300%2C200&amp;ssl=1 300w\" sizes=\"auto, (max-width: 510px) 100vw, 510px\" \/><\/a><\/p>\n<p>El buque, que regresa a la Argentina luego de estar retenida en Ghana por un presentaci\u00f3n judicial del fondos buitre, navega a una velocidad de ocho nudos y pasar\u00e1 este mi\u00e9rcoles por la ciudad brasile\u00f1a de R\u00edo de Janeiro.<!--more--><\/p>\n<p>Seg\u00fan inform\u00f3 el Ministerio de Defensa, la Fragata ARA Libertad navega con rumbo sudoeste a una velocidad de 8 nudos, a 740 millas n\u00e1uticas (1.350 kil\u00f3metros) al este de Salvador de Bah\u00eda, Brasil y hoy llega a la altura de Cabo Fr\u00edo, accidente geogr\u00e1fico cercano a la ciudad de R\u00edo de Janeiro.<\/p>\n<p>El buque \u00abmantiene la derrota general sudoeste trazada originalmente que lo conduce hacia Mar del Plata, donde ser\u00e1 recibido el 9 de enero por la presidenta Cristina Fern\u00e1ndez de Kirchner en la d\u00e1rsena de la Base Naval de esa ciudad\u00bb.<\/p>\n<p>La Fragata Libertad pudo retomar la navegaci\u00f3n tras la decisi\u00f3n del Tribunal Internacional sobre el Derecho del Mar, con sede en Hamburgo, que el 15 de diciembre pasado fall\u00f3 favorablemente a la Argentina y orden\u00f3 su inmediata \u00abliberaci\u00f3n\u00bb, luego de haber estado retenida en el puerto de Tema, Rep\u00fablica de Ghana, por pedido de los fondos buitre.<\/p>\n<p>&nbsp;<\/p>\n<p>&nbsp;<\/p>\n<p>&nbsp;<\/p>\n<p>&nbsp;<\/p>\n<p>&nbsp;<\/p>\n<p>&nbsp;<\/p>\n<p>&nbsp;<\/p>\n<p>&nbsp;<\/p>\n<p>&nbsp;<\/p>\n<p>&nbsp;<\/p>\n<p>&nbsp;<\/p>\n<p>&nbsp;<\/p>\n<p>&nbsp;<\/p>\n<p>&nbsp;<\/p>\n<p>&nbsp;<\/p>\n<p>&nbsp;<\/p>\n<p>&nbsp;<\/p>\n<p>&nbsp;<\/p>\n<p>&nbsp;<\/p>\n<p>&nbsp;<\/p>\n<p>&nbsp;<\/p>\n<p>&nbsp;<\/p>\n<p>&nbsp;<\/p>\n<p>&nbsp;<\/p>\n","protected":false},"excerpt":{"rendered":"<p>El buque, que regresa a la Argentina luego de estar retenida en Ghana por un presentaci\u00f3n judicial del fondos buitre, navega a una velocidad de ocho nudos y pasar\u00e1 este mi\u00e9rcoles por la ciudad brasile\u00f1a de R\u00edo de Janeiro.<\/p>\n","protected":false},"author":4,"featured_media":0,"comment_status":"open","ping_status":"open","sticky":false,"template":"","format":"standard","meta":{"_jetpack_newsletter_access":"","_jetpack_dont_email_post_to_subs":false,"_jetpack_newsletter_tier_id":0,"_jetpack_memberships_contains_paywalled_content":false,"_jetpack_memberships_contains_paid_content":false,"footnotes":""},"categories":[1],"tags":[],"class_list":["post-10949","post","type-post","status-publish","format-standard","hentry","category-sociedad"],"jetpack_featured_media_url":"","jetpack_shortlink":"https:\/\/wp.me\/p2JWE0-2QB","jetpack-related-posts":[{"id":10813,"url":"https:\/\/www.24baires.com\/?p=10813","url_meta":{"origin":10949,"position":0},"title":"La Fragata Libertad, cada vez m\u00e1s cerca de Mar del Plata","author":"AF","date":"29\/12\/2012","format":false,"excerpt":"La Fragata Libertad, buque escuela de la Armada Argentina, se encuentra este s\u00e1bado navegando a la altura de la ciudad brasile\u00f1a de Salvador de Bah\u00eda, a unos 1.350 kil\u00f3metros de la costa, continuando el derrotero que la llevar\u00e1 a arribar el pr\u00f3ximo nueve de enero al puerto de Mar del\u2026","rel":"","context":"En \u00abSociedad\u00bb","block_context":{"text":"Sociedad","link":"https:\/\/www.24baires.com\/?cat=1"},"img":{"alt_text":"fragata libertad","src":"https:\/\/i0.wp.com\/www.24baires.com\/wp-content\/uploads\/2012\/12\/fragata-libertad.jpg?resize=350%2C200","width":350,"height":200},"classes":[]},{"id":11455,"url":"https:\/\/www.24baires.com\/?p=11455","url_meta":{"origin":10949,"position":1},"title":"Ya navega en aguas argentinas la Fragata Libertad","author":"Grupo Sierra","date":"07\/01\/2013","format":false,"excerpt":"La cartera de Defensa, que encabeza Arturo Puricelli, precis\u00f3 que la Fragata Libertad a las 03.32 de la madrugada de hoy cruz\u00f3 el l\u00edmite lateral mar\u00edtimo e ingres\u00f3 en aguas de jurisdicci\u00f3n argentina. Reiter\u00f3 que se espera su arribo a la Base Naval Mar del Plata el mi\u00e9rcoles a la\u2026","rel":"","context":"En \u00abSociedad\u00bb","block_context":{"text":"Sociedad","link":"https:\/\/www.24baires.com\/?cat=1"},"img":{"alt_text":"fragata libertad","src":"https:\/\/i0.wp.com\/www.24baires.com\/wp-content\/uploads\/2012\/12\/fragata-libertad.jpg?resize=350%2C200","width":350,"height":200,"srcset":"https:\/\/i0.wp.com\/www.24baires.com\/wp-content\/uploads\/2012\/12\/fragata-libertad.jpg?resize=350%2C200 1x, https:\/\/i0.wp.com\/www.24baires.com\/wp-content\/uploads\/2012\/12\/fragata-libertad.jpg?resize=525%2C300 1.5x"},"classes":[]},{"id":16021,"url":"https:\/\/www.24baires.com\/?p=16021","url_meta":{"origin":10949,"position":2},"title":"La Fragata Libertad parti\u00f3 de Mar del Plata hacia Puerto Madryn","author":"AF","date":"18\/02\/2013","format":false,"excerpt":"La fragata, que durante su permanencia en el puerto marplatense fue visitada por 130 mil turistas, parti\u00f3 rumbo a la ciudad chubutense de Puerto Madryn y luego ser\u00e1 llevada al astillero R\u00edo Santiago para su alistamiento. La nave, que el 9 de enero pasado hab\u00eda sido recibida por la presidenta\u2026","rel":"","context":"En \u00abSociedad\u00bb","block_context":{"text":"Sociedad","link":"https:\/\/www.24baires.com\/?cat=1"},"img":{"alt_text":"fragata libertad","src":"https:\/\/i0.wp.com\/www.24baires.com\/wp-content\/uploads\/2012\/12\/fragata-libertad-300x200.jpg?resize=350%2C200","width":350,"height":200},"classes":[]},{"id":9669,"url":"https:\/\/www.24baires.com\/?p=9669","url_meta":{"origin":10949,"position":3},"title":"La Fragata Libertad atracar\u00e1 en Mar del Plata el 9 de enero, asegur\u00f3 Cristina","author":"Grupo Sierra","date":"18\/12\/2012","format":false,"excerpt":"La Presidenta anunci\u00f3 que instruy\u00f3 al Ministerio de Defensa para que el barco atraque all\u00ed el 9 de enero, luego de que los 98 marinos que completar\u00e1n la tripulaci\u00f3n partieran este martes hacia Ghana. \"Ahora ser\u00e1 s\u00edmbolo de la soberan\u00eda y la dignidad nacional contra los que quieren atropellar a\u2026","rel":"","context":"En \u00abPol\u00edtica\u00bb","block_context":{"text":"Pol\u00edtica","link":"https:\/\/www.24baires.com\/?cat=51"},"img":{"alt_text":"","src":"","width":0,"height":0},"classes":[]},{"id":11362,"url":"https:\/\/www.24baires.com\/?p=11362","url_meta":{"origin":10949,"position":4},"title":"Llegada de la Fragata: la Presidenta encabezar\u00e1 el acto de recibimiento","author":"AF","date":"06\/01\/2013","format":false,"excerpt":"MAR DEL PLATA - Cristina Fern\u00e1ndez de Kirchner encabezar\u00e1 el mi\u00e9rcoles 9 el acto de recibimiento a la Fragata ARA Libertad que arribar\u00e1 al puerto de Mar del Plata procedente de Ghana. Los detalles de c\u00f3mo ser\u00e1 la recepci\u00f3n de la embarcaci\u00f3n insignia de la armada argentina se terminar\u00e1n de\u2026","rel":"","context":"En \u00abSociedad\u00bb","block_context":{"text":"Sociedad","link":"https:\/\/www.24baires.com\/?cat=1"},"img":{"alt_text":"c fern\u00e1ndez","src":"https:\/\/i0.wp.com\/www.24baires.com\/wp-content\/uploads\/2012\/12\/c-fern%C3%A1ndez.jpg?resize=350%2C200","width":350,"height":200},"classes":[]},{"id":11284,"url":"https:\/\/www.24baires.com\/?p=11284","url_meta":{"origin":10949,"position":5},"title":"Gran expectativa entre turistas por la llegada de la Fragata Libertad a costas argentinas","author":"AF","date":"05\/01\/2013","format":false,"excerpt":"MAR DEL PLATA - El buque insignia de la Armada, que amarrar\u00e1 el 9 de enero en la Base Naval de Mar del Plata, ha captado el inter\u00e9s de miles de turistas que desean ver de cerca la embarcaci\u00f3n luego de que permaneciera retenida en Ghana. Turistas que pasan sus\u2026","rel":"","context":"En \u00abSociedad\u00bb","block_context":{"text":"Sociedad","link":"https:\/\/www.24baires.com\/?cat=1"},"img":{"alt_text":"fragata libertad","src":"https:\/\/i0.wp.com\/www.24baires.com\/wp-content\/uploads\/2012\/12\/fragata-libertad.jpg?resize=350%2C200","width":350,"height":200},"classes":[]}],"jetpack_sharing_enabled":true,"jetpack_likes_enabled":true,"_links":{"self":[{"href":"https:\/\/www.24baires.com\/index.php?rest_route=\/wp\/v2\/posts\/10949","targetHints":{"allow":["GET"]}}],"collection":[{"href":"https:\/\/www.24baires.com\/index.php?rest_route=\/wp\/v2\/posts"}],"about":[{"href":"https:\/\/www.24baires.com\/index.php?rest_route=\/wp\/v2\/types\/post"}],"author":[{"embeddable":true,"href":"https:\/\/www.24baires.com\/index.php?rest_route=\/wp\/v2\/users\/4"}],"replies":[{"embeddable":true,"href":"https:\/\/www.24baires.com\/index.php?rest_route=%2Fwp%2Fv2%2Fcomments&post=10949"}],"version-history":[{"count":3,"href":"https:\/\/www.24baires.com\/index.php?rest_route=\/wp\/v2\/posts\/10949\/revisions"}],"predecessor-version":[{"id":10952,"href":"https:\/\/www.24baires.com\/index.php?rest_route=\/wp\/v2\/posts\/10949\/revisions\/10952"}],"wp:attachment":[{"href":"https:\/\/www.24baires.com\/index.php?rest_route=%2Fwp%2Fv2%2Fmedia&parent=10949"}],"wp:term":[{"taxonomy":"category","embeddable":true,"href":"https:\/\/www.24baires.com\/index.php?rest_route=%2Fwp%2Fv2%2Fcategories&post=10949"},{"taxonomy":"post_tag","embeddable":true,"href":"https:\/\/www.24baires.com\/index.php?rest_route=%2Fwp%2Fv2%2Ftags&post=10949"}],"curies":[{"name":"wp","href":"https:\/\/api.w.org\/{rel}","templated":true}]}}