{"id":10904,"date":"2013-01-01T12:37:26","date_gmt":"2013-01-01T15:37:26","guid":{"rendered":"http:\/\/www.24baires.com\/?p=10904"},"modified":"2013-01-01T12:37:26","modified_gmt":"2013-01-01T15:37:26","slug":"el-gobierno-solicitara-la-habilitacion-de-la-feria-judicial-para-tratar-la-ley-de-medios","status":"publish","type":"post","link":"https:\/\/www.24baires.com\/?p=10904","title":{"rendered":"El Gobierno solicitar\u00e1 la habilitaci\u00f3n de la feria judicial para tratar la Ley de Medios"},"content":{"rendered":"<p>El gobierno pedir\u00e1 este mi\u00e9rcoles, en el primer d\u00eda h\u00e1bil del a\u00f1o, que la C\u00e1mara Federal Civil y Comercial Federal habilite la feria judicial de enero para resolver con \u201cceleridad\u201d la causa planteada por el grupo Clar\u00edn contra la Ley de Medios.<!--more--><\/p>\n<p>La presentaci\u00f3n la har\u00e1 a primera hora la Jefatura de Gabinete de Ministros que, con el patrocinio de la Procuraci\u00f3n General del Tesoro \u2013el cuerpo de abogados del Estado- se sumar\u00e1 al reclamo realizado la semana pasada por la Autoridad Federal de Servicios de Comunicaci\u00f3n Audiovisual (AFSCA).<\/p>\n<p>El pedido de habilitaci\u00f3n de feria se hace luego de que la Corte Suprema de Justicia rechazara el per saltum solicitado por el Poder Ejecutivo para avocarse a la cuesti\u00f3n de fondo de la constitucionalidad de dos art\u00edculos de la norma, y simult\u00e1neamente confirmara la extensi\u00f3n de la medida cautelar que mantiene bloqueada la ley para el grupo Clar\u00edn.<\/p>\n<p>El m\u00e1ximo tribunal reclam\u00f3 \u201cceleridad\u201d a la C\u00e1mara pero no le fij\u00f3 plazos, a diferencia de lo que hizo con el juez de primera instancia Horacio Alfonso, quien declar\u00f3 constitucional los art\u00edculos 161 y 45 de la ley.<\/p>\n<p>La apelaci\u00f3n del grupo Clar\u00edn bloque\u00f3 nuevamente la implementaci\u00f3n de la ley para sus medios, dejando la resoluci\u00f3n del tema en manos de la C\u00e1mara, que es la misma que ya hab\u00eda fijado la cautelar suspensiva.<\/p>\n<p>Con el pedido de habilitaci\u00f3n de feria el Gobierno busca que en enero se cumplimenten tr\u00e1mites procesales para que, cuando en febrero se reinicie la actividad tribunalicia, la Sala I de la C\u00e1mara est\u00e9 en condiciones de resolver si la ley es constitucional o no.<\/p>\n<p>El tribunal qued\u00f3 integrado por sorteo para atender los temas durante enero por los jueces Francisco De las Carreras, Ricardo Guarinoni y Graciela Medina, los dos primeros integrantes de la Sala I que debe resolver la cuesti\u00f3n de fondo y que fueron denunciados por el Gobierno por no apartarse luego de asistir a un evento en Miami organizado por el grupo Clar\u00edn.<\/p>\n<p>Si accede al pedido oficial deber\u00eda requerir al Grupo Clar\u00edn los fundamentos de su apelaci\u00f3n al fallo del juez Alfonso, para lo que tienen 10 d\u00edas h\u00e1biles, y luego que cada parte le conteste a la otra, para lo que tambi\u00e9n cuentan con 10 d\u00edas.<\/p>\n<p>Fuentes judiciales se manifestaron sin embargo pesimistas en torno a que la C\u00e1mara acepte el pedido atento a las se\u00f1ales que la propia Corte Suprema emiti\u00f3 sobre el expediente cuando, al negarle el per saltum y ratificar la cautelar, no habilit\u00f3 d\u00edas y horarios, dando car\u00e1cter urgente a la resoluci\u00f3n.<\/p>\n<p>El ministro de Justicia, Julio Alak, denunci\u00f3 la semana pasada que \u00abla estrategia final del grupo Clar\u00edn es extender la cautelar hasta las pr\u00f3ximas elecciones\u00bb con la esperanza de que se modifique la composici\u00f3n del Congreso y \u201cse deroguen los art\u00edculos\u00bb de la norma cuestionados por grupo, propietario de m\u00e1s de 200 licencias.<\/p>\n<p>Pese a rechazar tomar el expediente en sus manos, la Corte estableci\u00f3 que el plazo de un a\u00f1o de adecuaci\u00f3n al m\u00e1ximo de licencias permitidas fijado por el art\u00edculo 161 ya est\u00e1 vencido.<\/p>\n<p>Esta salvedad hace que, apenas se resuelva la eventual constitucionalidad, la AFSCA podr\u00eda aplicar la ley de oficio y sin comenzar a contar un a\u00f1o, como pretend\u00eda la C\u00e1mara Civil y Comercial Federal que ahora tiene el expediente en sus manos.<\/p>\n<p>&nbsp;<\/p>\n<p>&nbsp;<\/p>\n<p>&nbsp;<\/p>\n<p>&nbsp;<\/p>\n<p>&nbsp;<\/p>\n<p>&nbsp;<\/p>\n<p>&nbsp;<\/p>\n<p>&nbsp;<\/p>\n<p>&nbsp;<\/p>\n<p>&nbsp;<\/p>\n<p>&nbsp;<\/p>\n<p>&nbsp;<\/p>\n<p>&nbsp;<\/p>\n<p>&nbsp;<\/p>\n<p>&nbsp;<\/p>\n<p>&nbsp;<\/p>\n<p>&nbsp;<\/p>\n<p>&nbsp;<\/p>\n<p>&nbsp;<\/p>\n<p>&nbsp;<\/p>\n<p>&nbsp;<\/p>\n<p>&nbsp;<\/p>\n<p>&nbsp;<\/p>\n<p>&nbsp;<\/p>\n<p>&nbsp;<\/p>\n<p>&nbsp;<\/p>\n<p>&nbsp;<\/p>\n<p>&nbsp;<\/p>\n<p>&nbsp;<\/p>\n<p>&nbsp;<\/p>\n<p>&nbsp;<\/p>\n<p>&nbsp;<\/p>\n","protected":false},"excerpt":{"rendered":"<p>El gobierno pedir\u00e1 este mi\u00e9rcoles, en el primer d\u00eda h\u00e1bil del a\u00f1o, que la C\u00e1mara Federal Civil y Comercial Federal habilite la feria judicial de enero para resolver con \u201cceleridad\u201d la causa planteada por el grupo Clar\u00edn contra la Ley de Medios.<\/p>\n","protected":false},"author":4,"featured_media":0,"comment_status":"open","ping_status":"open","sticky":false,"template":"","format":"standard","meta":{"_jetpack_newsletter_access":"","_jetpack_dont_email_post_to_subs":false,"_jetpack_newsletter_tier_id":0,"_jetpack_memberships_contains_paywalled_content":false,"_jetpack_memberships_contains_paid_content":false,"footnotes":""},"categories":[54],"tags":[],"class_list":["post-10904","post","type-post","status-publish","format-standard","hentry","category-medios"],"jetpack_featured_media_url":"","jetpack_shortlink":"https:\/\/wp.me\/p2JWE0-2PS","jetpack-related-posts":[{"id":11433,"url":"https:\/\/www.24baires.com\/?p=11433","url_meta":{"origin":10904,"position":0},"title":"La C\u00e1mara aclar\u00f3 que habilit\u00f3 la Feria para tratar la Ley de Medios por pedido de la Corte","author":"AF","date":"07\/01\/2013","format":false,"excerpt":"La C\u00e1mara en lo Civil y Comercial Federal que la decisi\u00f3n se bas\u00f3 en la \u201cexpresa recomendaci\u00f3n de la Corte Suprema\u201d para que \u201clas cuestiones debatidas en autos\u201d sean resueltas \u201ca la mayor brevedad posible\u201d. En solo dos carillas, los camaristas Ricardo Guarinoni, Graciela Medina y Francisco de las Carerras\u2026","rel":"","context":"En \u00abMedios\u00bb","block_context":{"text":"Medios","link":"https:\/\/www.24baires.com\/?cat=54"},"img":{"alt_text":"c\u00e1mara civil y comercial","src":"https:\/\/i0.wp.com\/www.24baires.com\/wp-content\/uploads\/2013\/01\/c%C3%A1mara-civil-y-comercial.jpg?resize=350%2C200","width":350,"height":200,"srcset":"https:\/\/i0.wp.com\/www.24baires.com\/wp-content\/uploads\/2013\/01\/c%C3%A1mara-civil-y-comercial.jpg?resize=350%2C200 1x, https:\/\/i0.wp.com\/www.24baires.com\/wp-content\/uploads\/2013\/01\/c%C3%A1mara-civil-y-comercial.jpg?resize=525%2C300 1.5x"},"classes":[]},{"id":59781,"url":"https:\/\/www.24baires.com\/?p=59781","url_meta":{"origin":10904,"position":1},"title":"Por la adecuaci\u00f3n de Clar\u00edn habilitan la feria judicial","author":"Grupo Sierra","date":"08\/01\/2015","format":false,"excerpt":"La Justicia hizo lugar a un planteo del AFSCA para que la justicia contin\u00fae adelante con el expediente durante el receso de verano. La medida la adopt\u00f3 el conjuez de primera instancia en lo Civil y Comercial Federal, Antonio Rojas Salinas, al hacer lugar a un reclamo de la Autoridad\u2026","rel":"","context":"En \u00abMedios\u00bb","block_context":{"text":"Medios","link":"https:\/\/www.24baires.com\/?cat=54"},"img":{"alt_text":"clar\u00edn mitre","src":"https:\/\/i0.wp.com\/www.24baires.com\/wp-content\/uploads\/2014\/11\/clar%C3%ADn-mitre.jpg?resize=350%2C200","width":350,"height":200,"srcset":"https:\/\/i0.wp.com\/www.24baires.com\/wp-content\/uploads\/2014\/11\/clar%C3%ADn-mitre.jpg?resize=350%2C200 1x, https:\/\/i0.wp.com\/www.24baires.com\/wp-content\/uploads\/2014\/11\/clar%C3%ADn-mitre.jpg?resize=525%2C300 1.5x"},"classes":[]},{"id":85099,"url":"https:\/\/www.24baires.com\/?p=85099","url_meta":{"origin":10904,"position":2},"title":"Habilitaron la feria judicial para tratar el aumento de tarifas","author":"AF","date":"18\/07\/2016","format":false,"excerpt":"Es para analizar los recursos presentados por el Gobierno contra los fallos que suspendieron los aumentos en las tarifa de gas a nivel nacional y de luz en el \u00e1mbito del conurbano bonaerense. Fuentes de la causa informaron a T\u00e9lam que la medida fue adoptada en funci\u00f3n de \u201clas especiales\u2026","rel":"","context":"En \u00abJUDICIALES\u00bb","block_context":{"text":"JUDICIALES","link":"https:\/\/www.24baires.com\/?cat=68"},"img":{"alt_text":"gas","src":"https:\/\/i0.wp.com\/www.24baires.com\/wp-content\/uploads\/2014\/04\/gas.jpg?resize=350%2C200","width":350,"height":200,"srcset":"https:\/\/i0.wp.com\/www.24baires.com\/wp-content\/uploads\/2014\/04\/gas.jpg?resize=350%2C200 1x, https:\/\/i0.wp.com\/www.24baires.com\/wp-content\/uploads\/2014\/04\/gas.jpg?resize=525%2C300 1.5x"},"classes":[]},{"id":10656,"url":"https:\/\/www.24baires.com\/?p=10656","url_meta":{"origin":10904,"position":3},"title":"Pedir\u00e1n a la Corte y a la C\u00e1mara que se habilite la feria judicial por la Ley de Medios","author":"Grupo Sierra","date":"28\/12\/2012","format":false,"excerpt":"La AFSCA solicitar\u00e1 hoy formalmente a la Corte Suprema y a la C\u00e1mara Federal Civil y Comercial que se habilite la feria judicial durante el mes de enero para resolver con \"celeridad\" la causa sobre la ley de medios. As\u00ed lo confirm\u00f3 el titular del AFSCA, Mart\u00edn Sabbatella, quien inform\u00f3\u2026","rel":"","context":"En \u00abMedios\u00bb","block_context":{"text":"Medios","link":"https:\/\/www.24baires.com\/?cat=54"},"img":{"alt_text":"","src":"","width":0,"height":0},"classes":[]},{"id":11008,"url":"https:\/\/www.24baires.com\/?p=11008","url_meta":{"origin":10904,"position":4},"title":"Sociedad Rural estilo Clar\u00edn: Presentaron una nueva cautelar para no devolver el Predio","author":"Grupo Sierra","date":"02\/01\/2013","format":false,"excerpt":"La Sociedad Rural Argentina (SRA) solicit\u00f3 a la C\u00e1mara Civil y Comercial Federal que habilite la feria y decrete una medida precautoria, para evitar que el 20 de enero se devuelva al Estado el predio ferial de Palermo. En su pedido al tribunal de turno durante el mes de enero,\u2026","rel":"","context":"En \u00abPol\u00edtica\u00bb","block_context":{"text":"Pol\u00edtica","link":"https:\/\/www.24baires.com\/?cat=51"},"img":{"alt_text":"","src":"","width":0,"height":0},"classes":[]},{"id":10728,"url":"https:\/\/www.24baires.com\/?p=10728","url_meta":{"origin":10904,"position":5},"title":"\u00abClar\u00edn tiene la esperanza de que se modifique el Congreso por eso extiende la cautelar\u00bb","author":"Grupo Sierra","date":"28\/12\/2012","format":false,"excerpt":"El ministro de Justicia, julio Alak se sum\u00f3 a los pedidos para que la C\u00e1mara Federal Civil y Comercial resuelva cuanto antes la cuesti\u00f3n de fondo sobre los art\u00edculos cuestionados de la Ley de Medios. Adem\u00e1s advirti\u00f3 que \"la estrategia final de Clar\u00edn es extender la cautelar hasta las pr\u00f3ximas\u2026","rel":"","context":"En \u00abPol\u00edtica\u00bb","block_context":{"text":"Pol\u00edtica","link":"https:\/\/www.24baires.com\/?cat=51"},"img":{"alt_text":"","src":"","width":0,"height":0},"classes":[]}],"jetpack_sharing_enabled":true,"jetpack_likes_enabled":true,"_links":{"self":[{"href":"https:\/\/www.24baires.com\/index.php?rest_route=\/wp\/v2\/posts\/10904","targetHints":{"allow":["GET"]}}],"collection":[{"href":"https:\/\/www.24baires.com\/index.php?rest_route=\/wp\/v2\/posts"}],"about":[{"href":"https:\/\/www.24baires.com\/index.php?rest_route=\/wp\/v2\/types\/post"}],"author":[{"embeddable":true,"href":"https:\/\/www.24baires.com\/index.php?rest_route=\/wp\/v2\/users\/4"}],"replies":[{"embeddable":true,"href":"https:\/\/www.24baires.com\/index.php?rest_route=%2Fwp%2Fv2%2Fcomments&post=10904"}],"version-history":[{"count":2,"href":"https:\/\/www.24baires.com\/index.php?rest_route=\/wp\/v2\/posts\/10904\/revisions"}],"predecessor-version":[{"id":10906,"href":"https:\/\/www.24baires.com\/index.php?rest_route=\/wp\/v2\/posts\/10904\/revisions\/10906"}],"wp:attachment":[{"href":"https:\/\/www.24baires.com\/index.php?rest_route=%2Fwp%2Fv2%2Fmedia&parent=10904"}],"wp:term":[{"taxonomy":"category","embeddable":true,"href":"https:\/\/www.24baires.com\/index.php?rest_route=%2Fwp%2Fv2%2Fcategories&post=10904"},{"taxonomy":"post_tag","embeddable":true,"href":"https:\/\/www.24baires.com\/index.php?rest_route=%2Fwp%2Fv2%2Ftags&post=10904"}],"curies":[{"name":"wp","href":"https:\/\/api.w.org\/{rel}","templated":true}]}}