{"id":10834,"date":"2012-12-30T10:00:14","date_gmt":"2012-12-30T13:00:14","guid":{"rendered":"http:\/\/www.24baires.com\/?p=10834"},"modified":"2012-12-31T14:33:49","modified_gmt":"2012-12-31T17:33:49","slug":"a-ocho-anos-del-incendio-en-cromanon-historia-legado-y-secuelas-de-una-tragedia","status":"publish","type":"post","link":"https:\/\/www.24baires.com\/?p=10834","title":{"rendered":"A ocho a\u00f1os del incendio en Croma\u00f1\u00f3n: historia, legado y secuelas de una tragedia"},"content":{"rendered":"<p><a href=\"http:\/\/www.24baires.com\/sociedad\/10834-a-ocho-anos-del-incendio-en-cromanon-historia-legado-y-secuelas-de-una-tragedia\/attachment\/cromanon\/\" rel=\"attachment wp-att-10835\"><img data-recalc-dims=\"1\" loading=\"lazy\" decoding=\"async\" class=\"aligncenter size-full wp-image-10835\" alt=\"croma\u00f1on\" src=\"https:\/\/i0.wp.com\/www.24baires.com\/wp-content\/uploads\/2012\/12\/croma%C3%B1on.jpg?resize=500%2C332\" width=\"500\" height=\"332\" srcset=\"https:\/\/i0.wp.com\/www.24baires.com\/wp-content\/uploads\/2012\/12\/croma%C3%B1on.jpg?w=500&amp;ssl=1 500w, https:\/\/i0.wp.com\/www.24baires.com\/wp-content\/uploads\/2012\/12\/croma%C3%B1on.jpg?resize=300%2C199&amp;ssl=1 300w\" sizes=\"auto, (max-width: 500px) 100vw, 500px\" \/><\/a><\/p>\n<p>El incendio y muerte de 194 personas ocurrido hace ocho a\u00f1os en el local bailable marc\u00f3 toda una \u00e9poca. Informe con cronolog\u00eda y relato de un sobreviviente.<!--more--><br \/>\nOcho a\u00f1os. Demasiado tiempo para muchos. Sobre todo para quienes sintieron, sufrieron y pagaron por las 194 vidas que se perdieron la madrugada del 30 de diciembre del 2004, bajo las intensas llamas y el humo provocados por un incendio. Se trata de la infelizmente famosa tragedia de Croma\u00f1\u00f3n, ocurrida en el barrio porte\u00f1o de Balvanera.<\/p>\n<p>Tanto para los sobrevivientes y familiares de las v\u00edctimas como para los responsables del hecho, este octavo \u00abaniversario\u00bb ser\u00e1 especial: hace poco, todos los imputados por el desastre fueron condenados con sentencia firme y comenzar\u00e1n el 2013 tras las rejas. La ratificaci\u00f3n de la condena ocurri\u00f3 el 20 de diciembre, a diez d\u00edas de que se cumpliera un nuevo a\u00f1o de la tragedia.<br \/>\nAdem\u00e1s, las vidas de los integrantes de un ascendente grupo de rock cambiaron totalmente: problemas entre ellos, resurgimientos y cancelaciones de shows, apoyos de otros artistas (recordar\u00e1n la canci\u00f3n Un minuto, de Callejeros con Le\u00f3n Gieco en 2005), finalizando con toda la banda en la c\u00e1rcel.<\/p>\n<p>Asimismo, las declaraciones de Omar Chab\u00e1n, gerenciador del boliche incendiado, en diarios, radio y televisi\u00f3n, como as\u00ed tambi\u00e9n las de familiares y sobrevivientes, brindaron mucho material para investigaciones period\u00edsticas y judiciales.<\/p>\n<p>As\u00ed es el mundo que rodea a Rep\u00fablica Croma\u00f1\u00f3n: tr\u00e1gico, ca\u00f3tico y de emociones fuertes.<\/p>\n<p><strong>Cronolog\u00eda de ocho a\u00f1os buscando justicia<\/strong><\/p>\n<p>Primero, la detenci\u00f3n de Omar Chab\u00e1n, en la v\u00edspera de Nochevieja del 2004 (un d\u00eda despu\u00e9s del horror).<\/p>\n<p>Segundo, en marzo del 2006, la destituci\u00f3n por juicio pol\u00edtico del entonces jefe de Gobierno de la Ciudad de Buenos Aires, An\u00edbal Ibarra. Era la primera vez que un jefe de Gobierno electo por voto popular era destituido por la Legislatura.<\/p>\n<p>Tercero, el 19 de agosto de 2008 (tres a\u00f1os y medio despu\u00e9s del caso) comienza el principal juicio oral contra 15 imputados: Omar Chab\u00e1n, gerenciador del boliche y Ra\u00fal Villarreal, su mano derecha; Diego Arga\u00f1araz (manager de Callejeros), Patricio Fontanet, Eduardo V\u00e1zquez, Christian Torrej\u00f3n, Juan Alberto Carbone, Maximiliano Djerfy y Elio Delgado, todos integrantes de la banda de rock Callejeros; el escen\u00f3grafo Daniel Cardell; el subcomisario Carlos Rub\u00e9n D\u00edaz y el comisario Miguel \u00c1ngel Belay; y los ex funcionarios porte\u00f1os Fabiana Fiszbin, Gustavo Torres y Ana Mar\u00eda Fern\u00e1ndez.<\/p>\n<p>Cuarto, exactamente un a\u00f1o despu\u00e9s, el 19 de agosto de 2009, los jueces del Tribunal Oral Criminal 24 dict\u00f3 la primera sentencia: 20 a\u00f1os de prisi\u00f3n para Chab\u00e1n, 18 a\u00f1os para Argara\u00f1az y Carlos D\u00edaz, dos a\u00f1os para Fiszbin y Fern\u00e1ndez y un a\u00f1o para Villarreal. Mientras que todos los integrantes de Callejeros (incluyendo Cardell), Belay y Torres fueron absueltos. La liberaci\u00f3n de \u00e9stos \u00faltimos, principalmente de los m\u00fasicos, produjo un descontento general entre los asistentes, principalmente los familiares y sobrevivientes.<\/p>\n<p>Quinto, el 20 de abril de 2011, luego de una serie de apelaciones y revisi\u00f3n del fallo anterior, la C\u00e1mara de Casaci\u00f3n Penal resolvi\u00f3 que el hecho debe ser caratulado de delito culposo, por lo que se disminuy\u00f3 la carga a Chab\u00e1n y terminaron condenados todos los absueltos del primer fallo (excepto el comisario Torres). La alegr\u00eda de los damnificados dur\u00f3 poco: el tribunal orden\u00f3 reabrir la calle Bartolom\u00e9 Mitre, frente al inmueble \u201cRep\u00fablica Croma\u00f1\u00f3n\u201d, donde se hab\u00eda dispuesto un santuario para homenajear a las v\u00edctimas.<\/p>\n<p>Sexto, durante la jornada del 14 de julio de este a\u00f1o, en un juicio secundario (conocido como Croma\u00f1\u00f3n II), fue condenado a cuatro a\u00f1os y medio de prisi\u00f3n el ex due\u00f1o del boliche Rafael Levy, mientras que los ex funcionarios porte\u00f1os Juan Carlos L\u00f3pez, Enrique Carelli y Vicente Rizzo y el ex comisario Gabriel Sevald fueron absueltos de culpa y cargo.<br \/>\nS\u00e9ptimo, el 18 de octubre, la C\u00e1mara Federal de Casaci\u00f3n dispuso finalmente los a\u00f1os de condenas para cada condenado: Chab\u00e1n, 10 a\u00f1os y nueve meses; Fontanet, siete a\u00f1os; V\u00e1zquez \u2013en prisi\u00f3n por el asesinato de su esposa-, seis a\u00f1os; Carbone y Torrej\u00f3n, cinco a\u00f1os; Djerfy y Delgado, cinco a\u00f1os; Cardell, tres a\u00f1os; Villarreal, seis a\u00f1os; D\u00edaz, ocho a\u00f1os; Fiszbin, cuatro a\u00f1os; Torres, tres a\u00f1os y nueve meses; y Fern\u00e1ndez, tres a\u00f1os y seis meses. Ninguno qued\u00f3 detenido porque la sentencia no estaba firme.<\/p>\n<p>Octavo, el 20 de diciembre, finalmente la C\u00e1mara de Casaci\u00f3n dict\u00f3 el inmediato cumplimiento de la sentencia dictada en octubre, luego de rechazar los recursos extraordinarios presentados por las partes. El primero en ser detenido fue Chab\u00e1n, que se present\u00f3 voluntariamente ante la justicia. Luego fue el turno de los m\u00fasicos Djerfy y Delgado, seguidos del colaborador de Chab\u00e1n, Ra\u00fal Villanueva. Con el correr de las horas, se presentaron el resto de los m\u00fasicos (menos Fontanet), el ex subcomisario D\u00edaz y los tres ex funcionarios porte\u00f1os. El l\u00edder de Callejeros se encontraba en C\u00f3rdoba, internado en un neuropsiqui\u00e1trico, por lo que la justicia dispuso su custodia hasta determinar si puede o no ser trasladado a una c\u00e1rcel.<\/p>\n<p>Quedaron fuera de este \u00abpeque\u00f1o resumen\u00bb cientos de detalles y hechos que se desataron en todo el \u00ednterin: acusaciones cruzadas, causas derivadas, declaraciones picantes de los acusados, entredichos entre las distintas esferas de los gobiernos nacional y porte\u00f1o, entre otros avatares.<\/p>\n<p>Lo m\u00e1s importante, y lo que realmente vale la pena recalcar, es que los responsables se\u00f1alados por la Justicia han recibido la condena firme. As\u00ed, los cientos de familiares y sobrevivientes del desastre ocurrido hace ocho a\u00f1os atr\u00e1s pueden sentir que este doloroso proceso est\u00e1 por culminarse, a pesar de que hay heridas que nunca terminan de cerrar. Sobre todo por las 194 personas que ya no est\u00e1n.<\/p>\n<p><strong>La hist\u00f3rica destituci\u00f3n de An\u00edbal Ibarra<\/strong><\/p>\n<p>El proceso que termin\u00f3 con la primera destituci\u00f3n de la historia de un jefe de Gobierno porte\u00f1o comenz\u00f3 el 7 de enero del 2005, ocho d\u00edas despu\u00e9s de la tragedia de Croma\u00f1\u00f3n, cuando por s\u00f3lo tres votos, Ibarra elude la interpelaci\u00f3n por el hecho. El 28 de ese mes, el pol\u00edtico se presenta en la Legislatura porte\u00f1a para ser interrogado. Dos d\u00edas despu\u00e9s, anuncia la convocatoria a una consulta popular vinculante, que finalmente no se realiza.<\/p>\n<p>A fines de febrero se crea en la Legislatura una Comisi\u00f3n especial para que se investiguen las posibles responsabilidades de funcionarios porte\u00f1os, incluido el jefe de Gobierno. El 29 de julio, la Comisi\u00f3n Investigadora recomienda promover el juicio pol\u00edtico a Ibarra. En agosto, se forma una Sala Acusadora de 45 legisladores, con la finalidad de analizar la viabilidad del juicio pol\u00edtico. De ellos, 13 diputados forman la Comisi\u00f3n Investigadora, a cargo de reunir pruebas.<br \/>\nInmediatamente se forma la Sala Juzgadora, formada por 15 legisladores, que llevar\u00e1n adelante el juicio pol\u00edtico. El 30 de noviembre se elije a los tres diputados que actuar\u00e1n como fiscales del caso: Jorge Enr\u00edquez, Rub\u00e9n Devoto y Jorge San Martino. Ante una protesta de Ibarra, el 6 de diciembre la Legislatura decide renovar parcialmente la Sala Juzgadora, sorte\u00e1ndose el 10 a los nuevos nueve diputados.<\/p>\n<p>El 13 de ese mes comienza formalmente el juicio pol\u00edtico. Tras las declaraciones de los testigos (con acusaciones de por medio) m\u00e1s las pruebas presentadas y los alegatos finales, el 7 de marzo del 2006 (un a\u00f1o despu\u00e9s de la tragedia) la Sala Juzgadora decide remover de su cargo a An\u00edbal Ibarra. La votaci\u00f3n fue de diez votos condenatorios, cuatro de absoluci\u00f3n y una abstenci\u00f3n.<\/p>\n<p>Relato de uno de los sobrevivientes de la tragedia<\/p>\n<p>Este fragmento de una declaraci\u00f3n fue extra\u00edda de la p\u00e1gina web \u00abQue no se repita\u00bb, de los familiares de las v\u00edctimas de Croma\u00f1\u00f3n. Se trata de Santiago Morales, sobreviviente, cuando se present\u00f3 ante un Tribunal \u00c9tico por la Masacre de Croma\u00f1\u00f3n, para brindar testimonio.<\/p>\n<p>\u00abHola. Mi nombre es Santiago Morales. Soy sobreviviente de Croma\u00f1\u00f3n y soy hermano de Sof\u00eda Morales, una joven m\u00e1s, una personita m\u00e1s que ha sido asesinada por los actos y las omisiones de personas concretas: por su negligencia, su corrupci\u00f3n, por el narcisismo pol\u00edtico que enarbola una bandera con la consigna \u00abel fin justifica los medios\u00bb, por su falta de valores fraternos, en fin, asesinada por la putrefacci\u00f3n de un sistema que es especialista en el acto de concreci\u00f3n de muerte, y de la eterna postergaci\u00f3n de la vida\u2026 con el cual hay que acabar \u00a1ya!\u00bb<\/p>\n<p>\u00abMi intenci\u00f3n es contarles los hechos desde mi punto de vista y desde el punto de vista nuestro, del Movimiento Croma\u00f1\u00f3n, de acuerdo al cual estamos claramente posicionados desde una perspectiva e interpretamos los hechos conforme a nuestra experiencia vivida y nuestras agon\u00edas\u00bb.<\/p>\n<p>A\u00f1o 2004. Fin de a\u00f1o. Nos encontramos con quienes m\u00e1s queremos para celebrar o llorar por el a\u00f1o concluido; suele hacerse un balance del mismo, pensando en las fortunas y desdichas vividas. Para quienes escuch\u00e1bamos Callejeros, el recital del 30 de diciembre se presentaba como una linda posibilidad para cerrar el a\u00f1o escuchando este grupo.<br \/>\n\u00abAl entrar a Croma\u00f1\u00f3n, pocos minutos antes de que empiece el recital, tras esfuerzo conseguimos ubicarnos a la izquierda del escenario mir\u00e1ndolo de frente. Yo fui con mis dos hermanos mayores y con dos amigos m\u00e1s. Unos instantes despu\u00e9s de ingresar, Omar Chab\u00e1n, personaje similar a un buf\u00f3n, nos habl\u00f3 al p\u00fablico dici\u00e9ndonos, insultos mediante, que nos \u00edbamos a morir todos como en Paraguay si prend\u00edamos fuegos de artificio. Lo parad\u00f3jico es que nos estaba pidiendo, tal y como lo hizo posteriormente Patricio Fontanet, que hagamos exactamente lo contrario de lo que \u00e9l y el cantante de Callejeros sol\u00edan decir impl\u00edcitamente y decir expl\u00edcitamente, respectivamente: el uso necesario de la pirotecnia para que un recital sea considerado como tal\u00bb.<\/p>\n<p>\u00abLuego de esto, comenz\u00f3 mi experiencia. Inicio del recital. Canci\u00f3n \u00abDistinto\u00bb. Alegr\u00eda y felicidad saltando abrazado a mi hermana, ahora muerta. C\u00e1nticos y euforia generalizada. Luces fugaces de colores. Mucho calor. Mucho calor. Inesperada interrupci\u00f3n del grupo. Tregua. Fuego. Ef\u00edmero fuego. Humo negro agresivo. Mucho calor y falta de aire. Olor asfixiante. Obscuridad. Penumbras. El infierno. Gritos de muerte, cual aullidos de Lucifer. P\u00e9rdida del conocimiento\u00bb.<\/p>\n<p>\u00abUna vez fuera, parcialmente consciente, fui traslado al Hospital Pena, luego de ser tirado en la parte trasera de una camioneta de la polic\u00eda (junto a muchos cuerpos m\u00e1s). Recobr\u00e9 totalmente la consciencia al entrar al Hospital.<br \/>\n\u00abNo pude servirme de un tubo de ox\u00edgeno constantemente, pues tuve que compartirlo con los otros moribundos como yo que estaban al lado m\u00edo (gesto fraterno llevado a cabo por mi mam\u00e1). La situaci\u00f3n de caos y precariedad generalizada, y la falta absoluta de insumos, como ya dije, pudo haber sido evitada, simplemente, con voluntad y decisi\u00f3n pol\u00edtica para intentar revertirla. Tras esto, 8 d\u00edas en terapia intensiva. Duelo y desasosiego por la muerte de mi hermana. Proyectos y sue\u00f1os derruidos. De aqu\u00ed en adelante, los controles de salud y el tratamiento psicol\u00f3gico fueron moneda corriente\u00bb.<\/p>\n<p>\u00abDoy gracias a la vida por tener pocos recuerdos concretos de esa noche a causa de mi r\u00e1pida p\u00e9rdida de conciencia. La injusticia, el dolor, la muerte, que encarnan unos por culpa de otros, dejan marcas concretas, no solo en los muertos que se lleva, sino tambi\u00e9n en los sobrevivientes que deja, y lo sabemos nosotros, los sobrevivientes de Croma\u00f1\u00f3n, y lo saben los que han sufrido la desgarradora sensaci\u00f3n de tener la panza vac\u00eda junto a la deshumanizante certeza de no tener con qu\u00e9 llenarla\u00bb.<\/p>\n<p>&nbsp;<\/p>\n<p>&nbsp;<\/p>\n<p>&nbsp;<\/p>\n<p>&nbsp;<\/p>\n<p>&nbsp;<\/p>\n<p>&nbsp;<\/p>\n<p>&nbsp;<\/p>\n<p>&nbsp;<\/p>\n<p>&nbsp;<\/p>\n<p>&nbsp;<\/p>\n<p>&nbsp;<\/p>\n<p>&nbsp;<\/p>\n<p>&nbsp;<\/p>\n<p>&nbsp;<\/p>\n<p>&nbsp;<\/p>\n<p>&nbsp;<\/p>\n<p>&nbsp;<\/p>\n<p>&nbsp;<\/p>\n<p>&nbsp;<\/p>\n<p>&nbsp;<\/p>\n<p>&nbsp;<\/p>\n<p>&nbsp;<\/p>\n<p>&nbsp;<\/p>\n<p>&nbsp;<\/p>\n<p>&nbsp;<\/p>\n<p>&nbsp;<\/p>\n<p>&nbsp;<\/p>\n<p>&nbsp;<\/p>\n<p>&nbsp;<\/p>\n<p>&nbsp;<\/p>\n<p>&nbsp;<\/p>\n<p>&nbsp;<\/p>\n<p>&nbsp;<\/p>\n<p>&nbsp;<\/p>\n<p>&nbsp;<\/p>\n<p>&nbsp;<\/p>\n<p>&nbsp;<\/p>\n<p>&nbsp;<\/p>\n<p>&nbsp;<\/p>\n<p>&nbsp;<\/p>\n<p>&nbsp;<\/p>\n<p>&nbsp;<\/p>\n<p>&nbsp;<\/p>\n<p>&nbsp;<\/p>\n<p>&nbsp;<\/p>\n<p>&nbsp;<\/p>\n<p>&nbsp;<\/p>\n<p>&nbsp;<\/p>\n<p>&nbsp;<\/p>\n<p>&nbsp;<\/p>\n<p>&nbsp;<\/p>\n<p>&nbsp;<\/p>\n<p>&nbsp;<\/p>\n<p>&nbsp;<\/p>\n<p>&nbsp;<\/p>\n<p>&nbsp;<\/p>\n<p>&nbsp;<\/p>\n<p>&nbsp;<\/p>\n<p>&nbsp;<\/p>\n<p>&nbsp;<\/p>\n<p>&nbsp;<\/p>\n<p>&nbsp;<\/p>\n<p>&nbsp;<\/p>\n<p>&nbsp;<\/p>\n","protected":false},"excerpt":{"rendered":"<p>El incendio y muerte de 194 personas ocurrido hace ocho a\u00f1os en el local bailable marc\u00f3 toda una \u00e9poca. Informe con cronolog\u00eda y relato de un sobreviviente.<\/p>\n","protected":false},"author":4,"featured_media":0,"comment_status":"open","ping_status":"open","sticky":false,"template":"","format":"standard","meta":{"_jetpack_newsletter_access":"","_jetpack_dont_email_post_to_subs":false,"_jetpack_newsletter_tier_id":0,"_jetpack_memberships_contains_paywalled_content":false,"_jetpack_memberships_contains_paid_content":false,"footnotes":""},"categories":[1],"tags":[],"class_list":["post-10834","post","type-post","status-publish","format-standard","hentry","category-sociedad"],"jetpack_featured_media_url":"","jetpack_shortlink":"https:\/\/wp.me\/p2JWE0-2OK","jetpack-related-posts":[{"id":9221,"url":"https:\/\/www.24baires.com\/?p=9221","url_meta":{"origin":10834,"position":0},"title":"\u00abHace ocho a\u00f1os que vivo en Croma\u00f1\u00f3n\u00bb, dijo Pato Fontanet","author":"AF","date":"15\/12\/2012","format":false,"excerpt":"El ex l\u00edder de Callejeros, Patricios Santos Fontanet, habl\u00f3 a poco de cumplirse un nuevo aniversario por la tragedia ocurrida el 30 de diciembre de 2004 en el barrio porte\u00f1o de Once. Dijo que el hecho lo \"enajen\u00f3 al punto de pensar que la vida no vale nada\". El ex\u2026","rel":"","context":"En \u00abSociedad\u00bb","block_context":{"text":"Sociedad","link":"https:\/\/www.24baires.com\/?cat=1"},"img":{"alt_text":"fontanet","src":"https:\/\/i0.wp.com\/www.24baires.com\/wp-content\/uploads\/2012\/12\/fontanet-300x225.jpg?resize=350%2C200","width":350,"height":200},"classes":[]},{"id":91207,"url":"https:\/\/www.24baires.com\/?p=91207","url_meta":{"origin":10834,"position":1},"title":"Se cumplen hoy 12 a\u00f1os de la tragedia de Croma\u00f1\u00f3n","author":"AF","date":"30\/12\/2016","format":false,"excerpt":"Con actos, recitales de rock, una misa en la Catedral, una radio abierta y la presentaci\u00f3n de un libro, homenajear\u00e1n a las 194 v\u00edctimas al cumplirse un nuevo aniversario del incendio del boliche. Con actos en puntos emblem\u00e1ticos de la Ciudad de Buenos Aires y el conurbano, recitales de rock,\u2026","rel":"","context":"En \u00abSociedad\u00bb","block_context":{"text":"Sociedad","link":"https:\/\/www.24baires.com\/?cat=1"},"img":{"alt_text":"","src":"https:\/\/i0.wp.com\/www.24baires.com\/wp-content\/uploads\/2016\/12\/cromagnon.jpg?resize=350%2C200","width":350,"height":200,"srcset":"https:\/\/i0.wp.com\/www.24baires.com\/wp-content\/uploads\/2016\/12\/cromagnon.jpg?resize=350%2C200 1x, https:\/\/i0.wp.com\/www.24baires.com\/wp-content\/uploads\/2016\/12\/cromagnon.jpg?resize=525%2C300 1.5x"},"classes":[]},{"id":35903,"url":"https:\/\/www.24baires.com\/?p=35903","url_meta":{"origin":10834,"position":2},"title":"Sobrevivientes y familiares de v\u00edctimas de Croma\u00f1\u00f3n recibir\u00e1n un subsidio","author":"GB","date":"28\/11\/2013","format":false,"excerpt":"Los sobrevivientes y familiares de las v\u00edctimas de la tragedia del boliche Croma\u00f1\u00f3n, ocurrida en diciembre del 2004 y por la cual murieron 194 personas, recibir\u00e1n un subsidio mensual, seg\u00fan una ley votada por unanimidad en la Legislatura de la Ciudad. El proyecto, autor\u00eda del presidente del bloque del Frente\u2026","rel":"","context":"En \u00abSociedad\u00bb","block_context":{"text":"Sociedad","link":"https:\/\/www.24baires.com\/?cat=1"},"img":{"alt_text":"","src":"","width":0,"height":0},"classes":[]},{"id":37694,"url":"https:\/\/www.24baires.com\/?p=37694","url_meta":{"origin":10834,"position":3},"title":"A 9 a\u00f1os de la tragedia de Croma\u00f1on","author":"GB","date":"30\/12\/2013","format":false,"excerpt":"Familiares y sobrevivientes del incendio en Croma\u00f1\u00f3n, que el 30 de diciembre de 2004 se cobr\u00f3 la vida de 194 personas, se concentraron en el santuario levantado frente a ese boliche de Once para recordar a sus seres queridos. \"Nos reunimos ac\u00e1, nos fortalecemos; es una manera de reivindicar nuestra\u2026","rel":"","context":"En \u00abSociedad\u00bb","block_context":{"text":"Sociedad","link":"https:\/\/www.24baires.com\/?cat=1"},"img":{"alt_text":"","src":"","width":0,"height":0},"classes":[]},{"id":59373,"url":"https:\/\/www.24baires.com\/?p=59373","url_meta":{"origin":10834,"position":4},"title":"A 10 a\u00f1os de Croma\u00f1\u00f3n, se re\u00fanen familiares y sobrevivientes","author":"Grupo Sierra","date":"30\/12\/2014","format":false,"excerpt":"Con m\u00fasica y debates, se desarrolla en Plaza de Mayo el acto principal. Culminar\u00e1 con una marcha a Once, para recordar \"la tragedia evitable, que caus\u00f3 la muerte de 194 j\u00f3venes hace a 10 a\u00f1os\". \"La tragedia fue el fruto de una cadena de actos de corrupci\u00f3n, encubrimientos y complicidades.\u2026","rel":"","context":"En \u00abSociedad\u00bb","block_context":{"text":"Sociedad","link":"https:\/\/www.24baires.com\/?cat=1"},"img":{"alt_text":"croma\u00f1on","src":"https:\/\/i0.wp.com\/www.24baires.com\/wp-content\/uploads\/2012\/12\/croma%C3%B1on.jpg?resize=350%2C200","width":350,"height":200},"classes":[]},{"id":41798,"url":"https:\/\/www.24baires.com\/?p=41798","url_meta":{"origin":10834,"position":5},"title":"Sobrevivientes de la tragedia de Croma\u00f1on reclaman: \u00abNecesitamos ser escuchados\u00bb","author":"Grupo Sierra","date":"08\/03\/2014","format":false,"excerpt":"La ley de reparaci\u00f3n a las v\u00edctimas sobre la tragedia del boliche Croma\u00f1\u00f3n ocurrida en diciembre del 2004 y por la cual murieron 194 personas, fue promulgada \"reci\u00e9n en enero\" por el jefe de Gobierno, Mauricio Macri, resalt\u00f3 Frangi, de 35 a\u00f1os, e integrante de la Coordinadora Memoria y Justicia\u2026","rel":"","context":"En \u00abJUDICIALES\u00bb","block_context":{"text":"JUDICIALES","link":"https:\/\/www.24baires.com\/?cat=68"},"img":{"alt_text":"croma\u00f1on","src":"https:\/\/i0.wp.com\/www.24baires.com\/wp-content\/uploads\/2012\/12\/croma%C3%B1on.jpg?resize=350%2C200","width":350,"height":200},"classes":[]}],"jetpack_sharing_enabled":true,"jetpack_likes_enabled":true,"_links":{"self":[{"href":"https:\/\/www.24baires.com\/index.php?rest_route=\/wp\/v2\/posts\/10834","targetHints":{"allow":["GET"]}}],"collection":[{"href":"https:\/\/www.24baires.com\/index.php?rest_route=\/wp\/v2\/posts"}],"about":[{"href":"https:\/\/www.24baires.com\/index.php?rest_route=\/wp\/v2\/types\/post"}],"author":[{"embeddable":true,"href":"https:\/\/www.24baires.com\/index.php?rest_route=\/wp\/v2\/users\/4"}],"replies":[{"embeddable":true,"href":"https:\/\/www.24baires.com\/index.php?rest_route=%2Fwp%2Fv2%2Fcomments&post=10834"}],"version-history":[{"count":3,"href":"https:\/\/www.24baires.com\/index.php?rest_route=\/wp\/v2\/posts\/10834\/revisions"}],"predecessor-version":[{"id":10885,"href":"https:\/\/www.24baires.com\/index.php?rest_route=\/wp\/v2\/posts\/10834\/revisions\/10885"}],"wp:attachment":[{"href":"https:\/\/www.24baires.com\/index.php?rest_route=%2Fwp%2Fv2%2Fmedia&parent=10834"}],"wp:term":[{"taxonomy":"category","embeddable":true,"href":"https:\/\/www.24baires.com\/index.php?rest_route=%2Fwp%2Fv2%2Fcategories&post=10834"},{"taxonomy":"post_tag","embeddable":true,"href":"https:\/\/www.24baires.com\/index.php?rest_route=%2Fwp%2Fv2%2Ftags&post=10834"}],"curies":[{"name":"wp","href":"https:\/\/api.w.org\/{rel}","templated":true}]}}