{"id":10831,"date":"2012-12-30T09:24:05","date_gmt":"2012-12-30T12:24:05","guid":{"rendered":"http:\/\/www.24baires.com\/?p=10831"},"modified":"2012-12-30T09:24:05","modified_gmt":"2012-12-30T12:24:05","slug":"concluye-el-ano-con-record-de-movimiento-en-puertos-bonaerenses","status":"publish","type":"post","link":"https:\/\/www.24baires.com\/?p=10831","title":{"rendered":"Concluye el a\u00f1o con r\u00e9cord de movimiento en puertos bonaerenses"},"content":{"rendered":"<p>El ministro de la Producci\u00f3n, Ciencia y Tecnolog\u00eda bonaerense, Cristian Breitenstein, recibi\u00f3 este viernes a los presidentes de los Consorcios Portuarios de la provincia de Buenos Aires quienes expusieron los niveles de avance de inversiones en los puertos y pusieron de relieve el movimiento de 59.860.000 Toneladas operado durante el 2012; el mejor registro de los \u00faltimos 10 a\u00f1os.<!--more--><\/p>\n<p>Acompa\u00f1ado por el Subsecretario de Actividades Portuarias, Jorge Othar\u00e1n, Breitenstein ponder\u00f3 el rol de los puertos como \u201clas puertas de salida de la Provincia hacia el mundo\u201d y asegur\u00f3 que con el apoyo del gobernador Daniel Scioli, su gesti\u00f3n busca \u201cfortalecerlos en competitividad y lograr la mayor fluidez con el exterior para seguir potenciando las exportaciones\u201d.<\/p>\n<p>De la reuni\u00f3n, que se llev\u00f3 a cabo en la Ciudad de Buenos Aires, participaron Mariano Goyenechea (La Plata), Mariano Veiga (San Pedro), Hugo Borelli (Bah\u00eda Blanca), Jos\u00e9 Luis Di Gregorio (Quequ\u00e9n), y Mat\u00edas Machinadiarena (Mar del Plata).<\/p>\n<p>&nbsp;<\/p>\n<p>&nbsp;<\/p>\n<p>&nbsp;<\/p>\n<p>&nbsp;<\/p>\n<p>&nbsp;<\/p>\n<p>&nbsp;<\/p>\n<p>&nbsp;<\/p>\n<p>&nbsp;<\/p>\n<p>&nbsp;<\/p>\n<p>&nbsp;<\/p>\n<p>&nbsp;<\/p>\n<p>&nbsp;<\/p>\n<p>&nbsp;<\/p>\n<p>&nbsp;<\/p>\n<p>&nbsp;<\/p>\n<p>&nbsp;<\/p>\n<p>&nbsp;<\/p>\n<p>&nbsp;<\/p>\n<p>&nbsp;<\/p>\n<p>&nbsp;<\/p>\n<p>&nbsp;<\/p>\n<p>&nbsp;<\/p>\n<p>&nbsp;<\/p>\n<p>&nbsp;<\/p>\n<p>&nbsp;<\/p>\n<p>&nbsp;<\/p>\n<p>&nbsp;<\/p>\n","protected":false},"excerpt":{"rendered":"<p>El ministro de la Producci\u00f3n, Ciencia y Tecnolog\u00eda bonaerense, Cristian Breitenstein, recibi\u00f3 este viernes a los presidentes de los Consorcios Portuarios de la provincia de Buenos Aires quienes expusieron los niveles de avance de inversiones en los puertos y pusieron de relieve el movimiento de 59.860.000 Toneladas operado durante el 2012; el mejor registro de los \u00faltimos 10 a\u00f1os.<\/p>\n","protected":false},"author":4,"featured_media":0,"comment_status":"open","ping_status":"open","sticky":false,"template":"","format":"standard","meta":{"_jetpack_newsletter_access":"","_jetpack_dont_email_post_to_subs":false,"_jetpack_newsletter_tier_id":0,"_jetpack_memberships_contains_paywalled_content":false,"_jetpack_memberships_contains_paid_content":false,"footnotes":""},"categories":[40],"tags":[],"class_list":["post-10831","post","type-post","status-publish","format-standard","hentry","category-provincia"],"jetpack_featured_media_url":"","jetpack_shortlink":"https:\/\/wp.me\/p2JWE0-2OH","jetpack-related-posts":[{"id":38308,"url":"https:\/\/www.24baires.com\/?p=38308","url_meta":{"origin":10831,"position":0},"title":"Duplicar\u00e1n  la capacidad operativa de los puertos bonaerenses","author":"Grupo Sierra","date":"11\/01\/2014","format":false,"excerpt":"Anunciaron que los puertos de la provincia de Buenos Aires recibir\u00e1n 700 millones de d\u00f3lares de inversi\u00f3n p\u00fablico-privada para el desarrollo de infraestructura y profundizaci\u00f3n de canales de acceso, generando \u201cun cambio estructural hist\u00f3rico\u201d para las terminales portuarias. El ministro de la Producci\u00f3n, Ciencia y Tecnolog\u00eda, Cristian Breitenstein firm\u00f3 el\u2026","rel":"","context":"En \u00abProvincia\u00bb","block_context":{"text":"Provincia","link":"https:\/\/www.24baires.com\/?cat=40"},"img":{"alt_text":"","src":"","width":0,"height":0},"classes":[]},{"id":122837,"url":"https:\/\/www.24baires.com\/?p=122837","url_meta":{"origin":10831,"position":1},"title":"La Provincia cre\u00f3 el Consejo Portuario","author":"GB","date":"27\/01\/2026","format":false,"excerpt":"El gobierno bonaerense cre\u00f3 un consejo asesor para planificar pol\u00edticas portuarias en la provincia de Buenos Aires. Tras un a\u00f1o de crecimiento y renovaci\u00f3n, el gobierno de la provincia de Buenos Aires cre\u00f3 el Consejo Portuario. El nuevo organismo, que funcionar\u00e1 en la Subsecretar\u00eda de Asuntos Portuarios del Ministerio de\u2026","rel":"","context":"En \u00abProvincia\u00bb","block_context":{"text":"Provincia","link":"https:\/\/www.24baires.com\/?cat=40"},"img":{"alt_text":"","src":"https:\/\/i0.wp.com\/www.24baires.com\/wp-content\/uploads\/2026\/01\/consejo-portuario.jpg?resize=350%2C200","width":350,"height":200,"srcset":"https:\/\/i0.wp.com\/www.24baires.com\/wp-content\/uploads\/2026\/01\/consejo-portuario.jpg?resize=350%2C200 1x, https:\/\/i0.wp.com\/www.24baires.com\/wp-content\/uploads\/2026\/01\/consejo-portuario.jpg?resize=525%2C300 1.5x, https:\/\/i0.wp.com\/www.24baires.com\/wp-content\/uploads\/2026\/01\/consejo-portuario.jpg?resize=700%2C400 2x"},"classes":[]},{"id":26041,"url":"https:\/\/www.24baires.com\/?p=26041","url_meta":{"origin":10831,"position":2},"title":"Puerto Quequ\u00e9n: Breitenstein anunci\u00f3 inversiones","author":"AF","date":"15\/06\/2013","format":false,"excerpt":"El ministro de la Producci\u00f3n, Ciencia y Tecnolog\u00eda, Cristian Breitenstein, anunci\u00f3 este viernes una inversi\u00f3n por 10 millones de d\u00f3lares para el Puerto Quequ\u00e9n, destinada a la instalaci\u00f3n de una terminal de fertilizantes, y destac\u00f3 la adhesi\u00f3n de la unidad portuaria al Plan Estrat\u00e9gico 2013-2020. Breitenstein enfatiz\u00f3 \u201cel crecimiento sustentable\u2026","rel":"","context":"En \u00abLocales\u00bb","block_context":{"text":"Locales","link":"https:\/\/www.24baires.com\/?cat=38"},"img":{"alt_text":"breitenstein quequ\u00e9n","src":"https:\/\/i0.wp.com\/www.24baires.com\/wp-content\/uploads\/2013\/06\/breitenstein-quequ%C3%A9n.png?resize=350%2C200","width":350,"height":200},"classes":[]},{"id":64819,"url":"https:\/\/www.24baires.com\/?p=64819","url_meta":{"origin":10831,"position":3},"title":"Provincia gestiona una soluci\u00f3n por el dragado del Puerto de San Pedro","author":"AF","date":"24\/04\/2015","format":false,"excerpt":"El ministerio de la Producci\u00f3n, Ciencia y Tecnolog\u00eda se reuni\u00f3 con las partes, quienes agradecieron las gestiones gubernamentales por una r\u00e1pida soluci\u00f3n para que vuelvan a ingresar los barcos al Puerto de San Pedro, y las operaciones en la terminal portuaria se retomen con normalidad. De esta manera, el gobierno\u2026","rel":"","context":"En \u00abLocales\u00bb","block_context":{"text":"Locales","link":"https:\/\/www.24baires.com\/?cat=38"},"img":{"alt_text":"","src":"","width":0,"height":0},"classes":[]},{"id":46335,"url":"https:\/\/www.24baires.com\/?p=46335","url_meta":{"origin":10831,"position":4},"title":"Puertos de la Provincia exportar\u00e1n en los pr\u00f3ximos d\u00edas m\u00e1s de un mill\u00f3n de toneladas de soja","author":"AF","date":"20\/05\/2014","format":false,"excerpt":"Los puertos bonaerenses exportar\u00e1n los pr\u00f3ximos d\u00edas un mill\u00f3n cien mil toneladas de soja, en el marco de la gran actividad de cargamento de buques Panamax y Post Panamax iniciada en la Hidrov\u00eda Paran\u00e1 \u2013 Paraguay, que se completa con la oferta de las terminales de Bah\u00eda Blanca y Quequ\u00e9n.\u2026","rel":"","context":"En \u00abProvincia\u00bb","block_context":{"text":"Provincia","link":"https:\/\/www.24baires.com\/?cat=40"},"img":{"alt_text":"puerto","src":"https:\/\/i0.wp.com\/www.24baires.com\/wp-content\/uploads\/2013\/05\/puerto.jpg?resize=350%2C200","width":350,"height":200,"srcset":"https:\/\/i0.wp.com\/www.24baires.com\/wp-content\/uploads\/2013\/05\/puerto.jpg?resize=350%2C200 1x, https:\/\/i0.wp.com\/www.24baires.com\/wp-content\/uploads\/2013\/05\/puerto.jpg?resize=525%2C300 1.5x"},"classes":[]},{"id":522,"url":"https:\/\/www.24baires.com\/?p=522","url_meta":{"origin":10831,"position":5},"title":"Realizar\u00e1n mejoras estructurales en el Puerto San Pedro","author":"Grupo Sierra","date":"26\/09\/2012","format":false,"excerpt":"El Ministro de la Producci\u00f3n, Ciencia y Tecnolog\u00eda, Cristian Breitenstein firm\u00f3 un Convenio con el titular del Consorcio de Gesti\u00f3n Puerto San Pedro, Mariano Veiga, para realizar mejoras estructurales que permitir\u00e1n abordar la b\u00fasqueda de nuevas cargas, por un monto que supera los 15 millones de pesos. Acompa\u00f1ado por el\u2026","rel":"","context":"En \u00abProvincia\u00bb","block_context":{"text":"Provincia","link":"https:\/\/www.24baires.com\/?cat=40"},"img":{"alt_text":"","src":"","width":0,"height":0},"classes":[]}],"jetpack_sharing_enabled":true,"jetpack_likes_enabled":true,"_links":{"self":[{"href":"https:\/\/www.24baires.com\/index.php?rest_route=\/wp\/v2\/posts\/10831","targetHints":{"allow":["GET"]}}],"collection":[{"href":"https:\/\/www.24baires.com\/index.php?rest_route=\/wp\/v2\/posts"}],"about":[{"href":"https:\/\/www.24baires.com\/index.php?rest_route=\/wp\/v2\/types\/post"}],"author":[{"embeddable":true,"href":"https:\/\/www.24baires.com\/index.php?rest_route=\/wp\/v2\/users\/4"}],"replies":[{"embeddable":true,"href":"https:\/\/www.24baires.com\/index.php?rest_route=%2Fwp%2Fv2%2Fcomments&post=10831"}],"version-history":[{"count":2,"href":"https:\/\/www.24baires.com\/index.php?rest_route=\/wp\/v2\/posts\/10831\/revisions"}],"predecessor-version":[{"id":10833,"href":"https:\/\/www.24baires.com\/index.php?rest_route=\/wp\/v2\/posts\/10831\/revisions\/10833"}],"wp:attachment":[{"href":"https:\/\/www.24baires.com\/index.php?rest_route=%2Fwp%2Fv2%2Fmedia&parent=10831"}],"wp:term":[{"taxonomy":"category","embeddable":true,"href":"https:\/\/www.24baires.com\/index.php?rest_route=%2Fwp%2Fv2%2Fcategories&post=10831"},{"taxonomy":"post_tag","embeddable":true,"href":"https:\/\/www.24baires.com\/index.php?rest_route=%2Fwp%2Fv2%2Ftags&post=10831"}],"curies":[{"name":"wp","href":"https:\/\/api.w.org\/{rel}","templated":true}]}}