{"id":10823,"date":"2012-12-29T22:46:37","date_gmt":"2012-12-30T01:46:37","guid":{"rendered":"http:\/\/www.24baires.com\/?p=10823"},"modified":"2012-12-29T23:01:35","modified_gmt":"2012-12-30T02:01:35","slug":"sabbatella-pidio-que-la-justicia-trabaje-sin-parar-para-que-se-resuelva-la-cuestion-de-fondo","status":"publish","type":"post","link":"https:\/\/www.24baires.com\/?p=10823","title":{"rendered":"Sabbatella: que la Justicia \u00abtrabaje sin parar para que se resuelva la cuesti\u00f3n de fondo\u00bb"},"content":{"rendered":"<p><a href=\"http:\/\/www.24baires.com\/medios\/8121-solo-media-empresa-no-quiere-cumplir-la-ley\/attachment\/sabbatella-media-empresa\/\" rel=\"attachment wp-att-8122\"><img data-recalc-dims=\"1\" loading=\"lazy\" decoding=\"async\" class=\"alignleft size-medium wp-image-8122\" alt=\"sabbatella media empresa\" src=\"https:\/\/i0.wp.com\/www.24baires.com\/wp-content\/uploads\/2012\/12\/sabbatella-media-empresa-300x179.jpg?resize=300%2C179\" width=\"300\" height=\"179\" srcset=\"https:\/\/i0.wp.com\/www.24baires.com\/wp-content\/uploads\/2012\/12\/sabbatella-media-empresa.jpg?resize=300%2C179&amp;ssl=1 300w, https:\/\/i0.wp.com\/www.24baires.com\/wp-content\/uploads\/2012\/12\/sabbatella-media-empresa.jpg?w=560&amp;ssl=1 560w\" sizes=\"auto, (max-width: 300px) 100vw, 300px\" \/><\/a>Mart\u00edn Sabbatella se pronunci\u00f3 a favor de que, pese a la feria judicial de enero, en los tribunales \u00abse trabaje sin parar\u00bb para resolver la constitucionalidad de los dos art\u00edculos de la Ley de Medios.<!--more--><br \/>\nAl participar de la edici\u00f3n de fin de a\u00f1o del programa Marca de Radio que conduce Eduardo Aliverti, Sabbatella dijo no tener \u00abmuchas expectativas sobre lo que la C\u00e1mara Civil y Comercial diga\u00bb, por ser uno de espacios judiciales \u00abcolonizados\u00bb por las corporaciones.<\/p>\n<p>\u00abTen\u00edamos un poco m\u00e1s de expectativa -agreg\u00f3-, respecto de lo que la Corte pudiera definir, esper\u00e1bamos una situaci\u00f3n distinta porque esta es una ley debatida, que indiscutiblemente viene a democratizar la palabra, votada por el parlamento nacional y que est\u00e9 suspendida por tres a\u00f1os, nos parece una barbaridad\u00bb.<\/p>\n<p>Para finalizar, Sabbatella reiter\u00f3 que \u00ablos plazos est\u00e1n absolutamente vencidos para la adecuaci\u00f3n voluntaria\u00bb y dijo estar convencido de la constitucionalidad de todos los art\u00edculos de la Ley de Servicios de comunicaci\u00f3n audiovisual.<\/p>\n<p>&nbsp;<\/p>\n<p>&nbsp;<\/p>\n<p>&nbsp;<\/p>\n<p>&nbsp;<\/p>\n<p>&nbsp;<\/p>\n<p>&nbsp;<\/p>\n<p>&nbsp;<\/p>\n<p>&nbsp;<\/p>\n<p>&nbsp;<\/p>\n<p>&nbsp;<\/p>\n<p>&nbsp;<\/p>\n<p>&nbsp;<\/p>\n<p>&nbsp;<\/p>\n<p>&nbsp;<\/p>\n<p>&nbsp;<\/p>\n<p>&nbsp;<\/p>\n<p>&nbsp;<\/p>\n<p>&nbsp;<\/p>\n<p>&nbsp;<\/p>\n<p>&nbsp;<\/p>\n<p>&nbsp;<\/p>\n<p>&nbsp;<\/p>\n<p>&nbsp;<\/p>\n<p>&nbsp;<\/p>\n<p>&nbsp;<\/p>\n<p>&nbsp;<\/p>\n<p>&nbsp;<\/p>\n<p>&nbsp;<\/p>\n<p>&nbsp;<\/p>\n<p>&nbsp;<\/p>\n","protected":false},"excerpt":{"rendered":"<p>Mart\u00edn Sabbatella se pronunci\u00f3 a favor de que, pese a la feria judicial de enero, en los tribunales \u00abse trabaje sin parar\u00bb para resolver la constitucionalidad de los dos art\u00edculos de la Ley de Medios.<\/p>\n","protected":false},"author":4,"featured_media":0,"comment_status":"open","ping_status":"open","sticky":false,"template":"","format":"standard","meta":{"_jetpack_newsletter_access":"","_jetpack_dont_email_post_to_subs":false,"_jetpack_newsletter_tier_id":0,"_jetpack_memberships_contains_paywalled_content":false,"_jetpack_memberships_contains_paid_content":false,"footnotes":""},"categories":[54],"tags":[],"class_list":["post-10823","post","type-post","status-publish","format-standard","hentry","category-medios"],"jetpack_featured_media_url":"","jetpack_shortlink":"https:\/\/wp.me\/p2JWE0-2Oz","jetpack-related-posts":[{"id":104501,"url":"https:\/\/www.24baires.com\/?p=104501","url_meta":{"origin":10823,"position":0},"title":"El macrismo rechaz\u00f3 el proyecto de Emergencia Educativa en Mor\u00f3n","author":"GB","date":"16\/09\/2018","format":false,"excerpt":"La iniciativa hab\u00eda sido presentada por los bloques opositores frente a la crisis de infraestructura en las escuelas. \"La educaci\u00f3n no es prioridad para Tagliaferro\", denunciaron desde el kirchnerismo. Mientras se agudiza el conflicto salarial y edilicio en la provincia de Buenos Aires, Cambiemos vot\u00f3 en contra del proyecto presentado\u2026","rel":"","context":"En \u00abMunicipios\u00bb","block_context":{"text":"Municipios","link":"https:\/\/www.24baires.com\/?cat=44"},"img":{"alt_text":"","src":"https:\/\/i0.wp.com\/www.24baires.com\/wp-content\/uploads\/2018\/03\/tagliaferro.jpg?resize=350%2C200","width":350,"height":200,"srcset":"https:\/\/i0.wp.com\/www.24baires.com\/wp-content\/uploads\/2018\/03\/tagliaferro.jpg?resize=350%2C200 1x, https:\/\/i0.wp.com\/www.24baires.com\/wp-content\/uploads\/2018\/03\/tagliaferro.jpg?resize=525%2C300 1.5x"},"classes":[]},{"id":76858,"url":"https:\/\/www.24baires.com\/?p=76858","url_meta":{"origin":10823,"position":1},"title":"Desalojan la AFSCA y Sabbatella asegur\u00f3 que \u00abimplica la suspensi\u00f3n de la Ley de Medios\u00bb","author":"Grupo Sierra","date":"24\/12\/2015","format":false,"excerpt":"Fue dispuesto por el juez Juli\u00e1n Ercolini y lo encabezan efectivos de la Polic\u00eda Federal. Su titular, Mart\u00edn Sabbatella, asegur\u00f3 que cumplir\u00e1 la orden judicial que dispone el desalojo del organismo. Efectivos de la Polic\u00eda Federal iniciaron este jueves por la tarde el allanamiento dispuesto por el juez Juli\u00e1n Ercolini\u2026","rel":"","context":"En \u00abMedios\u00bb","block_context":{"text":"Medios","link":"https:\/\/www.24baires.com\/?cat=54"},"img":{"alt_text":"sabbatella","src":"https:\/\/i0.wp.com\/www.24baires.com\/wp-content\/uploads\/2013\/10\/sabbatella.jpg?resize=350%2C200","width":350,"height":200,"srcset":"https:\/\/i0.wp.com\/www.24baires.com\/wp-content\/uploads\/2013\/10\/sabbatella.jpg?resize=350%2C200 1x, https:\/\/i0.wp.com\/www.24baires.com\/wp-content\/uploads\/2013\/10\/sabbatella.jpg?resize=525%2C300 1.5x"},"classes":[]},{"id":76835,"url":"https:\/\/www.24baires.com\/?p=76835","url_meta":{"origin":10823,"position":2},"title":"Sabbatella: \u00abAbandonar\u00e9 el cargo si la Justicia as\u00ed lo resuelve\u00bb","author":"AF","date":"24\/12\/2015","format":false,"excerpt":"As\u00ed lo asegur\u00f3 el desplazado titular de Afsca, quien inst\u00f3 a que el Poder Judicial \"resuelva este conflicto de poderes. Est\u00e1n violando la divisi\u00f3n de poderes\". El presidente de AFSCA, Mart\u00edn Sabbatella, se refiri\u00f3 hoy a la intervenci\u00f3n del ente por parte del Estado y explic\u00f3: \u201cPresentamos una medida cautelar\u2026","rel":"","context":"En \u00abJUDICIALES\u00bb","block_context":{"text":"JUDICIALES","link":"https:\/\/www.24baires.com\/?cat=68"},"img":{"alt_text":"sabbatella","src":"https:\/\/i0.wp.com\/www.24baires.com\/wp-content\/uploads\/2013\/10\/sabbatella.jpg?resize=350%2C200","width":350,"height":200,"srcset":"https:\/\/i0.wp.com\/www.24baires.com\/wp-content\/uploads\/2013\/10\/sabbatella.jpg?resize=350%2C200 1x, https:\/\/i0.wp.com\/www.24baires.com\/wp-content\/uploads\/2013\/10\/sabbatella.jpg?resize=525%2C300 1.5x"},"classes":[]},{"id":58485,"url":"https:\/\/www.24baires.com\/?p=58485","url_meta":{"origin":10823,"position":3},"title":"Sabbatella dijo que la Justicia \u00able ata las manos\u00bb ante la Ley de Medios","author":"Grupo Sierra","date":"11\/12\/2014","format":false,"excerpt":"El titular de la Afsca manifest\u00f3 su desacuerdo con la nueva cautelar que detiene el proceso de adecuaci\u00f3n de oficio del Grupo Clar\u00edn. Mart\u00edn Sabbatella, critic\u00f3 la cautelar dictada por el juez federal Horacio Alfonso que suspende la adecuaci\u00f3n de oficio del Grupo Clar\u00edn durante seis meses -y que fue\u2026","rel":"","context":"En \u00abJUDICIALES\u00bb","block_context":{"text":"JUDICIALES","link":"https:\/\/www.24baires.com\/?cat=68"},"img":{"alt_text":"sabbatella mendoza","src":"https:\/\/i0.wp.com\/www.24baires.com\/wp-content\/uploads\/2012\/11\/sabbatella-mendoza.jpg?resize=350%2C200","width":350,"height":200,"srcset":"https:\/\/i0.wp.com\/www.24baires.com\/wp-content\/uploads\/2012\/11\/sabbatella-mendoza.jpg?resize=350%2C200 1x, https:\/\/i0.wp.com\/www.24baires.com\/wp-content\/uploads\/2012\/11\/sabbatella-mendoza.jpg?resize=525%2C300 1.5x"},"classes":[]},{"id":22591,"url":"https:\/\/www.24baires.com\/?p=22591","url_meta":{"origin":10823,"position":4},"title":"\u00abCuando otro relator de la ONU se pronunci\u00f3 a favor de la Ley de Medios, Clar\u00edn lo ignor\u00f3\u00bb","author":"Grupo Sierra","date":"03\/05\/2013","format":false,"excerpt":"El Presidente de la Afsca, Mart\u00edn Sabbatella, critic\u00f3 al Grupo Clar\u00edn por \"ignorar\" al relator de la Libertad de Expresi\u00f3n de la Naciones Unidas, Frank La Rue, cuando se expres\u00f3 a favor de la ley de medios, en contraste con el lugar otorgado en estos d\u00edas a la encargada de\u2026","rel":"","context":"En \u00abPol\u00edtica\u00bb","block_context":{"text":"Pol\u00edtica","link":"https:\/\/www.24baires.com\/?cat=51"},"img":{"alt_text":"sabbatella","src":"https:\/\/i0.wp.com\/www.24baires.com\/wp-content\/uploads\/2012\/09\/sabbatella.jpg?resize=350%2C200","width":350,"height":200,"srcset":"https:\/\/i0.wp.com\/www.24baires.com\/wp-content\/uploads\/2012\/09\/sabbatella.jpg?resize=350%2C200 1x, https:\/\/i0.wp.com\/www.24baires.com\/wp-content\/uploads\/2012\/09\/sabbatella.jpg?resize=525%2C300 1.5x"},"classes":[]},{"id":77506,"url":"https:\/\/www.24baires.com\/?p=77506","url_meta":{"origin":10823,"position":5},"title":"El macrismo proh\u00edbe la entrada de Sabbatella a la AFSCA","author":"AF","date":"12\/01\/2016","format":false,"excerpt":"El titular de la Autoridad Federal de Servicios de Comunicaci\u00f3n Audiovisual intent\u00f3 regresar a su oficina luego de que dos jueces aceptaran los amparos presentados contra el decreto presidencial que modifica la norma. La infanter\u00eda, apostada frente al edificio, aleg\u00f3 que ten\u00eda \u00f3rdenes del nuevo interventor de no dejarlo entrar.\u2026","rel":"","context":"En \u00abJUDICIALES\u00bb","block_context":{"text":"JUDICIALES","link":"https:\/\/www.24baires.com\/?cat=68"},"img":{"alt_text":"sabbatella media empresa","src":"https:\/\/i0.wp.com\/www.24baires.com\/wp-content\/uploads\/2012\/12\/sabbatella-media-empresa.jpg?resize=350%2C200","width":350,"height":200,"srcset":"https:\/\/i0.wp.com\/www.24baires.com\/wp-content\/uploads\/2012\/12\/sabbatella-media-empresa.jpg?resize=350%2C200 1x, https:\/\/i0.wp.com\/www.24baires.com\/wp-content\/uploads\/2012\/12\/sabbatella-media-empresa.jpg?resize=525%2C300 1.5x"},"classes":[]}],"jetpack_sharing_enabled":true,"jetpack_likes_enabled":true,"_links":{"self":[{"href":"https:\/\/www.24baires.com\/index.php?rest_route=\/wp\/v2\/posts\/10823","targetHints":{"allow":["GET"]}}],"collection":[{"href":"https:\/\/www.24baires.com\/index.php?rest_route=\/wp\/v2\/posts"}],"about":[{"href":"https:\/\/www.24baires.com\/index.php?rest_route=\/wp\/v2\/types\/post"}],"author":[{"embeddable":true,"href":"https:\/\/www.24baires.com\/index.php?rest_route=\/wp\/v2\/users\/4"}],"replies":[{"embeddable":true,"href":"https:\/\/www.24baires.com\/index.php?rest_route=%2Fwp%2Fv2%2Fcomments&post=10823"}],"version-history":[{"count":2,"href":"https:\/\/www.24baires.com\/index.php?rest_route=\/wp\/v2\/posts\/10823\/revisions"}],"predecessor-version":[{"id":10830,"href":"https:\/\/www.24baires.com\/index.php?rest_route=\/wp\/v2\/posts\/10823\/revisions\/10830"}],"wp:attachment":[{"href":"https:\/\/www.24baires.com\/index.php?rest_route=%2Fwp%2Fv2%2Fmedia&parent=10823"}],"wp:term":[{"taxonomy":"category","embeddable":true,"href":"https:\/\/www.24baires.com\/index.php?rest_route=%2Fwp%2Fv2%2Fcategories&post=10823"},{"taxonomy":"post_tag","embeddable":true,"href":"https:\/\/www.24baires.com\/index.php?rest_route=%2Fwp%2Fv2%2Ftags&post=10823"}],"curies":[{"name":"wp","href":"https:\/\/api.w.org\/{rel}","templated":true}]}}