{"id":1082,"date":"2012-10-05T11:29:34","date_gmt":"2012-10-05T14:29:34","guid":{"rendered":"http:\/\/www.24baires.com\/?p=1082"},"modified":"2012-10-05T11:39:51","modified_gmt":"2012-10-05T14:39:51","slug":"se-inaugura-hoy-expo-diseno-tandil","status":"publish","type":"post","link":"https:\/\/www.24baires.com\/?p=1082","title":{"rendered":"Se inaugura hoy Expo Dise\u00f1o Tandil"},"content":{"rendered":"<p><img data-recalc-dims=\"1\" loading=\"lazy\" decoding=\"async\" class=\"size-full wp-image-1088 alignleft\" title=\"expodise\u00f1otandil12\" src=\"https:\/\/i0.wp.com\/www.24baires.com\/wp-content\/uploads\/2012\/10\/expodise%C3%B1otandil12.jpg?resize=263%2C324\" alt=\"\" width=\"263\" height=\"324\" srcset=\"https:\/\/i0.wp.com\/www.24baires.com\/wp-content\/uploads\/2012\/10\/expodise%C3%B1otandil12.jpg?w=263&amp;ssl=1 263w, https:\/\/i0.wp.com\/www.24baires.com\/wp-content\/uploads\/2012\/10\/expodise%C3%B1otandil12.jpg?resize=243%2C300&amp;ssl=1 243w\" sizes=\"auto, (max-width: 263px) 100vw, 263px\" \/>Expo Dise\u00f1o Tandil es una muestra de dise\u00f1o que propone diferentes espacios y actividades para la promoci\u00f3n de marcas, productos y servicios, abre sus puertas al p\u00fablico a partir del s\u00e1bado 6 de octubre.<\/p>\n<p>Los espacios y actividades para esta edici\u00f3n son: Shows, Desfiles, Est\u00e9tica, Casa Deco, Ambientaci\u00f3n, Regionales, Paseo de compras, Gastronom\u00eda, Deco Jard\u00edn, Arquitectura Sustentable, Paisajismo, Test Drive\u00a0 y Refugio de Aves entre otras.<!--more--><\/p>\n<p>El viernes 5 se realizar\u00e1 la inauguraci\u00f3n para los medios de prensa desde las 21:30hs, el s\u00e1bado 6 abre sus puertas a todo el p\u00fablico a partir de las 10:30hs.<\/p>\n<p>&nbsp;<\/p>\n<p>&nbsp;<\/p>\n<div><\/div>\n","protected":false},"excerpt":{"rendered":"<p>Expo Dise\u00f1o Tandil es una muestra de dise\u00f1o que propone diferentes espacios y actividades para la promoci\u00f3n de marcas, productos y servicios, abre sus puertas al p\u00fablico a partir del s\u00e1bado 6 de octubre. Los espacios y actividades para esta edici\u00f3n son: Shows, Desfiles, Est\u00e9tica, Casa Deco, Ambientaci\u00f3n, Regionales, Paseo de compras, Gastronom\u00eda, Deco Jard\u00edn, Arquitectura Sustentable, Paisajismo, Test Drive\u00a0 [&#8230;]<\/p>\n","protected":false},"author":4,"featured_media":0,"comment_status":"open","ping_status":"open","sticky":false,"template":"","format":"standard","meta":{"_jetpack_newsletter_access":"","_jetpack_dont_email_post_to_subs":false,"_jetpack_newsletter_tier_id":0,"_jetpack_memberships_contains_paywalled_content":false,"_jetpack_memberships_contains_paid_content":false,"footnotes":""},"categories":[1],"tags":[],"class_list":["post-1082","post","type-post","status-publish","format-standard","hentry","category-sociedad"],"jetpack_featured_media_url":"","jetpack_shortlink":"https:\/\/wp.me\/p2JWE0-hs","jetpack-related-posts":[{"id":48446,"url":"https:\/\/www.24baires.com\/?p=48446","url_meta":{"origin":1082,"position":0},"title":"Chascom\u00fas lanza un programa para vacaciones de invierno","author":"Grupo Sierra","date":"21\/06\/2014","format":false,"excerpt":"El fin de semana del 26 y 27 de julio se realizar\u00e1 la Expo Coleccionistas en el Sal\u00f3n de los Espejos del Palacio, evento que reunir\u00e1 los aficionados de monedas, juguetes, antig\u00fcedades y los m\u00e1s diversos objetos. Tambi\u00e9n habr\u00e1 exposiciones de fotograf\u00edas, dise\u00f1o, vestimenta, decoraci\u00f3n, accesorios, entre otros. -La Secretar\u00eda\u2026","rel":"","context":"En \u00abLocales\u00bb","block_context":{"text":"Locales","link":"https:\/\/www.24baires.com\/?cat=38"},"img":{"alt_text":"iglesia chascomus","src":"https:\/\/i0.wp.com\/www.24baires.com\/wp-content\/uploads\/2014\/03\/iglesia-chascomus.jpg?resize=350%2C200","width":350,"height":200,"srcset":"https:\/\/i0.wp.com\/www.24baires.com\/wp-content\/uploads\/2014\/03\/iglesia-chascomus.jpg?resize=350%2C200 1x, https:\/\/i0.wp.com\/www.24baires.com\/wp-content\/uploads\/2014\/03\/iglesia-chascomus.jpg?resize=525%2C300 1.5x"},"classes":[]},{"id":31993,"url":"https:\/\/www.24baires.com\/?p=31993","url_meta":{"origin":1082,"position":1},"title":"Realizaron en Azul la 1\u00aa Expo de Mujeres empresarias","author":"AF","date":"17\/09\/2013","format":false,"excerpt":"El evento se realiz\u00f3 el pasado domingo y cont\u00f3 con m\u00e1s de 50 stands que dieron cuenta de las distintas actividades realizadas en la zona. Las emprendedoras exhibieron, entre otros productos, Objetos de dise\u00f1o, Salud y deporte, Artesan\u00edas, Moda, Decoraci\u00f3n Interior, Accesorios, Regaler\u00eda, Casa y Jard\u00edn, Cocina, Servicios para eventos\u2026","rel":"","context":"En \u00abLocales\u00bb","block_context":{"text":"Locales","link":"https:\/\/www.24baires.com\/?cat=38"},"img":{"alt_text":"expo mujeres olavarr\u00eda","src":"https:\/\/i0.wp.com\/www.24baires.com\/wp-content\/uploads\/2013\/09\/expo-mujeres-olavarr%C3%ADa.jpg?resize=350%2C200","width":350,"height":200,"srcset":"https:\/\/i0.wp.com\/www.24baires.com\/wp-content\/uploads\/2013\/09\/expo-mujeres-olavarr%C3%ADa.jpg?resize=350%2C200 1x, https:\/\/i0.wp.com\/www.24baires.com\/wp-content\/uploads\/2013\/09\/expo-mujeres-olavarr%C3%ADa.jpg?resize=525%2C300 1.5x"},"classes":[]},{"id":39960,"url":"https:\/\/www.24baires.com\/?p=39960","url_meta":{"origin":1082,"position":2},"title":"Maip\u00fa realizar\u00e1 la primera Expo Miel de la zona","author":"Grupo Sierra","date":"06\/02\/2014","format":false,"excerpt":"La primera edici\u00f3n se realizar\u00e1 del viernes 9 al domingo 11 de mayo de 2014 en el predio de la Asociaci\u00f3n Rural con el objetivo de acompa\u00f1ar e incrementar el inter\u00e9s por el potencial ap\u00edcola de la Cuenca del Salado. Maip\u00fa suma una nueva exposici\u00f3n de est\u00edmulo a la producci\u00f3n\u2026","rel":"","context":"En \u00abLocales\u00bb","block_context":{"text":"Locales","link":"https:\/\/www.24baires.com\/?cat=38"},"img":{"alt_text":"","src":"","width":0,"height":0},"classes":[]},{"id":9430,"url":"https:\/\/www.24baires.com\/?p=9430","url_meta":{"origin":1082,"position":3},"title":"Culmin\u00f3 con \u00e9xito la 3\u00aa Expo Espacio Creativo en Necochea","author":"AF","date":"17\/12\/2012","format":false,"excerpt":"Con la presencia de veinticinco expositores se realiz\u00f3 la Tercera Expo Espacio Creativo en las instalaciones del Centro Cultural Municipal, ubicado en calle 62, entre 43 y 45 de Necochea. Sus organizadoras Melisa Galli y Paula Navarro, indicaron que \u201cse pudo ver dise\u00f1o independiente, tejido, indumentaria, producciones en decoupage, pinturas,\u2026","rel":"","context":"En \u00abLocales\u00bb","block_context":{"text":"Locales","link":"https:\/\/www.24baires.com\/?cat=38"},"img":{"alt_text":"","src":"","width":0,"height":0},"classes":[]},{"id":116513,"url":"https:\/\/www.24baires.com\/?p=116513","url_meta":{"origin":1082,"position":4},"title":"Tandil ingresa al \u00abEstad\u00edo Rojo\u00bb para extremar medidas por el coronavirus","author":"GB","date":"21\/10\/2020","format":false,"excerpt":"Tandil anunci\u00f3 que a partir del mi\u00e9rcoles pasar\u00e1 al \"Estad\u00edo Rojo\" del sistema integral para enfrentar la pandemia de coronavirus, de acuerdo a la determinaci\u00f3n adoptada por el Comit\u00e9 de Seguimiento del Covid-19. La medida, adoptada tras evaluarse la situaci\u00f3n sanitaria y los principales indicadores, regir\u00e1 en principio hasta el\u2026","rel":"","context":"En \u00abMunicipios\u00bb","block_context":{"text":"Municipios","link":"https:\/\/www.24baires.com\/?cat=44"},"img":{"alt_text":"","src":"https:\/\/i0.wp.com\/www.24baires.com\/wp-content\/uploads\/2020\/08\/comercio-pandemia.jpeg?resize=350%2C200","width":350,"height":200,"srcset":"https:\/\/i0.wp.com\/www.24baires.com\/wp-content\/uploads\/2020\/08\/comercio-pandemia.jpeg?resize=350%2C200 1x, https:\/\/i0.wp.com\/www.24baires.com\/wp-content\/uploads\/2020\/08\/comercio-pandemia.jpeg?resize=525%2C300 1.5x"},"classes":[]},{"id":33376,"url":"https:\/\/www.24baires.com\/?p=33376","url_meta":{"origin":1082,"position":5},"title":"Arranc\u00f3 este viernes la Expo Olavarr\u00eda","author":"AF","date":"11\/10\/2013","format":false,"excerpt":"La muestra abrir\u00e1 sus puertas desde este viernes hasta el lunes. Habr\u00e1 casi 200 stands para recorrer. Como atracci\u00f3n, el cierre musical ser\u00e1 con Carlos Ram\u00f3n Fern\u00e1ndez junto a los Huella Pampa. Como ya es tradicional cada a\u00f1o, se puso en marcha hoy una nueva edici\u00f3n de la Expo Olavarr\u00eda.\u2026","rel":"","context":"En \u00abLocales\u00bb","block_context":{"text":"Locales","link":"https:\/\/www.24baires.com\/?cat=38"},"img":{"alt_text":"expo olavarr\u00eda","src":"https:\/\/i0.wp.com\/www.24baires.com\/wp-content\/uploads\/2013\/10\/expo-olavarr%C3%ADa.jpg?resize=350%2C200","width":350,"height":200,"srcset":"https:\/\/i0.wp.com\/www.24baires.com\/wp-content\/uploads\/2013\/10\/expo-olavarr%C3%ADa.jpg?resize=350%2C200 1x, https:\/\/i0.wp.com\/www.24baires.com\/wp-content\/uploads\/2013\/10\/expo-olavarr%C3%ADa.jpg?resize=525%2C300 1.5x"},"classes":[]}],"jetpack_sharing_enabled":true,"jetpack_likes_enabled":true,"_links":{"self":[{"href":"https:\/\/www.24baires.com\/index.php?rest_route=\/wp\/v2\/posts\/1082","targetHints":{"allow":["GET"]}}],"collection":[{"href":"https:\/\/www.24baires.com\/index.php?rest_route=\/wp\/v2\/posts"}],"about":[{"href":"https:\/\/www.24baires.com\/index.php?rest_route=\/wp\/v2\/types\/post"}],"author":[{"embeddable":true,"href":"https:\/\/www.24baires.com\/index.php?rest_route=\/wp\/v2\/users\/4"}],"replies":[{"embeddable":true,"href":"https:\/\/www.24baires.com\/index.php?rest_route=%2Fwp%2Fv2%2Fcomments&post=1082"}],"version-history":[{"count":0,"href":"https:\/\/www.24baires.com\/index.php?rest_route=\/wp\/v2\/posts\/1082\/revisions"}],"wp:attachment":[{"href":"https:\/\/www.24baires.com\/index.php?rest_route=%2Fwp%2Fv2%2Fmedia&parent=1082"}],"wp:term":[{"taxonomy":"category","embeddable":true,"href":"https:\/\/www.24baires.com\/index.php?rest_route=%2Fwp%2Fv2%2Fcategories&post=1082"},{"taxonomy":"post_tag","embeddable":true,"href":"https:\/\/www.24baires.com\/index.php?rest_route=%2Fwp%2Fv2%2Ftags&post=1082"}],"curies":[{"name":"wp","href":"https:\/\/api.w.org\/{rel}","templated":true}]}}